{"id":33500,"date":"2024-12-23T15:54:15","date_gmt":"2024-12-23T12:54:15","guid":{"rendered":"http:\/\/akdenizolaygazetesi.com\/?p=33500"},"modified":"2024-12-23T15:54:15","modified_gmt":"2024-12-23T12:54:15","slug":"il-milli-egitim-muduru-fazilet-durmusun-kapsamli-gulnar-ziyareti","status":"publish","type":"post","link":"https:\/\/akdenizolaygazetesi.com\/?p=33500","title":{"rendered":"\u0130L M\u0130LL\u00ce E\u011e\u0130T\u0130M M\u00dcD\u00dcR\u00dc FAZ\u0130LET DURMU\u015e&#8217;UN KAPSAMLI G\u00dcLNAR Z\u0130YARET\u0130"},"content":{"rendered":"<p>\u0130l Milli E\u011fitim M\u00fcd\u00fcr\u00fc Fazilet Durmu\u015f, G\u00fclnar il\u00e7esindeki e\u011fitim \u00f6\u011fretim s\u00fcre\u00e7lerini yak\u0131ndan takip etmek ve e\u011fitim camias\u0131yla bir araya gelmek \u00fczere kapsaml\u0131 bir ziyaret program\u0131 ger\u00e7ekle\u015ftirdi.<\/p>\n<p>Fazilet Durmu\u015f, G\u00fclnar program\u0131na G\u00fclnar Kaymakam\u0131m\u0131z Say\u0131n Yusuf Ziya Yakt\u0131&#8217;y\u0131 makam\u0131nda ziyaret ederek ba\u015flad\u0131. Kaymakaml\u0131k ziyaretinin ard\u0131ndan G\u00fclnar Belediye Ba\u015fkan\u0131 Fatih \u00d6nge&#8217;yi makam\u0131nda ziyaret etti. Fatih \u00d6nge, G\u00fclnar Belediye Meclisinin oy birli\u011fi ile ald\u0131\u011f\u0131 kararla \u0130l Mill\u00ee E\u011fitim M\u00fcd\u00fcr\u00fc Fazilet Durmu\u015f&#8217;a Fahri Hem\u015fehri Berat\u0131 takdim etti. Berat\u0131n takdiminde duygular\u0131n\u0131 dile getiren Fazilet Durmu\u015f: &#8220;Tarsus&#8217;tan Anamur&#8217;a kadar geldi\u011fim g\u00fcnden beri \u015fahs\u0131m\u0131 kendilerinden ay\u0131rmayan, beni t\u00fcm y\u00f6r\u00fck samimiyetleriyle ba\u011f\u0131rlar\u0131na basan t\u00fcm Mersinlilere y\u00fcrekten te\u015fekk\u00fcr ediyorum. G\u00f6n\u00fclden g\u00f6n\u00fcle bir yol vard\u0131r g\u00f6r\u00fcnmez.&#8221; dedi.<\/p>\n<p>Ziyaret vesilesiyle yap\u0131lan g\u00f6r\u00fc\u015fmelerde il\u00e7edeki e\u011fitim \u00f6\u011fretim ve kalk\u0131nma faaliyetlerine dair fikir al\u0131\u015fveri\u015finde bulunuldu.<\/p>\n<p>Ziyaretlerin devam\u0131nda G\u00fclnar Proje Anadolu \u0130mam Hatip Lisesinde y\u00fcr\u00fct\u00fclen &#8220;Dilimizin Zenginlikleri&#8221; projesi \u00e7er\u00e7evesindeki etkinliklere kat\u0131lan Fazilet Durmu\u015f, \u00f6\u011frencilerle  T\u00fcrk\u00e7enin derinliklerini ele alan sohbet ger\u00e7ekle\u015ftirdi. Etkinli\u011fin devam\u0131nda evde e\u011fitim alan \u00f6\u011frencimiz Nermin Aktar&#8217;\u0131 evinde ziyaret ederek dersine e\u015flik etti ve aile ile sohbet etti. <\/p>\n<p>Fazilet Durmu\u015f, mesafe fark etmeksizin t\u00fcm \u00f6\u011frenci ve velilerimizle her zaman bir araya gelmeye devam edeceklerini ifade etti. <\/p>\n<p>Ard\u0131ndan evi yanan \u00f6\u011fretmenimiz \u00d6mer Ali Kart&#8217;a ge\u00e7mi\u015f olsun ziyaretinde bulunan Fazilet Durmu\u015f, zor g\u00fcnlerde dayan\u0131\u015fma i\u00e7inde olunmas\u0131n\u0131n \u00f6nemine dikkat \u00e7ekti.<\/p>\n<p>Fazilet Durmu\u015f, ziyaretlerinin devam\u0131nda Cumhuriyet Yat\u0131l\u0131 B\u00f6lge Ortaokulunda bayan \u00f6\u011fretmen ve velilerin d\u00fczenledi\u011fi \u00e7ay etkinli\u011fine kat\u0131larak, veli-\u00f6\u011fretmen i\u015f birli\u011fini g\u00fc\u00e7lendirmeye y\u00f6nelik \u00e7al\u0131\u015fmalar \u00fczerine sohbet etti. Ziyarette Fazilet Durmu\u015f&#8217;a bir \u00f6nceki ziyaretinde G\u00fclnar&#8217;da \u00e7ekilmi\u015f oldu\u011fu bir foto\u011fraf\u0131 hediye edildi. Ziyaretin ilk g\u00fcn\u00fc, Fazilet Durmu\u015f&#8217;un G\u00fclnar Anadolu Lisesi k\u0131z pansiyonunda \u00f6\u011frencilerle bir araya gelmesinin ard\u0131ndan sona erdi.<\/p>\n<p>Ziyaretin ikinci g\u00fcn\u00fcnde Fazilet Durmu\u015f, G\u00fclnar Mesleki ve Teknik Anadolu Lisesi \u00f6\u011frencileriyle staj yapt\u0131klar\u0131 i\u015f yerlerinde bir araya gelerek, ustalarla birlikte kahvalt\u0131ya kat\u0131ld\u0131. Kahvalt\u0131da, mesleki e\u011fitimin g\u00fc\u00e7lendirilmesine y\u00f6nelik de\u011ferlendirmelerde bulunuldu. <\/p>\n<p>Devam\u0131nda Kuskan&#8217;da K\u00f6y Ya\u015fam Merkezi&#8217;ni ziyaret eden Durmu\u015f, y\u00f6re halk\u0131yla sohbet ederek dokuma tezgahlar\u0131ndaki \u00fcr\u00fcnleri inceledi. Konar-g\u00f6\u00e7er bir aileyi ziyaret ederek k\u00fclt\u00fcrel miras\u0131n \u00f6nemini vurgulayan Durmu\u015f, bu t\u00fcr ziyaretlerin \u00e7ocuklar\u0131n e\u011fitimine de katk\u0131 sa\u011flad\u0131\u011f\u0131n\u0131 belirtti.<\/p>\n<p>G\u00fclnar ziyaretleri boyunca \u0130l Mill\u00ee E\u011fitim M\u00fcd\u00fcr\u00fc Fazilet Durmu\u015f&#8217;a, \u0130l Mill\u00ee E\u011fitim M\u00fcd\u00fcr Yard\u0131mc\u0131s\u0131 Fatih Bur\u011fut, \u0130l\u00e7e Mill\u00ee E\u011fitim M\u00fcd\u00fcr\u00fc H\u00fcseyin Kadim ve il\u00e7e protokol\u00fc e\u015flik etti.<\/p>\n","protected":false},"excerpt":{"rendered":"<p>\u0130l Milli E\u011fitim M\u00fcd\u00fcr\u00fc Fazilet Durmu\u015f, G\u00fclnar il\u00e7esindeki e\u011fitim \u00f6\u011fretim s\u00fcre\u00e7lerini yak\u0131ndan takip etmek ve e\u011fitim camias\u0131yla bir araya gelmek \u00fczere kapsaml\u0131 bir ziyaret program\u0131 ger\u00e7ekle\u015ftirdi. Fazilet Durmu\u015f, G\u00fclnar program\u0131na &hellip; <a href=\"https:\/\/akdenizolaygazetesi.com\/?p=33500\" class=\"more-link\">Devam\u0131n\u0131 Oku&#8230;<\/a><\/p>\n","protected":false},"author":2,"featured_media":33501,"comment_status":"open","ping_status":"open","sticky":false,"template":"","format":"standard","meta":[],"categories":[1,2,3],"tags":[],"_links":{"self":[{"href":"https:\/\/akdenizolaygazetesi.com\/index.php?rest_route=\/wp\/v2\/posts\/33500"}],"collection":[{"href":"https:\/\/akdenizolaygazetesi.com\/index.php?rest_route=\/wp\/v2\/posts"}],"about":[{"href":"https:\/\/akdenizolaygazetesi.com\/index.php?rest_route=\/wp\/v2\/types\/post"}],"author":[{"embeddable":true,"href":"https:\/\/akdenizolaygazetesi.com\/index.php?rest_route=\/wp\/v2\/users\/2"}],"replies":[{"embeddable":true,"href":"https:\/\/akdenizolaygazetesi.com\/index.php?rest_route=%2Fwp%2Fv2%2Fcomments&post=33500"}],"version-history":[{"count":1,"href":"https:\/\/akdenizolaygazetesi.com\/index.php?rest_route=\/wp\/v2\/posts\/33500\/revisions"}],"predecessor-version":[{"id":33502,"href":"https:\/\/akdenizolaygazetesi.com\/index.php?rest_route=\/wp\/v2\/posts\/33500\/revisions\/33502"}],"wp:featuredmedia":[{"embeddable":true,"href":"https:\/\/akdenizolaygazetesi.com\/index.php?rest_route=\/wp\/v2\/media\/33501"}],"wp:attachment":[{"href":"https:\/\/akdenizolaygazetesi.com\/index.php?rest_route=%2Fwp%2Fv2%2Fmedia&parent=33500"}],"wp:term":[{"taxonomy":"category","embeddable":true,"href":"https:\/\/akdenizolaygazetesi.com\/index.php?rest_route=%2Fwp%2Fv2%2Fcategories&post=33500"},{"taxonomy":"post_tag","embeddable":true,"href":"https:\/\/akdenizolaygazetesi.com\/index.php?rest_route=%2Fwp%2Fv2%2Ftags&post=33500"}],"curies":[{"name":"wp","href":"https:\/\/api.w.org\/{rel}","templated":true}]}}