{"id":33593,"date":"2024-12-27T16:30:01","date_gmt":"2024-12-27T13:30:01","guid":{"rendered":"http:\/\/akdenizolaygazetesi.com\/?p=33593"},"modified":"2024-12-27T16:30:01","modified_gmt":"2024-12-27T13:30:01","slug":"mersin-iklim-degisikligi-risk-ve-kirilganlik-analiz-raporu-buyuksehirin-web-sayfasinda-yerini-aldi","status":"publish","type":"post","link":"https:\/\/akdenizolaygazetesi.com\/?p=33593","title":{"rendered":"MERS\u0130N \u0130KL\u0130M DE\u011e\u0130\u015e\u0130KL\u0130\u011e\u0130 R\u0130SK VE KIRILGANLIK ANAL\u0130Z RAPORU B\u00dcY\u00dcK\u015eEH\u0130R&#8217;\u0130N WEB SAYFASINDA YER\u0130N\u0130 ALDI"},"content":{"rendered":"<p>Mersin B\u00fcy\u00fck\u015fehir Belediyesi \u0130klim De\u011fi\u015fikli\u011fi ve S\u0131f\u0131r At\u0131k Dairesi taraf\u0131ndan &#8216;Mersin S\u00fcrd\u00fcr\u00fclebilir Enerji ve \u0130klim Eylem Plan\u0131&#8217; (SECAP) haz\u0131rland\u0131. Yerel y\u00f6netimlerin s\u00fcrd\u00fcr\u00fclebilir enerji kullan\u0131m\u0131 ve iklim de\u011fi\u015fikli\u011fiyle m\u00fccadelede somut ad\u0131mlar at\u0131lmas\u0131n\u0131 sa\u011flamay\u0131 ama\u00e7layan SECAP \u00e7al\u0131\u015fmas\u0131 sonucunda, Mersin&#8217;de 2019-2021 sera gaz\u0131 emisyonlar\u0131n\u0131n y\u00fczde 45 konut ve hizmet binalar\u0131, y\u00fczde 24 ula\u015f\u0131m ve y\u00fczde 22&#8217;sinin end\u00fcstriyel s\u00fcre\u00e7ler ile \u00fcr\u00fcnlerden kaynakland\u0131\u011f\u0131 tespit edildi. Ki\u015fi ba\u015f\u0131 d\u00fc\u015fen emisyonlar a\u00e7\u0131s\u0131ndan de\u011ferlendirildi\u011finde; Mersin \u00f6zelindeki toplam sera gaz\u0131 emisyonlar\u0131n\u0131n, T\u00fcrkiye toplam sera gaz\u0131 emisyonlar\u0131n\u0131n yakla\u015f\u0131k y\u00fczde 3,1&#8217;ini olu\u015fturdu\u011fu g\u00f6r\u00fcld\u00fc. B\u00fcy\u00fck\u015fehir Belediyesi; eylem plan\u0131 \u00e7al\u0131\u015fma sonras\u0131, eylem plan\u0131nda belirtilen uyum ve azalt\u0131m faaliyetlerinin uygulanma ve izlenme \u00e7al\u0131\u015fmalar\u0131na ba\u015flad\u0131.<\/p>\n<p>Mersin B\u00fcy\u00fck\u015fehir Belediyesi \u0130klim De\u011fi\u015fikli\u011fi ve S\u0131f\u0131r At\u0131k Dairesi Ba\u015fkanl\u0131\u011f\u0131&#8217;n\u0131n, Haziran 2022&#8217;de T\u00dcB\u0130TAK-MAM ile y\u00fcr\u00fctmeye ba\u015flad\u0131\u011f\u0131 &#8216;Mersin S\u00fcrd\u00fcr\u00fclebilir Enerji ve \u0130klim Eylem Plan\u0131&#8217; (SECAP) haz\u0131rland\u0131. Belediye Ba\u015fkanlar\u0131 S\u00f6zle\u015fmesi giri\u015fimi \u00e7er\u00e7evesinde olu\u015fturulan bir planlama ve uygulama mekanizmas\u0131 olan SECAP, yerel y\u00f6netimlerin s\u00fcrd\u00fcr\u00fclebilir enerji kullan\u0131m\u0131 ve iklim de\u011fi\u015fikli\u011fiyle m\u00fccadelede somut ad\u0131mlar atmas\u0131n\u0131 sa\u011flamay\u0131 ama\u00e7l\u0131yor.<\/p>\n<p>B\u00fcy\u00fck\u015fehir Belediyesi taraf\u0131ndan tamamlanan SECAP \u00e7al\u0131\u015fmas\u0131 sonucunda; 2019-2021 sera gaz\u0131 emisyonlar\u0131n\u0131n y\u00fczde 45 konut ve hizmet binalar\u0131, y\u00fczde 24 ula\u015f\u0131m ve y\u00fczde 22&#8217;sinin end\u00fcstriyel s\u00fcre\u00e7ler ile \u00fcr\u00fcnlerden kaynakland\u0131\u011f\u0131 tespit edildi. Ki\u015fi ba\u015f\u0131 d\u00fc\u015fen emisyonlar a\u00e7\u0131s\u0131ndan de\u011ferlendirildi\u011finde; Mersin \u00f6zelindeki toplam sera gaz\u0131 emisyonlar\u0131n\u0131n, T\u00fcrkiye toplam sera gaz\u0131 emisyonlar\u0131n\u0131n yakla\u015f\u0131k y\u00fczde 3,1&#8217;ini olu\u015fturdu\u011fu g\u00f6r\u00fcld\u00fc. B\u00fcy\u00fck\u015fehir Belediyesi; eylem plan\u0131 \u00e7al\u0131\u015fma sonras\u0131, eylem plan\u0131nda belirtilen uyum ve azalt\u0131m faaliyetlerinin uygulanma ve izlenme \u00e7al\u0131\u015fmalar\u0131na ba\u015flad\u0131.<\/p>\n<p>Kaya: &#8220;SECAP b\u00fcnyesinde bir dizi \u00e7al\u0131\u015fma ger\u00e7ekle\u015ftirdik&#8221;<\/p>\n<p>B\u00fcy\u00fck\u015fehir Belediyesi \u0130klim De\u011fi\u015fikli\u011fi ve S\u0131f\u0131r At\u0131k Dairesi Ba\u015fkanl\u0131\u011f\u0131&#8217;na ba\u011fl\u0131 \u0130klim De\u011fi\u015fikli\u011fi ve Yenilenebilir Enerji \u015eube M\u00fcd\u00fcrl\u00fc\u011f\u00fc&#8217;nde g\u00f6rev yapan \u00c7evre Y\u00fcksek M\u00fchendisi Nursel Cansu Kaya, k\u00fcresel \u00f6l\u00e7ekte en b\u00fcy\u00fck sorunlardan birinin iklim de\u011fi\u015fikli\u011fi konusu oldu\u011funu ve yerelden k\u00fcresele \u00e7ok b\u00fcy\u00fck tehditler olu\u015fturdu\u011funu belirterek, &#8220;\u0130klim de\u011fi\u015fikli\u011fine etmen olan sera gaz\u0131 emisyonlar\u0131 envanterinin olu\u015fturmas\u0131 ile ilgili, Mersin B\u00fcy\u00fck\u015fehir Belediyesi olarak bir dizi \u00e7al\u0131\u015fma ger\u00e7ekle\u015ftirdik. Bunlardan biri de S\u00fcrd\u00fcr\u00fclebilir Enerji ve \u0130klim De\u011fi\u015fikli\u011fi Eylem Plan\u0131 haz\u0131rlamakt\u0131. SECAP b\u00fcnyesinde bir dizi \u00e7al\u0131\u015fma ger\u00e7ekle\u015ftirdik. Sadece Mersin B\u00fcy\u00fck\u015fehir Belediyesi olarak de\u011fil, di\u011fer kurumlar\u0131n da kat\u0131ld\u0131\u011f\u0131 payda\u015f toplant\u0131lar\u0131 ger\u00e7ekle\u015ftirildi. Bunun sonucunda ise T\u00dcB\u0130TAK-MAM i\u015f birli\u011fi ile 2022 y\u0131l\u0131nda ba\u015flayan SECAP haz\u0131rlanmas\u0131 projemiz, 2024 y\u0131l\u0131nda resmile\u015ferek web sayfam\u0131zda yerini ald\u0131&#8221; dedi.  <\/p>\n<p>Sera gaz\u0131 emisyonunun en b\u00fcy\u00fck kayna\u011f\u0131 y\u00fczde 45 ile konut ve kamu binalar\u0131<\/p>\n<p>SECAP haz\u0131rlan\u0131rken bir\u00e7ok veriye tan\u0131k olduklar\u0131n\u0131 vurgulayan Kaya, &#8220;Bunlardan biri sera gaz\u0131 emisyonlar\u0131n\u0131n en b\u00fcy\u00fck kayna\u011f\u0131ndan biri olan y\u00fczde 45&#8217;lik konut ve kamu binalar\u0131 oldu\u011funu g\u00f6rd\u00fck. Y\u00fczde 24&#8217;\u00fcn\u00fcn ula\u015f\u0131m sekt\u00f6r\u00fcnden, y\u00fczde 22&#8217;sinin ise end\u00fcstriyel faaliyetlerden ger\u00e7ekle\u015fti\u011fini g\u00f6rd\u00fck. Bunun d\u0131\u015f\u0131nda da Mersin&#8217;de ki\u015fi ba\u015f\u0131na d\u00fc\u015fen emisyon miktar\u0131m\u0131z 9.1 kilogram karbondioksit e\u015fde\u011feri oldu\u011funu hesaplad\u0131k. T\u00fcrkiye&#8217;de bu ortalamam\u0131z 6.35 kilogram karbondioksit e\u015f de\u011feri. Buradan k\u0131yaslad\u0131\u011f\u0131m\u0131zda, kentimizde y\u00fczde 30&#8217;luk bir fazlal\u0131k g\u00f6r\u00fcn\u00fcyor. 2055 y\u0131l\u0131na kadar da mevcuttaki karbondioksit emisyonlar\u0131n\u0131n projeksiyon hesab\u0131na g\u00f6re, sera gaz\u0131 emisyonlar\u0131n\u0131n hesab\u0131n\u0131 da ger\u00e7ekle\u015ftirdik&#8221; diye konu\u015ftu.<\/p>\n<p>B\u00fcy\u00fck\u015fehir Belediyesi olarak SECAP haz\u0131rlaman\u0131n yan\u0131 s\u0131ra; izlenmesi, takibi ve s\u00fcre\u00e7lerle alakal\u0131 da di\u011fer kurumlar\u0131n y\u00f6nlendirilmesi ile ilgili bir dizi toplant\u0131 ger\u00e7ekle\u015ftirdiklerini kaydeden Kaya, &#8220;SECAP referans al\u0131narak, 2019-2023 y\u0131l\u0131n\u0131 da kapsayacak \u015fekilde sera gaz\u0131 emisyon envanteri raporunu haz\u0131rlad\u0131k ve bunu da web sayfam\u0131zda yay\u0131nlad\u0131k. Ayn\u0131 zamanda uluslararas\u0131 platformlarda da iklim de\u011fi\u015fikli\u011fi ile m\u00fccadelemizle alakal\u0131 g\u00f6r\u00fcn\u00fcrl\u00fc\u011f\u00fcm\u00fcz\u00fc art\u0131rabilmemiz i\u00e7in, ICLE (Uluslararas\u0131 Yerel \u00c7evre Giri\u015fimleri Konseyi)-CDP (Karbon Saydaml\u0131k Projesi) Track Raporlama Platformu ad\u0131nda bir platforma \u00fcye olduk ve burada da raporlamam\u0131z\u0131 s\u00fcrd\u00fcrmekteyiz. CDP raporlamas\u0131 \u00e7er\u00e7evesinde SECAP sunumu yap\u0131ld\u0131 ve burada da iklim de\u011fi\u015fikli\u011fi ile alakal\u0131 en \u00f6nemli raporlamalardan birisi olan Mersin \u0130klim De\u011fi\u015fikli\u011fi Risk ve K\u0131r\u0131lganl\u0131k Analiz Raporumuz web sayfam\u0131zda yerini ald\u0131&#8221; ifadelerini kulland\u0131.<\/p>\n<p>&#8220;Uyum ve azalt\u0131m s\u00fcre\u00e7lerinin tamamlanmas\u0131 i\u00e7in, \u00e7evre dostu projelerimizi s\u00fcrd\u00fcrece\u011fiz&#8221;<\/p>\n<p>B\u00fcy\u00fck\u015fehir Belediyesi olarak iklim de\u011fi\u015fikli\u011fi rol\u00fcnde neler yap\u0131lmas\u0131 gerekti\u011finin bir planlamas\u0131n\u0131n yap\u0131ld\u0131\u011f\u0131n\u0131 da s\u00f6zlerine ekleyen Kaya, &#8220;Hem kurumlar\u0131m\u0131zla, hem kendi daire ba\u015fkanl\u0131klar\u0131m\u0131zla bu azalt\u0131m ve uyum eylemlerinin peki\u015ftirilmesi ile alakal\u0131 g\u00f6revlerimizi yerine getiriyoruz. Bundan sonraki a\u015famam\u0131z ise; \u00f6rne\u011fin ula\u015f\u0131m sekt\u00f6r\u00fcnde master planlamam\u0131zda, yenilenebilir enerji tercihlerimizde hizmetlerimizi bu y\u00f6nde geli\u015ftirebilmek. \u0130klim de\u011fi\u015fikli\u011fine uyum ve azalt\u0131m s\u00fcre\u00e7lerinin tamamlanmas\u0131 i\u00e7in, \u00e7evre dostu projelerimizi s\u00fcrd\u00fcrece\u011fiz&#8221; dedi.<\/p>\n","protected":false},"excerpt":{"rendered":"<p>Mersin B\u00fcy\u00fck\u015fehir Belediyesi \u0130klim De\u011fi\u015fikli\u011fi ve S\u0131f\u0131r At\u0131k Dairesi taraf\u0131ndan &#8216;Mersin S\u00fcrd\u00fcr\u00fclebilir Enerji ve \u0130klim Eylem Plan\u0131&#8217; (SECAP) haz\u0131rland\u0131. Yerel y\u00f6netimlerin s\u00fcrd\u00fcr\u00fclebilir enerji kullan\u0131m\u0131 ve iklim de\u011fi\u015fikli\u011fiyle m\u00fccadelede somut ad\u0131mlar &hellip; <a href=\"https:\/\/akdenizolaygazetesi.com\/?p=33593\" class=\"more-link\">Devam\u0131n\u0131 Oku&#8230;<\/a><\/p>\n","protected":false},"author":2,"featured_media":33594,"comment_status":"open","ping_status":"open","sticky":false,"template":"","format":"standard","meta":[],"categories":[1,2,3],"tags":[],"_links":{"self":[{"href":"https:\/\/akdenizolaygazetesi.com\/index.php?rest_route=\/wp\/v2\/posts\/33593"}],"collection":[{"href":"https:\/\/akdenizolaygazetesi.com\/index.php?rest_route=\/wp\/v2\/posts"}],"about":[{"href":"https:\/\/akdenizolaygazetesi.com\/index.php?rest_route=\/wp\/v2\/types\/post"}],"author":[{"embeddable":true,"href":"https:\/\/akdenizolaygazetesi.com\/index.php?rest_route=\/wp\/v2\/users\/2"}],"replies":[{"embeddable":true,"href":"https:\/\/akdenizolaygazetesi.com\/index.php?rest_route=%2Fwp%2Fv2%2Fcomments&post=33593"}],"version-history":[{"count":1,"href":"https:\/\/akdenizolaygazetesi.com\/index.php?rest_route=\/wp\/v2\/posts\/33593\/revisions"}],"predecessor-version":[{"id":33595,"href":"https:\/\/akdenizolaygazetesi.com\/index.php?rest_route=\/wp\/v2\/posts\/33593\/revisions\/33595"}],"wp:featuredmedia":[{"embeddable":true,"href":"https:\/\/akdenizolaygazetesi.com\/index.php?rest_route=\/wp\/v2\/media\/33594"}],"wp:attachment":[{"href":"https:\/\/akdenizolaygazetesi.com\/index.php?rest_route=%2Fwp%2Fv2%2Fmedia&parent=33593"}],"wp:term":[{"taxonomy":"category","embeddable":true,"href":"https:\/\/akdenizolaygazetesi.com\/index.php?rest_route=%2Fwp%2Fv2%2Fcategories&post=33593"},{"taxonomy":"post_tag","embeddable":true,"href":"https:\/\/akdenizolaygazetesi.com\/index.php?rest_route=%2Fwp%2Fv2%2Ftags&post=33593"}],"curies":[{"name":"wp","href":"https:\/\/api.w.org\/{rel}","templated":true}]}}