{"id":33596,"date":"2024-12-27T16:31:38","date_gmt":"2024-12-27T13:31:38","guid":{"rendered":"http:\/\/akdenizolaygazetesi.com\/?p=33596"},"modified":"2024-12-27T16:31:38","modified_gmt":"2024-12-27T13:31:38","slug":"baskan-cakir-kanal-33-icel-tv-ortak-yayinina-katildi","status":"publish","type":"post","link":"https:\/\/akdenizolaygazetesi.com\/?p=33596","title":{"rendered":"Ba\u015fkan \u00c7ak\u0131r, Kanal 33 &#8211; \u0130\u00e7el TV ortak yay\u0131n\u0131na kat\u0131ld\u0131"},"content":{"rendered":"<p>Mersin Ticaret ve Sanayi Odas\u0131 (MTSO) Y\u00f6netim Kurulu Ba\u015fkan\u0131 Hakan Sefa \u00c7ak\u0131r, Kanal33 &#8211; \u0130\u00e7el TV ortak yay\u0131n\u0131nda G\u00fcndemin Nabz\u0131 Program\u0131\u2019nda Fatih Alkar\u2019\u0131n sorular\u0131n\u0131 yan\u0131tlad\u0131. 2024 y\u0131l\u0131n\u0131 de\u011ferlendiren \u00c7ak\u0131r&#8217;\u0131n konu\u015fmalardan sat\u0131r ba\u015flar\u0131 \u015f\u00f6yle: <\/p>\n<p>SORU: 2024\u2019\u00fc nas\u0131l yorumlars\u0131n\u0131z? Nas\u0131l ge\u00e7ti?<\/p>\n<p>&#8211; Daha \u00f6nce de s\u00f6yledik \u00f6nemli bir co\u011frafyada ya\u015f\u0131yoruz. Ya\u015fananlara ra\u011fmen biz olumsuz bakmak istemiyoruz. \u015eartlar a\u00e7\u0131s\u0131ndan zor s\u00fcre\u00e7lerden ge\u00e7iyoruz ama gelece\u011fi de g\u00f6rmeye \u00e7al\u0131\u015fmaya devam ediyoruz. Sadece bizim de\u011fil d\u00fcnyada da zorluklar var. <\/p>\n<p>&#8211; 2024 k\u00fcresel olarak bak\u0131nca d\u00fcnya genelinde s\u00fcrekli geli\u015fen bir yapay zekayla ad\u0131n\u0131 duyurdu. Hem mutlu oluyoruz hem korkuyoruz. Acaba i\u015fimizi elimizden alacak m\u0131 hayat\u0131m\u0131z\u0131 m\u0131 kolayla\u015ft\u0131racak. Bizi robotlar kontrol alt\u0131na alacak m\u0131 diye d\u00fc\u015f\u00fcnmeye ba\u015flad\u0131k. <\/p>\n<p>&#8211; D\u00fcnyada 2024 bloklara b\u00f6l\u00fcnme y\u0131l\u0131 da oldu. Art\u0131k herkes kendi bloklar\u0131n\u0131 olu\u015fturmaya ba\u015flad\u0131. Global ekonomiden bahsedilirken bloklar y\u0131l\u0131 oldu. Tarafs\u0131z olan \u0130svi\u00e7re bir anda ben NATO\u2019ya girece\u011fim dedi ve jeopolitik riskler olu\u015ftu. <\/p>\n<p>&#8211; Rusya \u2013 Ukrayna sava\u015f\u0131, \u0130srail\u2019in i\u015fgalleri b\u00f6lgemiz a\u00e7\u0131s\u0131ndan olumsuz bir hal ald\u0131. G\u00fcney Kore\u2019de s\u0131k\u0131y\u00f6netim ilan edildi. H\u00fck\u00fcmet d\u00fc\u015f\u00fcr\u00fcld\u00fc ve bir belirsizlik olu\u015ftu. <\/p>\n<p>&#8211; \u00c7in\u2019in Rusya Ukrayna Sava\u015f\u0131\u2019n\u0131 destekleyip desteklememesiyle ilgili d\u00fc\u015f\u00fcncesi var. \u00c7in \u2013 Amerika tarife sava\u015flar\u0131 s\u00fcr\u00fcyor. Yine \u00c7in\u2019in Tayvan\u2019\u0131 i\u015fgaliyle ilgili son 10 y\u0131l\u0131n en b\u00fcy\u00fck tatbikat\u0131n\u0131 yapt\u0131. Yeni bir sava\u015f haz\u0131rl\u0131\u011f\u0131 d\u00fc\u015f\u00fcncesi veriyor. <\/p>\n<p>&#8211; Genel olarak 2024 sava\u015flarla heyecanl\u0131 \u015fekilde, olumsuzluklarla olumlu yanlar\u0131yla devam etti. <\/p>\n<p>&#8211; \u00d6nce Amerika ile ba\u015flayal\u0131m. Amerika\u2019n\u0131n b\u00fcy\u00fcmesi y\u00fczde 3\u2019lerde. \u0130\u015fsizlik y\u00fczde 3.4\u2019lerde ABD s\u0131n\u0131rs\u0131z dolar bast\u0131\u011f\u0131ndan s\u00fcrd\u00fcr\u00fclebilir borcu \u00e7ok y\u00fcksek noktalara gidiyor. Olumsuzlu\u011fa giden bir ekonomiye sahip. <\/p>\n<p>&#8211; Avrupa\u2019da da durgunluk s\u00fcr\u00fcyor. B\u00fcy\u00fcme 0.4\u2019te. \u0130\u015fsizlik y\u00fczde 6.3\u2019te enflasyon y\u00fczde 2.2. Almanya\u2019n\u0131n b\u00fcy\u00fcmesi 0.1. \u0130talya\u2019n\u0131n s\u0131f\u0131r, Fransa\u2019n\u0131n 0.4\u2019lerde. D\u00fcnyada b\u00fcy\u00fcmeyle ilgili ciddi sorun var. \u0130ngiltere\u2019nin b\u00fcy\u00fcmesi de y\u00fczde s\u0131f\u0131rlarda. <\/p>\n<p>&#8211; Avrupa\u2019n\u0131n genel olarak ekonomisi zay\u0131f ve verimi d\u00fc\u015f\u00fck. Avrupa ekonomisinin gelece\u011finde de karamsarl\u0131k var. <\/p>\n<p>SORU: Bunun etkeni nedir? Pandemi diyebilir miyiz?<\/p>\n<p>&#8211; Pandemi de etken ama d\u00fcnyada verim ve ya\u015flanma sorunu var. Durgunluk var ve sava\u015flar\u0131n da nedeni bu oluyor. <\/p>\n<p>&#8211; Bu durum Euro\/dolar paritesini d\u00fc\u015f\u00fcr\u00fcyor. 1.10\u2019lardan 1.04\u2019e kadar geldi. T\u00fcrkiye\u2019yi bu da olumsuz etkiliyor \u00e7\u00fcnk\u00fc ihracat\u0131m\u0131z a\u011f\u0131rl\u0131k o b\u00f6lgeye. <\/p>\n<p>&#8211; \u00c7in\u2019de y\u00fczde 4 b\u00fcy\u00fcme var. Orada in\u015faatla ilgili ciddi bir kriz ya\u015fand\u0131. H\u00fck\u00fcmet \u00c7in\u2019de in\u015faat ve ticareti ciddi desteklemesine ra\u011fmen y\u00fczde 4 b\u00fcy\u00fcd\u00fc. Halen tamamlanamayan in\u015faat projeleri var. Bu da olumsuz bir durum. D\u00fcnyay\u0131 da etkiliyor. <\/p>\n<p>Hindistan da Orta Asya\u2019n\u0131n en b\u00fcy\u00fck ekonomilerinden. O da y\u00fczde 5.4 b\u00fcy\u00fcd\u00fc. Ciddi n\u00fcfus art\u0131\u015f\u0131 var. Gelecekte artan n\u00fcfusundan kaynakl\u0131 Hindistan olumlu bir tablo \u00e7iziyor. <\/p>\n<p>&#8211; D\u00fcnyada genel olarak sava\u015flar, b\u00fcy\u00fcmede durgunluk var ve b\u00f6lgemizde olumsuzluk var. <\/p>\n<p>SORU: 3. D\u00fcnya sava\u015f\u0131 siber sava\u015fa d\u00f6n\u00fc\u015febilir mi?<\/p>\n<p>&#8211; Fas\u2019ta gitti\u011fimiz bir konferansta art\u0131k Siber Kolonilerin kuruldu\u011fu s\u00f6yleniyor. Siber sava\u015flar uzun zamand\u0131r var. \u00d6rne\u011fin siz \u00fcr\u00fcn\u00fcn\u00fcz\u00fc ihra\u00e7 ediyorsunuz \u00fcr\u00fcnde kal\u0131nt\u0131 b\u0131rakarak \u00fclkesine almamak ciddi bir g\u0131da sava\u015f\u0131 oluyor. <\/p>\n<p>&#8211; T\u00fcrkiye\u2019yi de k\u0131saca anlatay\u0131m. B\u00fcy\u00fcme beklentisi y\u00fczde 3 civar\u0131nda. \u0130\u015fsizlik y\u00fczde 8.8 civar\u0131nda. Kredilendirmede taksitlendirmedeki k\u0131s\u0131tlama krediye eri\u015filebilir olmaktaki yava\u015flama ciddi sorunlar getiriyor. Konkordato say\u0131s\u0131nda ciddi art\u0131\u015f var. Bu da \u00fclke ekonomisini k\u0131s\u0131tl\u0131yor. <\/p>\n<p>&#8211; Sanayide y\u0131ll\u0131k ortalama 3.1 gibi d\u00fc\u015f\u00fc\u015f var. Bu da sanayi taraf\u0131m\u0131zda da olumsuz. Perakende de y\u00fczde 15 b\u00fcy\u00fcme var. Y\u00fczde 45 enflasyon baz al\u0131n\u0131nca y\u00fczde 15 b\u00fcy\u00fcme \u00e7ok olumlu g\u00f6r\u00fcnm\u00fcyor. <\/p>\n<p>&#8211; Cari i\u015flemde Ocak \u2013 Ekimde y\u00fczde 90 daralma var. 12 ayl\u0131k k\u00fcm\u00fclatifte 7.7 milyar d\u00fczeyine inmi\u015f durumda. T\u00fcrkiye\u2019nin risk primi de 650\u2019den 250\u2019ye inmi\u015f durumda. Bu da b\u00fcy\u00fck avantaj sa\u011fl\u0131yor. Net pozitife d\u00f6nm\u00fc\u015f durumda. Bu da d\u00f6vizin tutulmas\u0131, y\u00fckselmemesi i\u00e7in bask\u0131n\u0131n rahatlamas\u0131 a\u00e7\u0131s\u0131ndan avantaj oluyor. Bu, enflasyonu d\u00fc\u015f\u00fcrmek i\u00e7in kullan\u0131lan bir politika ama ihracat ve turizmi olumsuz etkiliyor. <\/p>\n<p>&#8211; Yapmam\u0131z gereken \u00fcretimi te\u015fvik etmek, arz\u0131 art\u0131rmak ve rekabet \u015fartlar\u0131n\u0131 olu\u015fturmak. Tekelcili\u011fin azalt\u0131l\u0131p rekabet \u015fartlar\u0131n\u0131 olu\u015fturdu\u011fumuzda fiyatlar\u0131n a\u015fa\u011f\u0131 inmesine sebep verece\u011fiz. Hem i\u015fverenler \u00fczerindeki kamusal y\u00fcklerin hem de kamudaki y\u00fcklerin azalt\u0131lmas\u0131 laz\u0131m. Bunlar da bizi etkiliyor. Memur say\u0131m\u0131z 6.3 milyon. ABD de ayn\u0131 sorunu ya\u015f\u0131yor. Yeni h\u00fck\u00fcmetin gelmesiyle yeni teknolojiyle dijitalle\u015fmeyle bu say\u0131n\u0131n azalt\u0131lmas\u0131na y\u00f6nelik \u00e7al\u0131\u015fma oldu\u011fu s\u00f6yleniyor. <\/p>\n<p>SORU: MB Politika Faizi ile ilgili ne s\u00f6ylersiniz bekliyor muydunuz?<\/p>\n<p>&#8211; Enflasyondaki bu seneki \u00e7\u0131kacak enflasyon y\u00fczde 47\u2019lerde ama 45\u2019le kapanacak g\u00f6r\u00fcn\u00fcyor. Gelecekte hedeflenen enflasyon y\u00fczde 22 g\u00f6r\u00fcn\u00fcyor. Genel d\u00fc\u015f\u00fcnce y\u00fczde 30-35 konu\u015fuluyor. Asgari \u00fccrete de y\u00fczde 30 zam yap\u0131lmas\u0131 bunu g\u00f6steriyor. <\/p>\n<p>&#8211; 250 baz puan bekledi\u011fimiz rakam. Art\u0131k daha b\u00fcy\u00fck miktarlarda indirim yap\u0131lmal\u0131 biraz rahatlamaya ihtiya\u00e7 var. KOB\u0130\u2019lerimiz finansa eri\u015femiyor. Bu kadar y\u00fcksek faizle, y\u00fcksek kredilerle d\u00f6nemiyoruz. KOB\u0130\u2019leri kaybetti\u011fimizde \u00e7ok \u015feyi kaybetmi\u015f oluruz. \u00dclkenin KOB\u0130\u2019lerini ya\u015fatmas\u0131 laz\u0131m. <\/p>\n<p>&#8211; \u0130thalatta d\u00fc\u015fme oldu. Yaln\u0131z ara mal\u0131 ithalat\u0131nda d\u00fc\u015fme oldu. Nihai mal ithalat\u0131nda d\u00fc\u015fme olmad\u0131. Bu durum \u00fcreticileri bask\u0131lad\u0131. Bitmi\u015f \u00fcr\u00fcn getirerek \u00fcreticiye zarar veriyoruz. Ara mal\u0131 ithal edince \u00fcretim oluyor. Hizmetteki enflasyon y\u00fczde 70, mal ithalat\u0131ndaki enflasyon y\u00fczde 39. Demek ki rekabet ortam\u0131 yaratt\u0131\u011f\u0131m\u0131zda fiyatlar\u0131m\u0131z\u0131n a\u015fa\u011f\u0131 gelmesini sa\u011fl\u0131yor. Rekabeti art\u0131r\u0131p, kamu y\u00fck\u00fcn\u00fc azalt\u0131p \u00fcretimi art\u0131rmal\u0131y\u0131z. <\/p>\n<p>&#8211; Gelelim asgari \u00fccrete. Asgari \u00fccret bak\u0131nca ticari olarak i\u015fvereni memnun etmiyor \u00e7ok diyorlar. Di\u011fer taraftan i\u015f\u00e7i memnun olmuyor. \u0130ki taraf da kendi a\u00e7\u0131s\u0131ndan hakl\u0131. \u00dcretimi g\u00fc\u00e7lendirmemiz laz\u0131m. Kimse memnun de\u011fil. Al\u0131m g\u00fcc\u00fc art\u0131racak tedbirler olmal\u0131. \u015eu anda T\u00fcrkiye\u2019de asgari \u00fccret 600 dolar. M\u0131s\u0131r\u2019da 110 dolar ve tekstil sekt\u00f6r\u00fc s\u0131k\u0131nt\u0131 ya\u015f\u0131yor. \u00dcretimi art\u0131racak politikalarla biraz sab\u0131rl\u0131 olmal\u0131y\u0131z. <\/p>\n<p>&#8211; 2025 hepimiz i\u00e7in yine heyecanl\u0131 bir y\u0131l olacak. Hepimiz di\u015fimizi s\u0131karak gelece\u011fe y\u00fcr\u00fcmeliyiz. Tabi i\u015fveren di\u015fini s\u0131karken \u00e7al\u0131\u015fanlar di\u015fini s\u0131karken kamunun da di\u015fini s\u0131k\u0131p tasarruf etmesi laz\u0131m. \u00dclke olarak tasarruf edince birlik ve beraberlikle bu zorlu\u011fu a\u015faca\u011f\u0131z \u00e7\u00fcnk\u00fc \u00f6n\u00fcm\u00fcz \u00e7ok parlak. Gelece\u011fimiz \u00e7ok avantajl\u0131. <\/p>\n<p>SORU: Suriye\u2019de yeni bir s\u00fcre\u00e7 var. T\u00fcrkiye\u2019ye \u00f6n elik veriliyor nas\u0131l okuyorsunuz?<\/p>\n<p>&#8211; \u00c7ok olumsuz geli\u015fmeler ya\u015fand\u0131 ama \u015fu anda yeni duruma bakmal\u0131y\u0131z. Mersin Suriye a\u00e7\u0131s\u0131ndan \u00e7ok \u00f6nemli. Ciddi bir misafir a\u011f\u0131rlad\u0131k. Resmi rakamlara g\u00f6re 4 milyon Suriye g\u00f6\u00e7\u00fc oldu. Bir k\u0131sm\u0131 geri d\u00f6nd\u00fc. Suriye\u2019de yeni bir yap\u0131lanma olacak. Burada T\u00fcrkiye ba\u015frol\u00fc \u00fcstlenecek. T\u00fcrkiye i\u00e7in de Mersin i\u00e7in de avantaj. <\/p>\n<p>&#8211; Biz MTSO olarak hemen bir i\u015fbirli\u011fi yaparak ikili g\u00f6r\u00fc\u015fmelerle nas\u0131l katk\u0131 verebiliriz? Suriye ile ili\u015fkilerimizi nas\u0131l kar\u015f\u0131l\u0131kl\u0131 yard\u0131mla s\u00fcrd\u00fcrebiliriz birlikte hareket edece\u011fiz. Gelen misafirlerle g\u00fczel dostluk kurduk birbirimizin k\u00fclt\u00fcr\u00fcn\u00fc \u00f6\u011frendik misafirlerimizle pozitif ayr\u0131mc\u0131l\u0131kla orada da birlikte ticaret yapabiliriz. Art\u0131k Suriye\u2019yi de biz kendi \u00fclkemiz olarak g\u00f6r\u00fcyoruz. Kendi karde\u015flerimizle birlikte oray\u0131 da kalk\u0131nd\u0131rmam\u0131z ve kar\u015f\u0131l\u0131kl\u0131 ticaretimizi geli\u015ftirmemiz laz\u0131m. <\/p>\n<p>SORU: MTSO a\u00e7\u0131s\u0131ndan 2024 nas\u0131l ge\u00e7ti? Mesleki e\u011fitimde \u00f6nemli \u00e7al\u0131\u015fmalar yap\u0131yorsunuz. <\/p>\n<p>&#8211; Mesleki e\u011fitim bizim kurtulu\u015f yollar\u0131m\u0131zdan birisi. Herkesin \u00fcniversiteye gitmesi de\u011fil bir elinde \u00e7ekici, pensesi her \u015feyi olabilece\u011fi d\u00fczeni olmal\u0131. Sanat\u0131 da \u00f6\u011frenebilecek yap\u0131da insanlar\u0131m\u0131z olmal\u0131. <\/p>\n<p>&#8211; Bu konuda g\u00fczel bir \u00e7al\u0131\u015fma ba\u015flatt\u0131k. Ciddi bir \u00e7al\u0131\u015ftay yapt\u0131k. Veliler, \u00f6\u011frenciler, ustalar, sekt\u00f6rdeki sanayiciler bir araya geldi. Nas\u0131l bir yol haritas\u0131 \u00e7izelim ki \u00f6\u011frenciler meslek okullar\u0131na girip burada i\u015fini garanti etsin. Bu \u00f6\u011frenciler bir meslek \u00f6\u011frenirse hem sanayicinin ihtiyac\u0131 var tekniker teknisyene hem de \u00f6\u011frencinin i\u015f sorunu kalmayacak. Ge\u00e7im sa\u011flayabilecekler. <\/p>\n<p>&#8211; Politikam\u0131z herkesin mesle\u011fi olacak bir politikayd\u0131. Valilikle, Bakanl\u0131kla, OSB ile birlikte bu i\u015fbirli\u011fini yapt\u0131k. Ge\u00e7ti\u011fimiz g\u00fcnlerde lansman\u0131n\u0131 yapt\u0131k. Meslek Okullar\u0131 Genel M\u00fcd\u00fcrl\u00fc\u011f\u00fc de kat\u0131ld\u0131. Bu i\u015fin ne kadar \u00f6nemli oldu\u011funu g\u00f6sterip projeye ba\u015flad\u0131k. <\/p>\n<p>&#8211; Ana amac\u0131m\u0131z meslek okullar\u0131 \u00e7ok k\u0131ymetli. \u0130lle \u00fcniversite de\u011fil, mesle\u011fe y\u00f6nelik katk\u0131 verecek e\u011fitimlerle mezun olduklar\u0131nda i\u015f sahibi olacaklar\u0131 yap\u0131lar kurulacak. E\u011fitim s\u0131ras\u0131nda baz\u0131 dersler sanayide yap\u0131lacak. <\/p>\n<p>SORU: Almanya\u2019da meslek okullar\u0131nda okuyanlar\u0131n oran\u0131 y\u00fczde 70, \u00fcniversitede okuyanlar\u0131n oran\u0131 y\u00fczde 30. Nas\u0131l de\u011ferlendirirsiniz?<\/p>\n<p>&#8211; Bu \u00e7ok kritik bir nokta. Bizim \u00e7al\u0131\u015ft\u0131rabilece\u011fimiz fabrikalar\u0131m\u0131z\u0131 \u00e7al\u0131\u015ft\u0131racak ustam\u0131z olmazsa d\u0131\u015fa ba\u011f\u0131ml\u0131 oluruz. Sanayi i\u00e7in de tar\u0131m i\u00e7in de ge\u00e7erli. Tar\u0131m\u0131n ya\u015f ortalamas\u0131 55. Gen\u00e7leri tar\u0131ma entegre edemiyoruz. Ustalar\u0131n yerine yenileri yeti\u015fmiyorsa fabrikalar\u0131 nas\u0131l \u00e7al\u0131\u015ft\u0131raca\u011f\u0131z diye T\u00fcrkiye\u2019de Mersin modeli olu\u015fturduk ve pilot \u00e7al\u0131\u015fma ba\u015flatt\u0131k. \u00c7ok g\u00fczel bir \u00e7al\u0131\u015fma olacak. Almanya\u2019n\u0131n politikas\u0131 kesinlikle do\u011fru. Ustalar\u0131n i\u015fsiz kalmad\u0131\u011f\u0131n\u0131 biliyoruz. <\/p>\n<p>&#8211; Meslek okullar\u0131nda da bili\u015fimin yapay zekan\u0131n oldu\u011fu, hidrojen sistemlerin oldu\u011fu bir ortam sa\u011flamam\u0131z ve i\u015f garantisi vermemiz laz\u0131m. \u00dcniversite mezunu i\u015fsiz say\u0131s\u0131n\u0131 azaltmam\u0131z ad\u0131na. <\/p>\n<p>SORU: MTSO\u2019dan da bahseder misiniz 139. Y\u0131l\u0131n\u0131z. <\/p>\n<p>&#8211; 139\u2019uncu y\u0131l\u0131m\u0131z\u0131 tamamlad\u0131k. 139 y\u0131ld\u0131r sanayicimize, ticaret firmalar\u0131m\u0131za t\u00fcm \u00fcyelerimize hizmet ettik. \u015eehrimize, \u00fclkemize hizmet ettik. 1886\u2019dan beri a\u015fkla heyecanla \u00fcretmeye devam ediyoruz. <\/p>\n<p>&#8211; MTSO projelerle ad\u0131n\u0131 yazd\u0131r\u0131yor. Her zaman bulu\u015fturan, birle\u015ftiren bir kurum olacak. Ba\u015fka \u015fehirlerle \u00fclkelerle de bulu\u015fan Oda olaca\u011f\u0131z. Vizyon koymaya, T\u00fcrkiye\u2019ye \u00f6nder olmaya devam edece\u011fiz. Bu sorumluluklarla 139 y\u0131ld\u0131r geldik. Yeni y\u00fczy\u0131l\u0131m\u0131zda da sorumlulu\u011fumuzu s\u00fcrd\u00fcrece\u011fiz. <\/p>\n<p>SORU: Fas\u2019tan bahsettiniz burada Ekonomik Foruma kat\u0131ld\u0131n\u0131z. Akdeniz\u2019i birlikte planlayal\u0131m diye bir s\u00f6yleminiz var. Uluslararas\u0131 alanda neler d\u00fc\u015f\u00fcn\u00fcyorsunuz?<\/p>\n<p>&#8211; ASCAME Akdeniz\u2019e s\u0131n\u0131r\u0131 olan 300 TSO\u2019nun birlikte oldu\u011fu bir olu\u015fum. Burada bir network sa\u011fl\u0131yorsunuz. Birlikte neler yapabilece\u011fimizi konu\u015fuyoruz. \u00d6nce Barselona\u2019ya gittik toplant\u0131ya ard\u0131ndan ASCAME kapsam\u0131nda Fas\u2019ta bir ekonomik foruma kat\u0131ld\u0131k. T\u00fcrkiye\u2019yi temsilen biz gittik konu\u015fmac\u0131 olduk. <\/p>\n<p>&#8211; \u00c7\u0131k\u0131\u015f\u0131m\u0131z \u00e7ok toplant\u0131 yap\u0131yoruz art\u0131k bu toplant\u0131 sonu\u00e7lar\u0131n\u0131 icraata d\u00f6kelim oldu. \u0130ki b\u00fcy\u00fck dalga geliyor bunlara haz\u0131rl\u0131kl\u0131 olmal\u0131y\u0131z dedik. Tsunamiyi do\u011fru y\u00f6nlendirip enerji elde etmemiz laz\u0131m dedi\u011fimizde onlar\u0131n da g\u00f6zleri a\u00e7\u0131ld\u0131. Yapay zeka geldi biz birlikte kendi yapay zekam\u0131z\u0131 olu\u015fturabilir miyiz? Akdeniz \u00fclkeleriyle kendi datalar\u0131m\u0131z\u0131 olu\u015fturabilir miyiz diye konu\u015ftuk. Bunu \u00e7al\u0131\u015fmam\u0131z laz\u0131m. Verdi\u011fimiz her data d\u0131\u015fa giden bilgi demek. \u00dclke olarak belki kendi yapay teknolojimizi \u00e7\u0131karmal\u0131y\u0131z. <\/p>\n<p>&#8211; \u0130kincisi iklim krizi geldi buna kar\u015f\u0131 ortak ne yapabiliriz? \u00dcr\u00fcn desenini birlikte nas\u0131l olu\u015fturabiliriz: \u0130talya, Fas, Tunus\u2019la, M\u0131s\u0131rla birlikte Akdeniz\u2019i nas\u0131l planlayabiliriz. Konferans\u0131n a\u00e7\u0131l\u0131\u015f konu\u015fmas\u0131nda vard\u0131m bunlar\u0131 aktard\u0131m. G\u00fczel bir network g\u00fcl\u00fc\u015ft\u00fc. Orada da bir yava\u015fl\u0131k var birlikte hareket etmek laz\u0131m. <\/p>\n<p>&#8211; Oradan ilgin\u00e7 bilgiler ald\u0131k. Fransa da oradayd\u0131. Fas, Fransa\u2019n\u0131n eski s\u00f6m\u00fcrgesi. Halen elini \u00e7ekmi\u015f de\u011fil. Ticari i\u015fbirli\u011fi yap\u0131yorlar. AB projelerinde birlikte hareket edip oraya proje vermeye \u00e7al\u0131\u015f\u0131yorlar. Fransa \u00e7at\u0131y\u0131 kurup ge\u00e7mi\u015fteki s\u00f6m\u00fcrgesi olan \u00fclkelerden yararlan\u0131yor. Fransa\u2019da \u00e7al\u0131\u015ft\u0131raca\u011f\u0131 n\u00fcfusu Fas\u2019ta tutup yeti\u015ftiriyor se\u00e7ip \u00fclkesine al\u0131yor. Avrupa\u2019ya \u00fcr\u00fcn g\u00f6nderecekse Fas \u00fczerinden yap\u0131yor hem Fas\u2019\u0131 kalk\u0131nd\u0131r\u0131yor hem kendisi \u00fcr\u00fcnlerini sat\u0131yor. <\/p>\n<p>&#8211; \u0130kinci \u00f6\u011frendi\u011fimiz Fransa \u015faraplar\u0131yla \u00fcnl\u00fc bir \u00fclke. T\u00fcm tar\u0131m odalar\u0131n\u0131n birle\u015fti\u011fi bir ba\u015fkanla bir araya geldik. \u00dcz\u00fcmden vazge\u00e7tiklerini \u00f6\u011frendik \u00e7\u00fcnk\u00fc katma de\u011feri d\u00fc\u015f\u00fck. Yerine hem iklimden kaynakl\u0131 zeytinya\u011f\u0131na d\u00f6neceklerini s\u00f6ylediler. Suyu az isteyen katma de\u011feri y\u00fcksek olan bir \u00fcr\u00fcn. D\u00fcnyada \u015farapla k\u0131yaslay\u0131nca katma de\u011feri zeytinya\u011f\u0131n\u0131n daha y\u00fcksek. Zeytinya\u011f\u0131n\u0131 markala\u015ft\u0131raca\u011f\u0131z dedi. <\/p>\n<p>SORU: T\u00fcrkiye de bu a\u00e7\u0131dan avantajl\u0131. <\/p>\n<p>&#8211; Mut zeytinya\u011f\u0131n\u0131, Tarsus zeytinini markala\u015ft\u0131ral\u0131m diye konu\u015ftuk. Mersin ya da Mut\u2019ta b\u00fcy\u00fck bir \u00e7al\u0131\u015ftay yapaca\u011f\u0131z. Bu \u00fcr\u00fcn\u00fc \u00f6nce T\u00fcrkiye\u2019de marka haline getirmemiz laz\u0131m. \u0130talya \u0130spanya bizden pahal\u0131 sat\u0131yor yeni oyuncu olarak Fransa gelecek. \u00c7ok g\u00fczel yapt\u0131klar\u0131 i\u015f \u00fcr\u00fcnlerini markala\u015ft\u0131rabiliyorlar. Bizim de en b\u00fcy\u00fck eksi\u011fimiz bunu ba\u015faramamam\u0131z. <\/p>\n<p>SORU: Co\u011frafi i\u015faret konusunda ne yap\u0131yoruz?<\/p>\n<p>&#8211; Kendi \u00fcr\u00fcnlerimizin co\u011frafi i\u015faretini almaya ba\u015flad\u0131k. \u015eu anda Avrupa\u2019da da bunun tescillerini almaya ba\u015fl\u0131yoruz. AB\u2019de de tescil al\u0131nca b\u00f6lgemizin \u00fcr\u00fcn\u00fc olacak ve bizden ba\u015fkas\u0131 \u00fcretemeyecek. Uluslararas\u0131 \u00e7apta da i\u015flerimiz olacak. Art\u0131k Mersin\u2019i yerel ya da ulusal de\u011fil uluslararas\u0131na ta\u015f\u0131mam\u0131z gerekti\u011fini b\u00fcy\u00fck\u015fehir belediyemiz de s\u00f6yl\u00fcyor: Mersin\u2019in kabu\u011funu k\u0131r\u0131p d\u0131\u015far\u0131 a\u00e7mak i\u00e7in fahri konsoloslarla da bir araya geldik. Mersin\u2019i art\u0131k uluslararas\u0131 bir markaya d\u00f6n\u00fc\u015ft\u00fcrece\u011fiz. <\/p>\n<p>2026\u2019da Mersin\u2019de Davos gibi b\u00fcy\u00fck bir zirve d\u00fczenlemeyi planl\u0131yoruz. Yurt d\u0131\u015f\u0131ndaki \u00fclkelerden b\u00fcy\u00fck kat\u0131l\u0131mla b\u00fcy\u00fck zirve yaparak Mersin\u2019i uluslararas\u0131 haline getirece\u011fiz<\/p>\n<p>SORU: Havaliman\u0131ndan da biraz bahsedebilir miyiz?<\/p>\n<p>&#8211; T\u00fcm il\u00e7e odalar\u0131n toplant\u0131s\u0131 vard\u0131. Silifke\u2019deydik. Toplant\u0131 konusundan biri de destinasyonlar\u0131 art\u0131rmakt\u0131. U\u00e7ak getirmekten \u00f6nce yolcu bulmal\u0131y\u0131z. \u00d6nce Ankara\u2019ya gidi\u015f geli\u015flerde sorun oldu\u011fu konu\u015fuldu. Sabah gidip ak\u015fam d\u00f6necek hale getirece\u011fiz. Erbil\u2019e direkt u\u00e7u\u015flar\u0131 konu\u015ftuk sonra destinasyonlar\u0131 nas\u0131l art\u0131rabilece\u011fimizi konu\u015ftuk. \u0130lgili havayolu \u015firketleri CEO\u2019suyla Mersin\u2019de bir \u00e7al\u0131\u015ftay yapaca\u011f\u0131z. Mehmet Nane\u2019nin \u00f6nerisiydi zaten. <\/p>\n<p>SORU: Markala\u015fmay\u0131 da atlamayal\u0131m. Nas\u0131l d\u00fcnya markas\u0131 oluruz? <\/p>\n<p>&#8211; Fransa en son gitti\u011fimizde bu i\u015fi \u00e7ok profesyonel yap\u0131yorlar. Yo\u011fun tekstil yaparken \u00c7in tekstil i\u015fine girince bizim rekabet \u015fans\u0131m\u0131z yok marka \u00fcr\u00fcnler yapmal\u0131y\u0131z demi\u015fler. Fransa\u2019n\u0131n me\u015fhur markalar\u0131 olu\u015fuyor. Daha az \u00fcr\u00fcn\u00fc daha pahal\u0131 sat\u0131yorlar. \u0130talya, Japonya bir marka. Bizim de \u00fclkemizi mark ahaline getirmemiz laz\u0131m. Anadolu kendi ba\u015f\u0131na bir marka.<\/p>\n<p>&#8211; THY bir gururumuz ama \u00f6nce \u00fclkeyi marka yapmam\u0131z laz\u0131m. Kaliteyi koruyarak. Nas\u0131l markala\u015faca\u011f\u0131m\u0131zla ilgili profesyonel bir e\u011fitim almal\u0131y\u0131z. <\/p>\n<p>SORU: 9 Ocak\u2019ta \u00f6nemli bir etkinli\u011finiz olacak. Yapay Zeka Destekli B2B Networking organizasyonu. Bu konuyu biraz detayland\u0131r\u0131r m\u0131s\u0131n\u0131z?<\/p>\n<p>&#8211; \u00dcyelerimize dokunmam\u0131z laz\u0131m. \u00d6nce b\u00f6lgemizdeki insanlar\u0131n birbiriyle al\u0131\u015fveri\u015fini sa\u011flamam\u0131z gerekiyor. Yak\u0131n illerimiz dahil birlikte ticaret yapal\u0131m. Kendimiz geni\u015fleyip zenginle\u015felim sonra bunun yurtd\u0131\u015f\u0131 aya\u011f\u0131n\u0131 yapaca\u011f\u0131z. <\/p>\n<p>&#8211; Yeni nesil yapay zekayla ayarlanm\u0131\u015f B2B etkinli\u011fi. Onlinedan hemen \u00fcye oluyorsunuz. Firmalar\u0131n\u0131z\u0131n yap\u0131s\u0131n\u0131 tan\u0131yorsunuz. 1200 civar\u0131 kat\u0131l\u0131m bekliyoruz. Daha \u00f6nce yap\u0131lm\u0131\u015f ama bu b\u00fcy\u00fckl\u00fckte etkinlik ilk kez yap\u0131l\u0131yor. KKTC dahil kat\u0131l\u0131m var. 6 dakikada bir yeni g\u00f6r\u00fc\u015fmeye ge\u00e7iyorsunuz. <\/p>\n<p>&#8211; Ka\u00e7\u0131rmay\u0131n \u015fimdiden \u00fcye olsunlar. G\u00f6r\u00fc\u015fmeler sonunda yapay zeka size memnun kal\u0131p kalmad\u0131\u011f\u0131n\u0131z\u0131 soruyor. Cevab\u0131n\u0131z evetse ayn\u0131 \u015fartlardaki ki\u015filerle yeni g\u00f6r\u00fc\u015fme sa\u011fl\u0131yor. Memnun olmazsan\u0131z yeni \u00f6zellik soruyor ve yeni bir ki\u015fiyi kar\u015f\u0131n\u0131za \u00e7\u0131kar\u0131yor. <\/p>\n<p>SORU: Bir s\u00f6yleminiz var yeni dalgaya haz\u0131r olun diyorsunuz. Bu noktada ne demek istiyorsunuz?<\/p>\n<p>&#8211; Az \u00f6nce de bahsettim iki b\u00fcy\u00fck yeni dalga g\u00f6r\u00fcyoruz biri iklim krizi. Haz\u0131rl\u0131\u011f\u0131n\u0131 yapmal\u0131y\u0131z. \u0130kinci b\u00fcy\u00fck dalga yapay zeka. Bu i\u015fin i\u00e7inde olmam\u0131z laz\u0131m. Hem ye\u015fil d\u00f6n\u00fc\u015f\u00fcm sa\u011flamal\u0131 hem de yapay zekay\u0131 y\u00f6netmemiz laz\u0131m. Bu ikiz d\u00f6n\u00fc\u015f\u00fcm\u00fcn i\u00e7ine insan fakt\u00f6r\u00fcn\u00fc de ekleyip \u00fc\u00e7\u00fcz d\u00f6n\u00fc\u015f\u00fcm ger\u00e7ekle\u015ftirmeliyiz. Her i\u015fi robotlara, kobotlara b\u0131rakmadan \u00fc\u00e7\u00fcz d\u00f6n\u00fc\u015f\u00fcm\u00fc sa\u011flamal\u0131y\u0131z. <\/p>\n<p>&#8211; Karbon ayak izi bizim kritik bir konumuz. 2026\u2019dan itibaren \u00e7imento, demir \u00e7elik, kimya, plastik ba\u015fta olmak \u00fczere ileride g\u0131da ve tekstil de eklenecek karbon ayak izi t\u00fcm sekt\u00f6rler i\u00e7in \u00e7ok kritik bir noktada olacak. Bu konularda ciddi \u00e7al\u0131\u015fmalara ba\u015fl\u0131yoruz. \u00dcyelerimizin karbon ayak izini 2025\u2019te minimuma getirmemiz laz\u0131m. Aksi halde Avrupa ticaretimizde sorun ba\u015flayacak. D\u00f6n\u00fc\u015f\u00fcm\u00fc sa\u011flamam\u0131z laz\u0131m. <\/p>\n<p>SORU: Sanayi Odas\u0131\u2019n\u0131n ayr\u0131lmas\u0131 konusuna nas\u0131l bak\u0131yorsunuz?<\/p>\n<p>Bizim arkada\u015flar sanayi odas\u0131 kural\u0131m diyor olumsuz bak\u0131yoruz. Biz birle\u015fmeye \u00e7al\u0131\u015f\u0131yoruz. \u015eehri birle\u015ftiriyoruz, Adana ile birle\u015fiyoruz, ASCAME\u2019de gelin Akdeniz \u00fclkeleri birle\u015fip g\u00fc\u00e7 birli\u011fi yapal\u0131m diyoruz. Baz\u0131 arkada\u015flar kendi d\u00fc\u015f\u00fcncelerine g\u00f6re b\u00f6lelim, k\u00fc\u00e7\u00fck olsun bizim olsun zihniyetiyle hareket ediyor. Bu da \u015fehrimize \u00fclkemize zarar veren bir durum. Olmas\u0131 k\u00fc\u00e7\u00fck ihtimal ve olursa sanayi odas\u0131n\u0131n ya\u015famas\u0131n\u0131n zor olaca\u011f\u0131n\u0131 d\u00fc\u015f\u00fcn\u00fcyorum. <\/p>\n<p>&#8211; T\u00fcrkiye\u2019de 12 sanayi odas\u0131 ayr\u0131lm\u0131\u015f ve ayn\u0131 \u015fehirdeki ticaret odalar\u0131yla sanayi odalar\u0131 birbiriyle mutlu ge\u00e7inemiyor. Yeni bina yeni sekreterya yeni ba\u015fkan yeni proje ekibi, yeni araba. Biz bu kadar zengin de\u011filiz. Bursa TSO g\u00fcc\u00fcyle bu birlikteli\u011fini korumu\u015f. Bug\u00fcne kadar Mersin Oda ba\u015fkanlar\u0131 da b\u00fcy\u00fck \u00f6l\u00e7\u00fcde sanayici. G\u00fcc\u00fcn\u00fcz olmazsa sanayiyi y\u00f6nlendiremezsiniz. T\u00fcm odam\u0131z\u0131n maddi manevi g\u00fcc\u00fcn\u00fc karbon ayak izini azaltmaya y\u00f6nlendirmeliyiz. <\/p>\n<p>SORU: 2025 y\u0131l\u0131n\u0131 sanayi y\u0131l\u0131 ilan edecek misiniz?<\/p>\n<p>&#8211; Her zaman sanayi \u00f6nemli. Sanayi olmadan ticaret olmuyor. Katma de\u011feri y\u00fcksek sanayi yapmal\u0131y\u0131z. OSB\u2019lerimiz b\u00fcy\u00fcyor. Ayr\u0131\u015farak de\u011fil ikiz d\u00f6n\u00fc\u015f\u00fcmle katma de\u011feri y\u00fcksek sanayiye odaklanmal\u0131y\u0131z. T\u00fcm projelerimize bu bak\u0131\u015f a\u00e7\u0131s\u0131yla devam ediyoruz.<br \/>\nBirlik ve beraberlik i\u00e7inde hepimiz kendi konumuzda uzmanla\u015fmal\u0131y\u0131z. <\/p>\n<p>SORU: Havaliman\u0131ndan sonra butik otel say\u0131s\u0131nda art\u0131\u015f g\u00f6r\u00fcyoruz. Suriye \u00f6nemli potansiyel olabilir. Mersin i\u00e7in 2025 beklentiniz nedir?<\/p>\n<p>Mersin\u2019e olumlu yans\u0131yaca\u011f\u0131n\u0131 d\u00fc\u015f\u00fcn\u00fcyorum. Kenetlenip ayn\u0131 dili konu\u015fmam\u0131z laz\u0131m. Suriye\u2019deki geli\u015fmeleri Mersin olarak nas\u0131l avantaja \u00e7evirece\u011fiz birlikte hareket etmemiz laz\u0131m. Elimizde b\u00fcy\u00fck imkanlar var. Mersin\u2019i gelecekte bir Barcelona gibi d\u0131\u015f ticaret kenti olan uluslararas\u0131 d\u00fczeyde kent haline getirecek haz\u0131rl\u0131klara ba\u015flamal\u0131y\u0131z. Gelecek yak\u0131n bir gelecekte gelecek. Bunun i\u00e7in haz\u0131r olmal\u0131y\u0131z. Festivallerimizle, halk\u0131m\u0131zla, fuarlar\u0131m\u0131zla Adana ile birle\u015ferek, limanlar\u0131m\u0131zla olumsuz konu\u015fmadan birlikte hareket ederek \u015fehirde mutlu bir gelecek var. Buna inan\u0131n. Anadolu bir teknoloji merkezi olacak. Mersin de liman\u0131yla \u00e7evresiyle iyi bir noktada olacak.<br \/>\nUmudumuzu yitirmeden birlikte \u00e7al\u0131\u015farak i\u015flerimizi g\u00fczel \u015fekilde yaparak sa\u011fl\u0131kl\u0131 g\u00fczel y\u0131llar diliyorum. <\/p>\n","protected":false},"excerpt":{"rendered":"<p>Mersin Ticaret ve Sanayi Odas\u0131 (MTSO) Y\u00f6netim Kurulu Ba\u015fkan\u0131 Hakan Sefa \u00c7ak\u0131r, Kanal33 &#8211; \u0130\u00e7el TV ortak yay\u0131n\u0131nda G\u00fcndemin Nabz\u0131 Program\u0131\u2019nda Fatih Alkar\u2019\u0131n sorular\u0131n\u0131 yan\u0131tlad\u0131. 2024 y\u0131l\u0131n\u0131 de\u011ferlendiren \u00c7ak\u0131r&#8217;\u0131n konu\u015fmalardan &hellip; <a href=\"https:\/\/akdenizolaygazetesi.com\/?p=33596\" class=\"more-link\">Devam\u0131n\u0131 Oku&#8230;<\/a><\/p>\n","protected":false},"author":2,"featured_media":33597,"comment_status":"open","ping_status":"open","sticky":false,"template":"","format":"standard","meta":[],"categories":[1,2,3],"tags":[],"_links":{"self":[{"href":"https:\/\/akdenizolaygazetesi.com\/index.php?rest_route=\/wp\/v2\/posts\/33596"}],"collection":[{"href":"https:\/\/akdenizolaygazetesi.com\/index.php?rest_route=\/wp\/v2\/posts"}],"about":[{"href":"https:\/\/akdenizolaygazetesi.com\/index.php?rest_route=\/wp\/v2\/types\/post"}],"author":[{"embeddable":true,"href":"https:\/\/akdenizolaygazetesi.com\/index.php?rest_route=\/wp\/v2\/users\/2"}],"replies":[{"embeddable":true,"href":"https:\/\/akdenizolaygazetesi.com\/index.php?rest_route=%2Fwp%2Fv2%2Fcomments&post=33596"}],"version-history":[{"count":1,"href":"https:\/\/akdenizolaygazetesi.com\/index.php?rest_route=\/wp\/v2\/posts\/33596\/revisions"}],"predecessor-version":[{"id":33598,"href":"https:\/\/akdenizolaygazetesi.com\/index.php?rest_route=\/wp\/v2\/posts\/33596\/revisions\/33598"}],"wp:featuredmedia":[{"embeddable":true,"href":"https:\/\/akdenizolaygazetesi.com\/index.php?rest_route=\/wp\/v2\/media\/33597"}],"wp:attachment":[{"href":"https:\/\/akdenizolaygazetesi.com\/index.php?rest_route=%2Fwp%2Fv2%2Fmedia&parent=33596"}],"wp:term":[{"taxonomy":"category","embeddable":true,"href":"https:\/\/akdenizolaygazetesi.com\/index.php?rest_route=%2Fwp%2Fv2%2Fcategories&post=33596"},{"taxonomy":"post_tag","embeddable":true,"href":"https:\/\/akdenizolaygazetesi.com\/index.php?rest_route=%2Fwp%2Fv2%2Ftags&post=33596"}],"curies":[{"name":"wp","href":"https:\/\/api.w.org\/{rel}","templated":true}]}}