{"id":33602,"date":"2025-01-02T15:49:57","date_gmt":"2025-01-02T12:49:57","guid":{"rendered":"http:\/\/akdenizolaygazetesi.com\/?p=33602"},"modified":"2025-01-02T15:49:57","modified_gmt":"2025-01-02T12:49:57","slug":"mezitlide-yeni-yil-coskusu-yasandi","status":"publish","type":"post","link":"https:\/\/akdenizolaygazetesi.com\/?p=33602","title":{"rendered":"MEZ\u0130TL\u0130&#8217;DE YEN\u0130 YIL CO\u015eKUSU YA\u015eANDI"},"content":{"rendered":"<p>Mezitli Belediyesi, 2025 y\u0131l\u0131na g\u00fczel bir ba\u015flang\u0131\u00e7 yapmak isteyen vatanda\u015flar i\u00e7in Soli Pompeiopolis Antik Kenti&#8217;nde y\u0131lba\u015f\u0131 pazar\u0131 etkinlikleri d\u00fczenledi. Mezitli Belediye Ba\u015fkan\u0131 Ahmet Serkan Tuncer&#8217;in kat\u0131l\u0131mlar\u0131yla 4 g\u00fcn boyunca s\u00fcren etkinlikler, Mezitlilere unutulmaz anlar ya\u015fatt\u0131. Alan\u0131 t\u0131kl\u0131m t\u0131kl\u0131m dolduran vatanda\u015flar yeni y\u0131l co\u015fkusunu Mezitli&#8217;de ya\u015fad\u0131.<\/p>\n<p>Antik kentin e\u015fsiz manzaras\u0131nda kurulan y\u0131lba\u015f\u0131 pazar\u0131, hediyelik e\u015fya ve lezzet dolu stantlar\u0131yla vatanda\u015flar\u0131n ilgisini \u00e7ekti. Etkinlik s\u00fcresince zumba, salsa, bachata gibi enerjik dans g\u00f6sterileri, DJ performanslar\u0131, konserler ve \u00e7ocuklara \u00f6zel y\u00fcz boyama etkinlikleri d\u00fczenlendi. Alan, g\u00fcn boyu vatanda\u015flar\u0131n yo\u011fun kat\u0131l\u0131m\u0131yla adeta dolup ta\u015ft\u0131.<\/p>\n<p>VATANDA\u015eLAR DOYASIYA E\u011eLEND\u0130<\/p>\n<p>\u0130lk g\u00fcn sahne alan Batuhan \u015eerapl\u0131, dinleyicilere co\u015fkulu anlar ya\u015fat\u0131rken, 31 Aral\u0131k gecesi ise Ay\u00e7in Asan konseriyle y\u0131lba\u015f\u0131 heyecan\u0131 zirveye ula\u015ft\u0131. Geri say\u0131m etkinli\u011fiyle yeni y\u0131la hep birlikte giren Mezitlililer, Ba\u015fkan Tuncer&#8217;e  te\u015fekk\u00fcrlerini iletti.<\/p>\n<p>ANT\u0130K KENT\u0130N E\u015eS\u0130Z MANZARASI E\u015eL\u0130\u011e\u0130NDE YENI YIL CO\u015eKUSU YA\u015eANDI<\/p>\n<p>Vatanda\u015flar, Soli Pompeiopolis Antik Kenti&#8217;nde d\u00fczenlenen etkinlikten duyduklar\u0131 mutlulu\u011fu dile getirdi. Etkinli\u011fe ailesiyle kat\u0131lan bir vatanda\u015f, &#8220;Bu kadar g\u00fczel bir ortamda yeni y\u0131l\u0131 kar\u015f\u0131lamak bizim i\u00e7in \u00e7ok \u00f6zel oldu. Dans g\u00f6sterilerinden konserlere kadar her \u015fey harikayd\u0131. \u00c7ocuklar\u0131m\u0131z da \u00e7ok e\u011flendi. Ba\u015fkan\u0131m\u0131za te\u015fekk\u00fcr ediyoruz&#8221; dedi.<\/p>\n<p>Bir di\u011fer kat\u0131l\u0131mc\u0131 ise, &#8220;Antik bir kentte y\u0131lba\u015f\u0131 pazar\u0131 ve konserler d\u00fczenlenmesi ger\u00e7ekten \u00e7ok anlaml\u0131. Manzara e\u015fli\u011finde dans g\u00f6sterilerini izlemek ve bu atmosferde yeni y\u0131l\u0131 kar\u015f\u0131lamak unutulmaz bir deneyimdi. B\u00f6yle organizasyonlar\u0131n daha s\u0131k yap\u0131lmas\u0131n\u0131 isteriz&#8221; diye konu\u015ftu.<\/p>\n<p>&#8221;YEN\u0130 YILI MEZ\u0130TL\u0130M\u0130ZE YAKI\u015eIR \u015eEK\u0130LDE KAR\u015eILADIK&#8221;<\/p>\n<p>Ba\u015fkan Ahmet Serkan Tuncer, y\u0131lba\u015f\u0131 co\u015fkusunu vatanda\u015flarla birlikte ya\u015farken, &#8220;Yeni y\u0131l\u0131, Mezitlimize yak\u0131\u015f\u0131r bir \u015fekilde kar\u015f\u0131lad\u0131k. Her ya\u015ftan hem\u015fehrimizin y\u00fcz\u00fcndeki g\u00fcl\u00fcmsemeyi g\u00f6rmek, buray\u0131 daha da anlaml\u0131 k\u0131ld\u0131. Kat\u0131lan herkese te\u015fekk\u00fcr ediyorum, 2025 y\u0131l\u0131 hepimize sa\u011fl\u0131k, mutluluk ve huzur getirsin&#8221; dedi.<\/p>\n<p>YILBA\u015eI \u00c7AR\u015eISI  YO\u011eUN TALEP SEBEB\u0130YLE 3 OCAK&#8217;A KADAR A\u00c7IK<\/p>\n<p>Vatanda\u015flardan gelen yo\u011fun talep nedeniyle y\u0131lba\u015f\u0131 pazar\u0131 etkinlikleri 3 Ocak Cuma g\u00fcn\u00fcne kadar uzat\u0131ld\u0131. Soli Pompeiopolis Antik Kenti&#8217;nde y\u0131lba\u015f\u0131 pazar\u0131n\u0131 gezme f\u0131rsat\u0131 bulan Mezitlililer, e\u015fsiz manzara e\u015fli\u011finde etkinliklere kat\u0131lmaktan duyduklar\u0131 memnuniyeti dile getirerek, Ba\u015fkan Tuncer&#8217;e te\u015fekk\u00fcrlerini iletti.<\/p>\n","protected":false},"excerpt":{"rendered":"<p>Mezitli Belediyesi, 2025 y\u0131l\u0131na g\u00fczel bir ba\u015flang\u0131\u00e7 yapmak isteyen vatanda\u015flar i\u00e7in Soli Pompeiopolis Antik Kenti&#8217;nde y\u0131lba\u015f\u0131 pazar\u0131 etkinlikleri d\u00fczenledi. Mezitli Belediye Ba\u015fkan\u0131 Ahmet Serkan Tuncer&#8217;in kat\u0131l\u0131mlar\u0131yla 4 g\u00fcn boyunca s\u00fcren &hellip; <a href=\"https:\/\/akdenizolaygazetesi.com\/?p=33602\" class=\"more-link\">Devam\u0131n\u0131 Oku&#8230;<\/a><\/p>\n","protected":false},"author":2,"featured_media":33603,"comment_status":"open","ping_status":"open","sticky":false,"template":"","format":"standard","meta":[],"categories":[1,2,3],"tags":[],"_links":{"self":[{"href":"https:\/\/akdenizolaygazetesi.com\/index.php?rest_route=\/wp\/v2\/posts\/33602"}],"collection":[{"href":"https:\/\/akdenizolaygazetesi.com\/index.php?rest_route=\/wp\/v2\/posts"}],"about":[{"href":"https:\/\/akdenizolaygazetesi.com\/index.php?rest_route=\/wp\/v2\/types\/post"}],"author":[{"embeddable":true,"href":"https:\/\/akdenizolaygazetesi.com\/index.php?rest_route=\/wp\/v2\/users\/2"}],"replies":[{"embeddable":true,"href":"https:\/\/akdenizolaygazetesi.com\/index.php?rest_route=%2Fwp%2Fv2%2Fcomments&post=33602"}],"version-history":[{"count":1,"href":"https:\/\/akdenizolaygazetesi.com\/index.php?rest_route=\/wp\/v2\/posts\/33602\/revisions"}],"predecessor-version":[{"id":33604,"href":"https:\/\/akdenizolaygazetesi.com\/index.php?rest_route=\/wp\/v2\/posts\/33602\/revisions\/33604"}],"wp:featuredmedia":[{"embeddable":true,"href":"https:\/\/akdenizolaygazetesi.com\/index.php?rest_route=\/wp\/v2\/media\/33603"}],"wp:attachment":[{"href":"https:\/\/akdenizolaygazetesi.com\/index.php?rest_route=%2Fwp%2Fv2%2Fmedia&parent=33602"}],"wp:term":[{"taxonomy":"category","embeddable":true,"href":"https:\/\/akdenizolaygazetesi.com\/index.php?rest_route=%2Fwp%2Fv2%2Fcategories&post=33602"},{"taxonomy":"post_tag","embeddable":true,"href":"https:\/\/akdenizolaygazetesi.com\/index.php?rest_route=%2Fwp%2Fv2%2Ftags&post=33602"}],"curies":[{"name":"wp","href":"https:\/\/api.w.org\/{rel}","templated":true}]}}