{"id":33689,"date":"2025-01-09T15:39:27","date_gmt":"2025-01-09T12:39:27","guid":{"rendered":"http:\/\/akdenizolaygazetesi.com\/?p=33689"},"modified":"2025-01-09T15:39:27","modified_gmt":"2025-01-09T12:39:27","slug":"bir-isik-bir-nefes-projesiyle-alzheimera-karsi-umut-dolu-bir-adim","status":"publish","type":"post","link":"https:\/\/akdenizolaygazetesi.com\/?p=33689","title":{"rendered":"\u201cB\u0130R I\u015eIK, B\u0130R NEFES\u201d PROJES\u0130YLE ALZHE\u0130MER\u2019A KAR\u015eI UMUT DOLU B\u0130R ADIM"},"content":{"rendered":"<p>Tarsus Belediyesi&#8217;nden Alzheimer hastalar\u0131na ve bak\u0131m verenlere b\u00fcy\u00fck destek olacak \u201cBir I\u015f\u0131k Bir Nefes\u201d projesi hayata ge\u00e7iyor. Proje lansman\u0131na kat\u0131lan Tarsus Belediye Ba\u015fkan\u0131 Ali Bolta\u00e7, \u201c Bu proje hastalar\u0131m\u0131z i\u00e7in ayr\u0131, onlar\u0131n bakmakla m\u00fckellef olan aileleri i\u00e7in ayr\u0131 bir \u00f6nemi vard\u0131r. Ailelerin ve sizlerin daha iyi ko\u015fullarda ya\u015famas\u0131 ve hastal\u0131\u011f\u0131n ilerlememesi ad\u0131na b\u00f6yle bir projeyi imza atmaktan \u00e7ok mutluyum.\u201d dedi.<\/p>\n<p>Tarsus Belediyesi, T\u00fcrkiye Alzheimer Derne\u011fi Mersin \u015eubesi ve Mersin Alzheimer Derne\u011fi i\u015f birli\u011fiyle Alzheimer hastalar\u0131 ve onlar\u0131n bak\u0131m verenlerine y\u00f6nelik projeyi ba\u015flatt\u0131. &#8220;Bir I\u015f\u0131k, Bir Nefes&#8221; ad\u0131yla hayata ge\u00e7irilen bu proje, Alzheimer hastalar\u0131n\u0131n ya\u015fam kalitesini art\u0131rmay\u0131 ve bak\u0131m verenlerin \u00fczerindeki y\u00fck\u00fc hafifletmeyi ama\u00e7l\u0131yor.<\/p>\n<p>\u00dcCRETS\u0130Z H\u0130ZMET VE KAPSAMLI DESTEK<\/p>\n<p>Tamamen \u00fccretsiz olarak sunulan proje kapsam\u0131nda, ilk evre Alzheimer hastalar\u0131, belediyenin tahsis etti\u011fi ara\u00e7larla evlerinden al\u0131narak Tarsus \u00dclker Ayd\u0131n Ya\u015fl\u0131 Dayan\u0131\u015fma ve Erin\u00e7 Evi\u2019ne getirilecek. Burada uzmanlar e\u015fli\u011finde zihinsel, fiziksel ve sosyal aktiviteler ger\u00e7ekle\u015ftirilecek. Bu aktiviteler, hastalar\u0131n bili\u015fsel fonksiyonlar\u0131n\u0131 desteklerken, sosyal ba\u011flar\u0131n\u0131 g\u00fc\u00e7lendirmeyi ve g\u00fcnl\u00fck ya\u015famlar\u0131na pozitif bir katk\u0131 sa\u011flamay\u0131 hedefliyor.<\/p>\n<p>\u201cTARSUS BELED\u0130YES\u0130 OLARAK BU ETK\u0130NL\u0130\u011eE DESTEK VERMEK \u00c7OK \u00d6NEML\u0130\u201d<\/p>\n<p>Hastal\u0131\u011f\u0131n ilerlememesi i\u00e7in \u00f6nemli bir proje oldu\u011funun alt\u0131n\u0131 \u00e7izen Ba\u015fkan Bolta\u00e7, \u201cBen bu kentin evlad\u0131y\u0131m ve bu kente borcum var. Benim sorumlulu\u011fum bu kente ihanet etmemek, bu kentte ya\u015f alm\u0131\u015flar\u0131m\u0131z\u0131n bilgi birikimini, deneyimini gen\u00e7lerimize aktarmak. Bir belediye ba\u015fkan\u0131 olarak makam ve mevkim ne kadar y\u00fckselirse, benim boynum sizlerin \u00f6n\u00fcnde o kadar e\u011filecektir. Ki\u015fisel bir beklentisi olan bir adam de\u011filim. Toplumsal menfaatler benim i\u00e7in her \u015feyden \u00f6nce geliyor. O y\u00fczden derne\u011fimizin bug\u00fcn burada yapm\u0131\u015f oldu\u011fu etkinlik \u00e7ok \u00f6nemli. Tarsus Belediyesi olarak bu etkinli\u011fe destek vermek \u00e7ok \u00f6nemli. Bu proje hastalar\u0131m\u0131z i\u00e7in ayr\u0131, onlar\u0131n bakmakla m\u00fckellef olan aileleri i\u00e7in ayr\u0131 bir \u00f6nemi vard\u0131r. Ailelerin ve sizlerin daha iyi ko\u015fullarda ya\u015famas\u0131 ve hastal\u0131\u011f\u0131n ilerlememesi ad\u0131na b\u00f6yle bir projeyi imza atmaktan \u00e7ok mutluyum.\u201d \u015feklinde konu\u015ftu.<\/p>\n<p>\u201cBU PROJEYE \u0130MZA ATMAKTAN MUTLULUK DUYUYORUM\u201d<\/p>\n<p>Bu projede var olmaktan mutluluk duydu\u011funu kaydeden Tarsus Belediye Ba\u015fkan\u0131 Ali Bolta\u00e7, \u201cBen Alzheimer hastalar\u0131n\u0131n derdini anl\u0131yorum ama onlara bakanlar\u0131nda derdini de anlamak laz\u0131m. 7\/24 onlara bakmakla y\u00fck\u00fcml\u00fc aileler var. Biz g\u00f6rev ba\u015f\u0131na geldik. \u00d6ncelikle mali disiplinimizi sa\u011flamam\u0131z gerekiyordu. Bu arada Alzheimer Derne\u011fi kap\u0131m\u0131z\u0131 \u00e7alarak projeyi devreye koyal\u0131m dedi. Ailesinde Alzheimer hastas\u0131 biriyle ya\u015fam\u0131\u015f birisi olarak bu proje i\u00e7in ger\u00e7ekten \u00e7ok heyecanland\u0131m. Projeye imza atmaktan mutluluk duyuyorum.\u201d diye ifade etti.<\/p>\n<p>\u201cALZHE\u0130MER OLDUK\u00c7A MAL\u0130YETL\u0130 B\u0130R HASTALIKTIR\u201d<\/p>\n<p>Proje bilgilendirme konu\u015fmas\u0131 ger\u00e7ekle\u015ftiren Dr. Esin Esen Deliba\u015f, \u201c Demans yani bunaman\u0131n t\u00fcr\u00fc olan Alzheimer, \u00e7a\u011f\u0131n hastal\u0131\u011f\u0131 \u00f6ng\u00f6r\u00fclmektedir. Bu hastal\u0131k ilerleyen ya\u015flarda \u00e7ok daha s\u0131k kar\u015f\u0131ya \u00e7\u0131karmaktad\u0131r. Kesin tedavisi olmayan Alzheimer olduk\u00e7a maliyetli bir hastal\u0131kt\u0131r. \u00c7ok uzun s\u00fcre hastal\u0131kla birlikte ya\u015fan\u0131r.\u201d diyerek hastal\u0131kla ilgili bilgi verdi.<\/p>\n<p>\u201cBU PROJEDE DERNEK OLARAK EL\u0130M\u0130ZDEN GELEN HER \u015eEY\u0130 YAPACA\u011eIZ\u201d<\/p>\n<p>Projenin \u00f6nemli oldu\u011funu ifade ederek konu\u015fma yapan Prof. Dr. Aynur \u00d6zge, \u201c Hastalar\u0131m\u0131z\u0131n buraya ilk geli\u015fiyle, aylar sonra geli\u015findeki de\u011fi\u015fimine birebir tan\u0131kl\u0131k ettik. Burada da inan\u0131yorum bekleme listeleri hemen dolacak. De\u011ferli ba\u015fkan\u0131m\u0131z ve payda\u015flar inan\u0131yoruz ki bunun \u00e7\u0131kt\u0131lar\u0131yla motive olacaklar.  Daha fazla alan yaratmak i\u00e7in seferber olacaklar. \u00c7ok \u00f6nemli bir ba\u015flang\u0131\u00e7. Bu \u00e7al\u0131\u015fma i\u00e7in ba\u015fkan\u0131m\u0131za, t\u00fcm belediye \u00e7al\u0131\u015fanlar\u0131na ve Tarsus meleklerimize te\u015fekk\u00fcr ediyorum.  Bu projede dernek olarak elimizden gelen her \u015feyi yapaca\u011f\u0131z.\u201d dedi.<\/p>\n","protected":false},"excerpt":{"rendered":"<p>Tarsus Belediyesi&#8217;nden Alzheimer hastalar\u0131na ve bak\u0131m verenlere b\u00fcy\u00fck destek olacak \u201cBir I\u015f\u0131k Bir Nefes\u201d projesi hayata ge\u00e7iyor. Proje lansman\u0131na kat\u0131lan Tarsus Belediye Ba\u015fkan\u0131 Ali Bolta\u00e7, \u201c Bu proje hastalar\u0131m\u0131z i\u00e7in &hellip; <a href=\"https:\/\/akdenizolaygazetesi.com\/?p=33689\" class=\"more-link\">Devam\u0131n\u0131 Oku&#8230;<\/a><\/p>\n","protected":false},"author":2,"featured_media":33690,"comment_status":"open","ping_status":"open","sticky":false,"template":"","format":"standard","meta":[],"categories":[1,2,3],"tags":[],"_links":{"self":[{"href":"https:\/\/akdenizolaygazetesi.com\/index.php?rest_route=\/wp\/v2\/posts\/33689"}],"collection":[{"href":"https:\/\/akdenizolaygazetesi.com\/index.php?rest_route=\/wp\/v2\/posts"}],"about":[{"href":"https:\/\/akdenizolaygazetesi.com\/index.php?rest_route=\/wp\/v2\/types\/post"}],"author":[{"embeddable":true,"href":"https:\/\/akdenizolaygazetesi.com\/index.php?rest_route=\/wp\/v2\/users\/2"}],"replies":[{"embeddable":true,"href":"https:\/\/akdenizolaygazetesi.com\/index.php?rest_route=%2Fwp%2Fv2%2Fcomments&post=33689"}],"version-history":[{"count":1,"href":"https:\/\/akdenizolaygazetesi.com\/index.php?rest_route=\/wp\/v2\/posts\/33689\/revisions"}],"predecessor-version":[{"id":33691,"href":"https:\/\/akdenizolaygazetesi.com\/index.php?rest_route=\/wp\/v2\/posts\/33689\/revisions\/33691"}],"wp:featuredmedia":[{"embeddable":true,"href":"https:\/\/akdenizolaygazetesi.com\/index.php?rest_route=\/wp\/v2\/media\/33690"}],"wp:attachment":[{"href":"https:\/\/akdenizolaygazetesi.com\/index.php?rest_route=%2Fwp%2Fv2%2Fmedia&parent=33689"}],"wp:term":[{"taxonomy":"category","embeddable":true,"href":"https:\/\/akdenizolaygazetesi.com\/index.php?rest_route=%2Fwp%2Fv2%2Fcategories&post=33689"},{"taxonomy":"post_tag","embeddable":true,"href":"https:\/\/akdenizolaygazetesi.com\/index.php?rest_route=%2Fwp%2Fv2%2Ftags&post=33689"}],"curies":[{"name":"wp","href":"https:\/\/api.w.org\/{rel}","templated":true}]}}