{"id":33695,"date":"2025-01-09T15:41:21","date_gmt":"2025-01-09T12:41:21","guid":{"rendered":"http:\/\/akdenizolaygazetesi.com\/?p=33695"},"modified":"2025-01-09T15:41:21","modified_gmt":"2025-01-09T12:41:21","slug":"baskan-secerden-10-ocak-calisan-gazeteciler-gunu-mesaji","status":"publish","type":"post","link":"https:\/\/akdenizolaygazetesi.com\/?p=33695","title":{"rendered":"BA\u015eKAN SE\u00c7ER\u2019DEN \u201810 OCAK \u00c7ALI\u015eAN GAZETEC\u0130LER G\u00dcN\u00dc\u2019 MESAJI"},"content":{"rendered":"<p>Mersin B\u00fcy\u00fck\u015fehir Belediye Ba\u015fkan\u0131 Vahap Se\u00e7er, &#8217;10 Ocak \u00c7al\u0131\u015fan Gazeteciler G\u00fcn\u00fc&#8217; dolay\u0131s\u0131yla yaz\u0131l\u0131 bir mesaj yay\u0131mlad\u0131. <\/p>\n<p>Se\u00e7er, mesaj\u0131nda \u015fu ifadelere yer verdi:<\/p>\n<p>&#8220;Demokrasinin en \u00f6nemli unsurlar\u0131ndan biri \u00f6zg\u00fcr ve ba\u011f\u0131ms\u0131z bir bas\u0131nd\u0131r. Halk\u0131n g\u00f6z\u00fc, kula\u011f\u0131 ve sesi olan gazeteciler, kamuoyunun do\u011fru bilgiye ula\u015fmas\u0131 i\u00e7in b\u00fcy\u00fck bir \u00f6zveriyle \u00e7al\u0131\u015fmaktad\u0131r.<\/p>\n<p>Ne yaz\u0131k ki g\u00fcn\u00fcm\u00fczde gazeteciler a\u011f\u0131r bask\u0131larla kar\u015f\u0131 kar\u015f\u0131ya kalmakta, sans\u00fcr, ekonomik zorluklar, \u00f6zl\u00fck haklar\u0131nda yetersiz d\u00fczenlemeler ve \u00e7e\u015fitli engellerle m\u00fccadele etmek zorunda b\u0131rak\u0131lmaktad\u0131r. Ger\u00e7eklerin yerine propagandan\u0131n kondu\u011fu bir ortamda, halk\u0131n do\u011fru bilgiye eri\u015fimi giderek zorla\u015fmaktad\u0131r.<\/p>\n<p>T\u00fcm bu zorluklara ra\u011fmen meslek onurunu koruyan, halk\u0131n haber alma hakk\u0131n\u0131 savunan bas\u0131n emek\u00e7ileri, demokrasinin g\u00fcvencesidir. Onlar\u0131n kararl\u0131l\u0131\u011f\u0131 ve cesareti hepimize ilham vermektedir.<\/p>\n<p>10 Ocak \u00c7al\u0131\u015fan Gazeteciler G\u00fcn\u00fc&#8217;n\u00fcn, ifade \u00f6zg\u00fcrl\u00fc\u011f\u00fcn\u00fcn g\u00fcvence alt\u0131na al\u0131nd\u0131\u011f\u0131 ve \u00f6zg\u00fcr bir bas\u0131n ortam\u0131n\u0131n in\u015fa edildi\u011fi bir gelece\u011fe vesile olmas\u0131n\u0131 diliyorum. G\u00f6revini fedak\u00e2rl\u0131kla yerine getiren t\u00fcm gazetecilerin g\u00fcn\u00fcn\u00fc kutluyor, ba\u015far\u0131lar diliyorum.&#8221;<\/p>\n","protected":false},"excerpt":{"rendered":"<p>Mersin B\u00fcy\u00fck\u015fehir Belediye Ba\u015fkan\u0131 Vahap Se\u00e7er, &#8217;10 Ocak \u00c7al\u0131\u015fan Gazeteciler G\u00fcn\u00fc&#8217; dolay\u0131s\u0131yla yaz\u0131l\u0131 bir mesaj yay\u0131mlad\u0131. Se\u00e7er, mesaj\u0131nda \u015fu ifadelere yer verdi: &#8220;Demokrasinin en \u00f6nemli unsurlar\u0131ndan biri \u00f6zg\u00fcr ve ba\u011f\u0131ms\u0131z &hellip; <a href=\"https:\/\/akdenizolaygazetesi.com\/?p=33695\" class=\"more-link\">Devam\u0131n\u0131 Oku&#8230;<\/a><\/p>\n","protected":false},"author":2,"featured_media":33696,"comment_status":"open","ping_status":"open","sticky":false,"template":"","format":"standard","meta":[],"categories":[1,2,3],"tags":[],"_links":{"self":[{"href":"https:\/\/akdenizolaygazetesi.com\/index.php?rest_route=\/wp\/v2\/posts\/33695"}],"collection":[{"href":"https:\/\/akdenizolaygazetesi.com\/index.php?rest_route=\/wp\/v2\/posts"}],"about":[{"href":"https:\/\/akdenizolaygazetesi.com\/index.php?rest_route=\/wp\/v2\/types\/post"}],"author":[{"embeddable":true,"href":"https:\/\/akdenizolaygazetesi.com\/index.php?rest_route=\/wp\/v2\/users\/2"}],"replies":[{"embeddable":true,"href":"https:\/\/akdenizolaygazetesi.com\/index.php?rest_route=%2Fwp%2Fv2%2Fcomments&post=33695"}],"version-history":[{"count":1,"href":"https:\/\/akdenizolaygazetesi.com\/index.php?rest_route=\/wp\/v2\/posts\/33695\/revisions"}],"predecessor-version":[{"id":33697,"href":"https:\/\/akdenizolaygazetesi.com\/index.php?rest_route=\/wp\/v2\/posts\/33695\/revisions\/33697"}],"wp:featuredmedia":[{"embeddable":true,"href":"https:\/\/akdenizolaygazetesi.com\/index.php?rest_route=\/wp\/v2\/media\/33696"}],"wp:attachment":[{"href":"https:\/\/akdenizolaygazetesi.com\/index.php?rest_route=%2Fwp%2Fv2%2Fmedia&parent=33695"}],"wp:term":[{"taxonomy":"category","embeddable":true,"href":"https:\/\/akdenizolaygazetesi.com\/index.php?rest_route=%2Fwp%2Fv2%2Fcategories&post=33695"},{"taxonomy":"post_tag","embeddable":true,"href":"https:\/\/akdenizolaygazetesi.com\/index.php?rest_route=%2Fwp%2Fv2%2Ftags&post=33695"}],"curies":[{"name":"wp","href":"https:\/\/api.w.org\/{rel}","templated":true}]}}