{"id":33698,"date":"2025-01-09T15:43:05","date_gmt":"2025-01-09T12:43:05","guid":{"rendered":"http:\/\/akdenizolaygazetesi.com\/?p=33698"},"modified":"2025-01-09T15:43:05","modified_gmt":"2025-01-09T12:43:05","slug":"chp-mersin-milletvekili-gulcan-kis-10-ocak-gazeteciler-gununu-kutladi","status":"publish","type":"post","link":"https:\/\/akdenizolaygazetesi.com\/?p=33698","title":{"rendered":"CHP Mersin Milletvekili G\u00fclcan K\u0131\u015f 10 Ocak Gazeteciler G\u00fcn\u00fc\u2019n\u00fc Kutlad\u0131"},"content":{"rendered":"<p>CHP Mersin Milletvekili G\u00fclcan K\u0131\u015f, 10 Ocak \u00c7al\u0131\u015fan Gazeteciler G\u00fcn\u00fc dolay\u0131s\u0131yla bir a\u00e7\u0131klama yapt\u0131. G\u00fclcan K\u0131\u015f, bas\u0131n \u00f6zg\u00fcrl\u00fc\u011f\u00fcn\u00fcn demokratik bir toplumun temel ta\u015flar\u0131ndan biri oldu\u011funu vurgulayarak, bas\u0131n\u0131n kar\u015f\u0131la\u015ft\u0131\u011f\u0131 bask\u0131lara dikkat \u00e7ekti ve gazetecilere destek verdi.<\/p>\n<p>CHP&#8217;li G\u00fclcan K\u0131\u015f, &#8220;Bir \u00fclkede demokrasinin d\u00fczeyini \u00f6l\u00e7mek istiyorsan\u0131z, bas\u0131n ve ifade \u00f6zg\u00fcrl\u00fc\u011f\u00fcne bakman\u0131z yeterlidir. Ne yaz\u0131k ki \u00fclkemizde medya \u00fczerindeki bask\u0131lar, sans\u00fcr ve oto sans\u00fcr sistematik hale gelmi\u015f durumda. Gazeteciler tutuklan\u0131yor, ele\u015ftirel haberlere yay\u0131n yasaklar\u0131 uygulan\u0131yor ve halk\u0131n do\u011fru bilgiye eri\u015fimi engelleniyor&#8221; ifadelerini kulland\u0131.<\/p>\n<p>G\u00fclcan K\u0131\u015f, iktidar\u0131n RT\u00dcK, Bas\u0131n \u0130lan Kurumu ve \u0130leti\u015fim Ba\u015fkanl\u0131\u011f\u0131 gibi kurumlar\u0131 ara\u00e7salla\u015ft\u0131rarak, muhalif medya \u00fczerinde bask\u0131 kurdu\u011funu belirtti. &#8220;Ger\u00e7ekleri yazmaya \u00e7al\u0131\u015fan gazeteciler cezaland\u0131r\u0131l\u0131rken, iktidara yak\u0131n medya \u00f6d\u00fcllendiriliyor. Bu, yaln\u0131zca gazetecilerin de\u011fil, halk\u0131n haber alma hakk\u0131n\u0131n da ihlalidir&#8221; dedi.<\/p>\n<p>CHP&#8217;li G\u00fclcan K\u0131\u015f, a\u00e7\u0131klamas\u0131n\u0131 \u015f\u00f6yle s\u00fcrd\u00fcrd\u00fc: &#8220;Halk\u0131n do\u011fru bilgiye ula\u015fabilmesi ve bas\u0131n\u0131n \u00f6zg\u00fcr bir \u015fekilde g\u00f6revini yerine getirebilmesi i\u00e7in m\u00fccadele etmeye devam edece\u011fiz. Bask\u0131lara ra\u011fmen kaleminin onurunu koruyan, halk ad\u0131na ger\u00e7ekleri yazmaya devam eden t\u00fcm gazetecilere te\u015fekk\u00fcr ediyorum. Bu zor \u015fartlar alt\u0131nda meslek onurunu koruyan gazeteciler, tarihte demokrasinin en \u00f6nemli savunucular\u0131 olarak hat\u0131rlanacakt\u0131r.&#8221;<\/p>\n<p>G\u00fclcan K\u0131\u015f, t\u00fcm bas\u0131n emek\u00e7ilerinin 10 Ocak \u00c7al\u0131\u015fan Gazeteciler G\u00fcn\u00fc&#8217;n\u00fc kutlayarak, \u00f6zg\u00fcr ve demokratik bir medya d\u00fczeni i\u00e7in kararl\u0131l\u0131kla m\u00fccadele etmeye devam edeceklerini ifade etti.<\/p>\n","protected":false},"excerpt":{"rendered":"<p>CHP Mersin Milletvekili G\u00fclcan K\u0131\u015f, 10 Ocak \u00c7al\u0131\u015fan Gazeteciler G\u00fcn\u00fc dolay\u0131s\u0131yla bir a\u00e7\u0131klama yapt\u0131. G\u00fclcan K\u0131\u015f, bas\u0131n \u00f6zg\u00fcrl\u00fc\u011f\u00fcn\u00fcn demokratik bir toplumun temel ta\u015flar\u0131ndan biri oldu\u011funu vurgulayarak, bas\u0131n\u0131n kar\u015f\u0131la\u015ft\u0131\u011f\u0131 bask\u0131lara dikkat &hellip; <a href=\"https:\/\/akdenizolaygazetesi.com\/?p=33698\" class=\"more-link\">Devam\u0131n\u0131 Oku&#8230;<\/a><\/p>\n","protected":false},"author":2,"featured_media":33699,"comment_status":"open","ping_status":"open","sticky":false,"template":"","format":"standard","meta":[],"categories":[1,2,3],"tags":[],"_links":{"self":[{"href":"https:\/\/akdenizolaygazetesi.com\/index.php?rest_route=\/wp\/v2\/posts\/33698"}],"collection":[{"href":"https:\/\/akdenizolaygazetesi.com\/index.php?rest_route=\/wp\/v2\/posts"}],"about":[{"href":"https:\/\/akdenizolaygazetesi.com\/index.php?rest_route=\/wp\/v2\/types\/post"}],"author":[{"embeddable":true,"href":"https:\/\/akdenizolaygazetesi.com\/index.php?rest_route=\/wp\/v2\/users\/2"}],"replies":[{"embeddable":true,"href":"https:\/\/akdenizolaygazetesi.com\/index.php?rest_route=%2Fwp%2Fv2%2Fcomments&post=33698"}],"version-history":[{"count":1,"href":"https:\/\/akdenizolaygazetesi.com\/index.php?rest_route=\/wp\/v2\/posts\/33698\/revisions"}],"predecessor-version":[{"id":33700,"href":"https:\/\/akdenizolaygazetesi.com\/index.php?rest_route=\/wp\/v2\/posts\/33698\/revisions\/33700"}],"wp:featuredmedia":[{"embeddable":true,"href":"https:\/\/akdenizolaygazetesi.com\/index.php?rest_route=\/wp\/v2\/media\/33699"}],"wp:attachment":[{"href":"https:\/\/akdenizolaygazetesi.com\/index.php?rest_route=%2Fwp%2Fv2%2Fmedia&parent=33698"}],"wp:term":[{"taxonomy":"category","embeddable":true,"href":"https:\/\/akdenizolaygazetesi.com\/index.php?rest_route=%2Fwp%2Fv2%2Fcategories&post=33698"},{"taxonomy":"post_tag","embeddable":true,"href":"https:\/\/akdenizolaygazetesi.com\/index.php?rest_route=%2Fwp%2Fv2%2Ftags&post=33698"}],"curies":[{"name":"wp","href":"https:\/\/api.w.org\/{rel}","templated":true}]}}