{"id":33753,"date":"2025-01-13T12:10:20","date_gmt":"2025-01-13T09:10:20","guid":{"rendered":"http:\/\/akdenizolaygazetesi.com\/?p=33753"},"modified":"2025-01-13T12:10:20","modified_gmt":"2025-01-13T09:10:20","slug":"belediye-hizmetleri-aksamadan-devam-edecek","status":"publish","type":"post","link":"https:\/\/akdenizolaygazetesi.com\/?p=33753","title":{"rendered":"&#8220;BELED\u0130YE H\u0130ZMETLER\u0130 AKSAMADAN DEVAM EDECEK&#8221;"},"content":{"rendered":"<p>\u0130\u00e7i\u015fleri Bakanl\u0131\u011f\u0131&#8217;n\u0131n 13 Ocak 2025 tarihli karar\u0131yla Merkez \u0130l\u00e7e Akdeniz Kaymakam\u0131 Zeyit \u015eener, Akdeniz Belediyesi Ba\u015fkan Vekili olarak atand\u0131. \u015eener, il\u00e7e genelinde belediye hizmet, proje ve \u00e7al\u0131\u015fmalar\u0131n aksamadan s\u00fcrece\u011finin alt\u0131n\u0131 \u00e7izdi. <\/p>\n<p>Sabah saatlerinde Akdeniz Belediyesi merkez hizmet binas\u0131na gelen Zeyit \u015eener, Ba\u015fkanl\u0131k makam\u0131na ge\u00e7erek g\u00f6revine ba\u015flad\u0131.<\/p>\n<p>K\u0131sa bir a\u00e7\u0131klama yapan Akdeniz Belediyesi Ba\u015fkan Vekili Zeyit \u015eener, kent sakini vatanda\u015flar\u0131n huzur ve g\u00fcvenli\u011fi i\u00e7in gerekli b\u00fct\u00fcn tedbirlerin kararl\u0131l\u0131kla s\u00fcrece\u011fini ifade etti.<\/p>\n<p>\u015eener, ayr\u0131ca Akdeniz il\u00e7esi genelinde hizmet ve projelerin kesintisiz ve ay\u0131r\u0131ms\u0131z bir \u015fekilde devam edece\u011finin de alt\u0131n\u0131 \u00e7izdi.<\/p>\n","protected":false},"excerpt":{"rendered":"<p>\u0130\u00e7i\u015fleri Bakanl\u0131\u011f\u0131&#8217;n\u0131n 13 Ocak 2025 tarihli karar\u0131yla Merkez \u0130l\u00e7e Akdeniz Kaymakam\u0131 Zeyit \u015eener, Akdeniz Belediyesi Ba\u015fkan Vekili olarak atand\u0131. \u015eener, il\u00e7e genelinde belediye hizmet, proje ve \u00e7al\u0131\u015fmalar\u0131n aksamadan s\u00fcrece\u011finin alt\u0131n\u0131 &hellip; <a href=\"https:\/\/akdenizolaygazetesi.com\/?p=33753\" class=\"more-link\">Devam\u0131n\u0131 Oku&#8230;<\/a><\/p>\n","protected":false},"author":2,"featured_media":33754,"comment_status":"open","ping_status":"open","sticky":false,"template":"","format":"standard","meta":[],"categories":[1,2,3],"tags":[],"_links":{"self":[{"href":"https:\/\/akdenizolaygazetesi.com\/index.php?rest_route=\/wp\/v2\/posts\/33753"}],"collection":[{"href":"https:\/\/akdenizolaygazetesi.com\/index.php?rest_route=\/wp\/v2\/posts"}],"about":[{"href":"https:\/\/akdenizolaygazetesi.com\/index.php?rest_route=\/wp\/v2\/types\/post"}],"author":[{"embeddable":true,"href":"https:\/\/akdenizolaygazetesi.com\/index.php?rest_route=\/wp\/v2\/users\/2"}],"replies":[{"embeddable":true,"href":"https:\/\/akdenizolaygazetesi.com\/index.php?rest_route=%2Fwp%2Fv2%2Fcomments&post=33753"}],"version-history":[{"count":1,"href":"https:\/\/akdenizolaygazetesi.com\/index.php?rest_route=\/wp\/v2\/posts\/33753\/revisions"}],"predecessor-version":[{"id":33755,"href":"https:\/\/akdenizolaygazetesi.com\/index.php?rest_route=\/wp\/v2\/posts\/33753\/revisions\/33755"}],"wp:featuredmedia":[{"embeddable":true,"href":"https:\/\/akdenizolaygazetesi.com\/index.php?rest_route=\/wp\/v2\/media\/33754"}],"wp:attachment":[{"href":"https:\/\/akdenizolaygazetesi.com\/index.php?rest_route=%2Fwp%2Fv2%2Fmedia&parent=33753"}],"wp:term":[{"taxonomy":"category","embeddable":true,"href":"https:\/\/akdenizolaygazetesi.com\/index.php?rest_route=%2Fwp%2Fv2%2Fcategories&post=33753"},{"taxonomy":"post_tag","embeddable":true,"href":"https:\/\/akdenizolaygazetesi.com\/index.php?rest_route=%2Fwp%2Fv2%2Ftags&post=33753"}],"curies":[{"name":"wp","href":"https:\/\/api.w.org\/{rel}","templated":true}]}}