{"id":33774,"date":"2025-01-14T16:19:44","date_gmt":"2025-01-14T13:19:44","guid":{"rendered":"http:\/\/akdenizolaygazetesi.com\/?p=33774"},"modified":"2025-01-14T16:19:44","modified_gmt":"2025-01-14T13:19:44","slug":"deva-partili-ekmen-erdogan-israile-kurban-olurum-diyen-ibrahim-tatlisesle-sahneye-nasil-sahneye-cikti","status":"publish","type":"post","link":"https:\/\/akdenizolaygazetesi.com\/?p=33774","title":{"rendered":"DEVA Partili Ekmen: Erdo\u011fan, \u2018\u0130srail\u2019e kurban olurum\u2018 diyen \u0130brahim Tatl\u0131ses\u2019le sahneye nas\u0131l sahneye \u00e7\u0131kt\u0131?"},"content":{"rendered":"<p>DEVA Partisi Genel Ba\u015fkan Yard\u0131mc\u0131s\u0131 Mehmet Emin Ekmen, Cumhurba\u015fkan\u0131 Erdo\u011fan\u2019\u0131n \u201cBen \u0130srail\u2019e kurban olurum\u201d diyen \u015fark\u0131c\u0131 \u0130brahim Tatl\u0131ses ile sahneye \u00e7\u0131kmas\u0131n\u0131 ele\u015ftirdi. Cumhurba\u015fkan\u0131 Erdo\u011fan\u2019\u0131n sahneyi payla\u015ft\u0131\u011f\u0131 ve ayn\u0131 kareye girdi\u011fi ki\u015filer konusunda \u00e7ok hassas oldu\u011funa dikkat \u00e7eken Ekmen, \u201cBen \u0130srail&#8217;e kurban olay\u0131m diyen bir zat\u0131n y\u00fcz binin \u00fczerinde \u00f6l\u00fcmle i\u00e7imizin da\u011fland\u0131\u011f\u0131 bir d\u00f6nemde Say\u0131n Cumhurba\u015fkan\u0131 ile ayn\u0131 sahneyi payla\u015fmas\u0131na nas\u0131l izin verilmi\u015ftir? Bu izah\u0131 olmayan bir durumdur!\u201d diyerek tepki g\u00f6sterdi. <\/p>\n<p>DEVA Partisi Genel Ba\u015fkan Yard\u0131mc\u0131s\u0131 ve Mersin Milletvekili Mehmet Emin Ekmen, Habert\u00fcrk ekranlar\u0131nda Gazeteci Faruk Aksoy\u2019un sundu\u011fu \u201cNedir, Ne De\u011fildir\u201d program\u0131nda g\u00fcndemin \u00f6ne \u00e7\u0131kan ba\u015fl\u0131klar\u0131n\u0131 de\u011ferlendirdi. <\/p>\n<p>\u0130brahim Tatl\u0131ses, \u0130sraillere \u2018Ben size kurban olurum\u2019 demi\u015fti!<\/p>\n<p>\u015eark\u0131c\u0131 \u0130brahim Tatl\u0131ses\u2019in AK Parti\u2019nin \u015eanl\u0131urfa Kongresi\u2019nde Cumhurba\u015fkan\u0131 Erdo\u011fan\u2019a \u201cTekrar aday olacak m\u0131s\u0131n\u201d \u00e7\u0131k\u0131\u015f\u0131n\u0131 de\u011ferlendiren Ekmen, Cumhurba\u015fkan\u0131 Erdo\u011fan\u2019\u0131n sahneyi payla\u015ft\u0131\u011f\u0131 ve ayn\u0131 kareye girdi\u011fi ki\u015filer konusunda \u00e7ok hassas oldu\u011funa vurgu yaparak, \u201cBa\u015fka parti ve siyaset\u00e7iler hakk\u0131nda b\u00f6yle ele\u015ftiriler s\u0131kl\u0131kla yap\u0131l\u0131r. En son bir\u00e7ok siyaset\u00e7i ve gazeteci Turhan Sel\u00e7uk m\u00fczesinin a\u00e7\u0131l\u0131\u015f\u0131 nedeniyle Turhan Sel\u00e7uk&#8217;un baz\u0131 karikat\u00fcrlerini hat\u0131rlatarak, Say\u0131n Ekrem \u0130mamo\u011flu&#8217;nu ele\u015ftirdiler. Oysa biz Say\u0131n Tatl\u0131ses&#8217;in bu soyk\u0131r\u0131m giri\u015fiminden hemen \u00f6nce Tel Aviv&#8217;de b\u00fcy\u00fck bir konser verdi\u011fini ve o konserde kendisine tezah\u00fcrat yapan \u0130sraillilere \u2018ben size kurban olay\u0131m, ben \u0130srail&#8217;e kurban olay\u0131m\u2019 diye hitap etti\u011fini g\u00f6r\u00fcyoruz. Bu video ortal\u0131kta duruyor\u201d ifadelerini kullan\u0131yor.<\/p>\n<p>Erdo\u011fan, \u2018\u0130srail\u2019e kurban olurum\u2018 diyenle nas\u0131l ayn\u0131 sahneye \u00e7\u0131kt\u0131? <\/p>\n<p>Cumhurba\u015fkan\u0131 Erdo\u011fan\u2019\u0131n \u201c\u0130srail\u2019e kurban olurum\u201d diyen biriyle sahneyi payla\u015ft\u0131\u011f\u0131n\u0131 vurgulayan Ekmen, \u201cBen \u0130srail&#8217;e kurban olay\u0131m diyen bir zat\u0131n y\u00fcz binin \u00fczerinde \u00f6l\u00fcmle i\u00e7imizin da\u011fland\u0131\u011f\u0131 bir d\u00f6nemde Say\u0131n Cumhurba\u015fkan\u0131 ile ayn\u0131 sahneyi payla\u015fmas\u0131na nas\u0131l izin verilmi\u015ftir? Say\u0131n Cumhurba\u015fkan\u0131 e\u011fer bu konuda bilgi sahibi de\u011filse; bundan kim sorumludur? Kendisi bundan bilgi sahibi ise bu durumda bunu nas\u0131l izah edece\u011fiz? Do\u011frusu duygusal olarak da izah\u0131 olmayan bir durum!\u201d diyerek tepki g\u00f6sterdi.<\/p>\n","protected":false},"excerpt":{"rendered":"<p>DEVA Partisi Genel Ba\u015fkan Yard\u0131mc\u0131s\u0131 Mehmet Emin Ekmen, Cumhurba\u015fkan\u0131 Erdo\u011fan\u2019\u0131n \u201cBen \u0130srail\u2019e kurban olurum\u201d diyen \u015fark\u0131c\u0131 \u0130brahim Tatl\u0131ses ile sahneye \u00e7\u0131kmas\u0131n\u0131 ele\u015ftirdi. Cumhurba\u015fkan\u0131 Erdo\u011fan\u2019\u0131n sahneyi payla\u015ft\u0131\u011f\u0131 ve ayn\u0131 kareye girdi\u011fi &hellip; <a href=\"https:\/\/akdenizolaygazetesi.com\/?p=33774\" class=\"more-link\">Devam\u0131n\u0131 Oku&#8230;<\/a><\/p>\n","protected":false},"author":2,"featured_media":31178,"comment_status":"open","ping_status":"open","sticky":false,"template":"","format":"standard","meta":[],"categories":[1,2,3],"tags":[],"_links":{"self":[{"href":"https:\/\/akdenizolaygazetesi.com\/index.php?rest_route=\/wp\/v2\/posts\/33774"}],"collection":[{"href":"https:\/\/akdenizolaygazetesi.com\/index.php?rest_route=\/wp\/v2\/posts"}],"about":[{"href":"https:\/\/akdenizolaygazetesi.com\/index.php?rest_route=\/wp\/v2\/types\/post"}],"author":[{"embeddable":true,"href":"https:\/\/akdenizolaygazetesi.com\/index.php?rest_route=\/wp\/v2\/users\/2"}],"replies":[{"embeddable":true,"href":"https:\/\/akdenizolaygazetesi.com\/index.php?rest_route=%2Fwp%2Fv2%2Fcomments&post=33774"}],"version-history":[{"count":1,"href":"https:\/\/akdenizolaygazetesi.com\/index.php?rest_route=\/wp\/v2\/posts\/33774\/revisions"}],"predecessor-version":[{"id":33775,"href":"https:\/\/akdenizolaygazetesi.com\/index.php?rest_route=\/wp\/v2\/posts\/33774\/revisions\/33775"}],"wp:featuredmedia":[{"embeddable":true,"href":"https:\/\/akdenizolaygazetesi.com\/index.php?rest_route=\/wp\/v2\/media\/31178"}],"wp:attachment":[{"href":"https:\/\/akdenizolaygazetesi.com\/index.php?rest_route=%2Fwp%2Fv2%2Fmedia&parent=33774"}],"wp:term":[{"taxonomy":"category","embeddable":true,"href":"https:\/\/akdenizolaygazetesi.com\/index.php?rest_route=%2Fwp%2Fv2%2Fcategories&post=33774"},{"taxonomy":"post_tag","embeddable":true,"href":"https:\/\/akdenizolaygazetesi.com\/index.php?rest_route=%2Fwp%2Fv2%2Ftags&post=33774"}],"curies":[{"name":"wp","href":"https:\/\/api.w.org\/{rel}","templated":true}]}}