{"id":33807,"date":"2025-01-15T16:44:23","date_gmt":"2025-01-15T13:44:23","guid":{"rendered":"http:\/\/akdenizolaygazetesi.com\/?p=33807"},"modified":"2025-01-15T16:44:23","modified_gmt":"2025-01-15T13:44:23","slug":"toroslar-belediyesinden-universite-ogrencilerine-egitim-destegi","status":"publish","type":"post","link":"https:\/\/akdenizolaygazetesi.com\/?p=33807","title":{"rendered":"TOROSLAR BELED\u0130YES\u0130NDEN \u00dcN\u0130VERS\u0130TE \u00d6\u011eRENC\u0130LER\u0130NE E\u011e\u0130T\u0130M DESTE\u011e\u0130"},"content":{"rendered":"<p>Toroslar Belediye Ba\u015fkan\u0131 Abdurrahman Y\u0131ld\u0131z, &#8220;Toroslar\u0131m\u0131zda ya\u015fayan \u00f6\u011frencilerimizin e\u011fitimlerine katk\u0131 olmas\u0131 amac\u0131yla belediye olarak sa\u011flad\u0131\u011f\u0131m\u0131z e\u011fitim deste\u011fimizin ilk taksitini hesaplar\u0131na yat\u0131rd\u0131k. Gen\u00e7lerimizin g\u00fczel g\u00fcnlerde harcamas\u0131n\u0131 diliyorum&#8221; dedi.<\/p>\n<p>&#8220;GEN\u00c7LER\u0130M\u0130Z\u0130N YANINDA OLMAYA DEVAM EDECE\u011e\u0130Z&#8221;<\/p>\n<p>\u00d6\u011frencilerin her alanda desteklenmesi gerekti\u011fini ve daima \u00f6\u011frencilerin yan\u0131nda olacaklar\u0131n\u0131 s\u00f6yleyen Ba\u015fkan Y\u0131ld\u0131z, &#8220;Lisans ve \u00f6nlisans \u00f6\u011frencilerimizin maddi y\u00fcklerini bir nebze olsun hafifletmek amac\u0131yla ba\u015flatt\u0131\u011f\u0131m\u0131z bu destek program\u0131yla, gen\u00e7lerimizin yan\u0131nda olman\u0131n mutlulu\u011funu ya\u015f\u0131yoruz. Toroslar Belediyesi olarak e\u011fitime ve gen\u00e7lerimize yat\u0131r\u0131m yapmay\u0131 s\u00fcrd\u00fcrece\u011fiz&#8221; dedi.<\/p>\n<p>Ba\u015fkan Y\u0131ld\u0131z, \u00fclkedeki ekonomik zorluklara ve yoksullu\u011fa da de\u011finerek, &#8220;Ekonomik ko\u015fullar\u0131n a\u011f\u0131rla\u015ft\u0131\u011f\u0131 bu d\u00f6nemde, ailelerimizin ve \u00f6\u011frencilerimizin kar\u015f\u0131la\u015ft\u0131\u011f\u0131 maddi zorluklar\u0131 yak\u0131ndan biliyoruz. Bu deste\u011fimizle hem ailelerin y\u00fck\u00fcn\u00fc hafifletmeyi hem de gen\u00e7lerimizin e\u011fitim hayallerine ula\u015fmalar\u0131n\u0131 sa\u011flamay\u0131 ama\u00e7l\u0131yoruz. E\u011fitime yap\u0131lan yat\u0131r\u0131m, gelece\u011fe yap\u0131lan yat\u0131r\u0131md\u0131r. \u00d6\u011frencilerimizin akademik ve sosyal geli\u015fimlerini desteklemek ad\u0131na farkl\u0131 projeler de hayata ge\u00e7irece\u011fiz. T\u00fcm \u00f6\u011frencilerimize e\u011fitim hayatlar\u0131nda ba\u015far\u0131lar diliyorum&#8221; ifadelerini kulland\u0131.<\/p>\n","protected":false},"excerpt":{"rendered":"<p>Toroslar Belediye Ba\u015fkan\u0131 Abdurrahman Y\u0131ld\u0131z, &#8220;Toroslar\u0131m\u0131zda ya\u015fayan \u00f6\u011frencilerimizin e\u011fitimlerine katk\u0131 olmas\u0131 amac\u0131yla belediye olarak sa\u011flad\u0131\u011f\u0131m\u0131z e\u011fitim deste\u011fimizin ilk taksitini hesaplar\u0131na yat\u0131rd\u0131k. Gen\u00e7lerimizin g\u00fczel g\u00fcnlerde harcamas\u0131n\u0131 diliyorum&#8221; dedi. &#8220;GEN\u00c7LER\u0130M\u0130Z\u0130N YANINDA OLMAYA &hellip; <a href=\"https:\/\/akdenizolaygazetesi.com\/?p=33807\" class=\"more-link\">Devam\u0131n\u0131 Oku&#8230;<\/a><\/p>\n","protected":false},"author":2,"featured_media":33808,"comment_status":"open","ping_status":"open","sticky":false,"template":"","format":"standard","meta":[],"categories":[1,2,3],"tags":[],"_links":{"self":[{"href":"https:\/\/akdenizolaygazetesi.com\/index.php?rest_route=\/wp\/v2\/posts\/33807"}],"collection":[{"href":"https:\/\/akdenizolaygazetesi.com\/index.php?rest_route=\/wp\/v2\/posts"}],"about":[{"href":"https:\/\/akdenizolaygazetesi.com\/index.php?rest_route=\/wp\/v2\/types\/post"}],"author":[{"embeddable":true,"href":"https:\/\/akdenizolaygazetesi.com\/index.php?rest_route=\/wp\/v2\/users\/2"}],"replies":[{"embeddable":true,"href":"https:\/\/akdenizolaygazetesi.com\/index.php?rest_route=%2Fwp%2Fv2%2Fcomments&post=33807"}],"version-history":[{"count":1,"href":"https:\/\/akdenizolaygazetesi.com\/index.php?rest_route=\/wp\/v2\/posts\/33807\/revisions"}],"predecessor-version":[{"id":33809,"href":"https:\/\/akdenizolaygazetesi.com\/index.php?rest_route=\/wp\/v2\/posts\/33807\/revisions\/33809"}],"wp:featuredmedia":[{"embeddable":true,"href":"https:\/\/akdenizolaygazetesi.com\/index.php?rest_route=\/wp\/v2\/media\/33808"}],"wp:attachment":[{"href":"https:\/\/akdenizolaygazetesi.com\/index.php?rest_route=%2Fwp%2Fv2%2Fmedia&parent=33807"}],"wp:term":[{"taxonomy":"category","embeddable":true,"href":"https:\/\/akdenizolaygazetesi.com\/index.php?rest_route=%2Fwp%2Fv2%2Fcategories&post=33807"},{"taxonomy":"post_tag","embeddable":true,"href":"https:\/\/akdenizolaygazetesi.com\/index.php?rest_route=%2Fwp%2Fv2%2Ftags&post=33807"}],"curies":[{"name":"wp","href":"https:\/\/api.w.org\/{rel}","templated":true}]}}