{"id":33839,"date":"2025-01-17T14:19:36","date_gmt":"2025-01-17T11:19:36","guid":{"rendered":"http:\/\/akdenizolaygazetesi.com\/?p=33839"},"modified":"2025-01-17T14:19:36","modified_gmt":"2025-01-17T11:19:36","slug":"bolgesel-egitim-ve-gazeteci-bulusmalari-mersinde-duzenlendi","status":"publish","type":"post","link":"https:\/\/akdenizolaygazetesi.com\/?p=33839","title":{"rendered":"\u2018B\u00f6lgesel E\u011fitim ve Gazeteci Bulu\u015fmalar\u0131\u2019 Mersin\u2019de d\u00fczenlendi"},"content":{"rendered":"<p>D\u00fczenlenen B\u00f6lgesel E\u011fitim ve Gazeteci Bulu\u015fmalar\u0131 etkinli\u011fiyle Mersinli gazetecilere 10 Ocak \u00c7al\u0131\u015fan Gazeteciler G\u00fcn\u00fc etkinlikleri kapsam\u0131nda bir dizi e\u011fitim verildi. <\/p>\n<p>Ankara Gazeteciler Cemiyeti\u2019nin 9. K\u00f6y Projesi kapsam\u0131nda T\u00fcrkiye\u2019nin \u00e7e\u015fitli illerinde d\u00fczenlenen \u2018B\u00f6lgesel E\u011fitim ve Gazeteci Bulu\u015fmalar\u0131 Etkinli\u011fi\u2019 bu kez Mersin Ticaret ve Sanayi Odas\u0131\u2019nda (MTSO) Mersin ve Ankara Gazeteciler Cemiyeti i\u015fbirli\u011finde d\u00fczenlendi. Etkinli\u011fe Mersin \u00dcniversitesi ile Hatay Mustafa Kemal \u00dcniversitesi \u0130leti\u015fim Fak\u00fcltesi dekan ve \u00f6\u011frencileri de kat\u0131ld\u0131. \u0130ki g\u00fcn s\u00fcrecek etkinlik kapsam\u0131nda \u2018De\u011fi\u015fen Gazetecilik ve Hukuki Durum\u2019, \u2018Youtube\u2019da Var Olmak\u2019, \u2018\u0130nternet Haberlerinde Okura Ula\u015fmak: Stratejiler ve Gelir Modelleri\u2019, \u2018Kamera \u00d6n\u00fc ve Arkas\u0131 Video Habercili\u011finin Temelleri\u2019, \u2018Medyada Yeni Aray\u0131\u015flar: Mobil Habercilik\u2019 ve \u2018Kap\u0131s\u0131 Aralanan Yapay Zeka \u00c7a\u011f\u0131\u2019nda Medya\u2019 olmak \u00fczere 6 e\u011fitim mod\u00fcl\u00fc d\u00fczenlenecek. Etkinli\u011fin ikinci g\u00fcn\u00fcnde ileti\u015fim fak\u00fcltesi \u00f6\u011frencilerine mobil bas\u0131n arac\u0131nda uygulamal\u0131 e\u011fitim de verilecek.<br \/>\nEtkinlik \u00f6ncesi MTSO Y\u00f6netim Kurulu Ba\u015fkan\u0131 Hakan Sefa \u00c7ak\u0131r\u2019\u0131 ziyaret eden Mersin Gazeteciler Cemiyeti Ba\u015fkan\u0131 R. Kaya Tepe, Ankara Gazeteciler Cemiyeti Ba\u015fkan Yard\u0131mc\u0131s\u0131 Ali Oru\u00e7 ve Y\u00f6netim Kurulu \u00dcyeleri Zeynep G\u00fcrcanl\u0131 ile \u00d6zlem Akarsu \u00c7elik bir s\u00fcre sohbet edip cemiyet \u00e7al\u0131\u015fmalar\u0131 hakk\u0131nda bilgi payla\u015ft\u0131. Ziyaretin ard\u0131ndan a\u00e7\u0131l\u0131\u015f konu\u015fmalar\u0131yla ba\u015flayan etkinlik, Ba\u015fkan \u00c7ak\u0131r, Mersin B\u00fcy\u00fck\u015fehir Belediyesi Ba\u015fkan Vekili H. Mert Avc\u0131, Mersin Gazeteciler Cemiyeti Ba\u015fkan\u0131 R. Kaya Tepe, Mersin \u00dcniversitesi \u0130leti\u015fim Fak\u00fcltesi Dekan\u0131 Prof. Dr. Asl\u0131han Ard\u0131\u00e7 \u00c7obaner ve Hatay Mustafa Kemal \u00dcniversitesi \u0130leti\u015fim Fak\u00fcltesi Dekan\u0131 Prof. Dr. \u00d6mer Alanka\u2019n\u0131n Ankara Gazeteciler Cemiyeti temsilcileri e\u015fli\u011finde mobil bas\u0131n arac\u0131 hakk\u0131nda bilgi almas\u0131yla devam etti. Etkinlik kapsam\u0131nda moderat\u00f6rl\u00fc\u011f\u00fcn\u00fc Gazeteci \u00d6zlem Akarsu \u00c7elik\u2019in yapt\u0131\u011f\u0131 Gazeteciler Ay\u015fe Say\u0131n Kocaman ile Sedat Bozkurt\u2019un konu\u015fmac\u0131 oldu\u011fu, \u2018Sava\u015f-Diplomasi-Ekonomi \u00dc\u00e7geninin Merkezinde Gazetecilik Mesle\u011fi\u2019 paneli de d\u00fczenlendi. <\/p>\n<p>\u00c7ak\u0131r: \u201cGazetecili\u011fin ya\u015famas\u0131 i\u00e7in sistem kurulmal\u0131\u201d<br \/>\nEtkinli\u011fin a\u00e7\u0131l\u0131\u015f\u0131nda konu\u015fan MTSO Y\u00f6netim Kurulu Ba\u015fkan\u0131 Hakan Sefa \u00c7ak\u0131r, gerek ekonomik ko\u015fullar gerekse teknolojik d\u00f6n\u00fc\u015f\u00fcm nedeniyle gazetecilik mesle\u011finin ge\u00e7irdi\u011fi zorluklara dikkat \u00e7ekerek, gazetecilik mesle\u011finin ya\u015fat\u0131lmas\u0131 i\u00e7in bir sistem kurulmas\u0131 gerekti\u011fini s\u00f6yledi. Sekt\u00f6r\u00fcn hak etti\u011fi noktaya ula\u015fabilmesi i\u00e7in ya\u015fanan sorunlar\u0131n temellerinin do\u011fru tespit edilmesi gerekti\u011fini vurgulayan \u00c7ak\u0131r, \u201c\u00d6rne\u011fin \u00fclkemizde 74 tane ileti\u015fim fak\u00fcltesi var ama bu okullar\u0131 alttan destekleyecek liselerin \u00f6\u011frenci alamad\u0131\u011f\u0131n\u0131 g\u00f6r\u00fcyoruz. Bu kadar \u00e7ok fak\u00fclteye ihtiya\u00e7 var m\u0131? E\u011fitim kalitesini art\u0131rmak i\u00e7in neler yap\u0131lmal\u0131? Bas\u0131n objektif olabiliyor mu? Rahat yaz\u0131 yazabiliyor mu? Gibi bir\u00e7ok soruya yan\u0131t aranmal\u0131\u201d dedi. Son d\u00f6nemlerde sekt\u00f6r\u00fcn internet gazetecili\u011fine do\u011fru evrildi\u011fine dikkat \u00e7eken \u00c7ak\u0131r, bu alanda h\u0131zl\u0131 bir b\u00fcy\u00fcme g\u00f6zlendi\u011fini belirterek, bu h\u0131zl\u0131 b\u00fcy\u00fcmenin getirdi\u011fi sorunlara i\u015faret etti. Bu konuda yasal mevzuat olu\u015fturulmas\u0131, gazetecilik s\u0131n\u0131rlar\u0131n\u0131n \u00e7izilmesi gerekti\u011fini kaydeden \u00c7ak\u0131r, yerel bas\u0131n\u0131n g\u00fc\u00e7l\u00fc olmas\u0131n\u0131n \u00f6nemini dile getirerek i\u015f d\u00fcnyas\u0131n\u0131n bu konuda daha \u00e7ok destek vermesi gerekti\u011fini belirtti. \u00c7ak\u0131r s\u00f6zlerini sorunun \u00e7\u00f6z\u00fcm\u00fc i\u00e7in gazeteci cemiyetleri ve \u00fcniversiteleri birlikte yol haritas\u0131 \u00e7izmeye davet etti. <\/p>\n<p>Oru\u00e7: \u201cGazetecilerle gazeteci adaylar\u0131 aras\u0131ndaki organik ba\u011f koptu\u201d<br \/>\nAnkara Gazeteciler Cemiyet Ba\u015fkan Yard\u0131mc\u0131s\u0131 Ali Oru\u00e7, a\u00e7\u0131l\u0131\u015f konu\u015fmas\u0131nda cemiyet olarak y\u00fcr\u00fctt\u00fckleri etkinlikler hakk\u0131nda k\u0131sa bilgi verip ard\u0131ndan sekt\u00f6r\u00fc de\u011ferlendirdi. Gazetecili\u011fin bir deneyim ve birikim mesle\u011fi oldu\u011funu, deneyim aktar\u0131m\u0131n\u0131n ise kar\u015f\u0131l\u0131kl\u0131 \u00f6\u011frenme s\u00fcrecini olu\u015fturdu\u011funu kaydeden Oru\u00e7, \u201cNe yaz\u0131k ki g\u00fcn\u00fcm\u00fczde gazetecilerle gazeteci adaylar\u0131 aras\u0131ndaki organik ba\u011f hi\u00e7 olmad\u0131\u011f\u0131 kadar koptu. Bu nedenle 9. K\u00f6y Projesi kapsam\u0131nda gazeteciler ve ileti\u015fim fak\u00fcltesi \u00f6\u011frencilerinin bulu\u015fmas\u0131n\u0131 \u00f6nemsiyoruz\u201d dedi. \u0130leti\u015fim fak\u00fcltesi say\u0131s\u0131 artsa da mesle\u011fi yapma imkan\u0131n\u0131n \u00e7ok darald\u0131\u011f\u0131n\u0131 kaydeden Oru\u00e7, \u201c\u00d6n\u00fcm\u00fczde iki se\u00e7enek var. Ya karamsarl\u0131k i\u00e7inde kalaca\u011f\u0131z ya da dayan\u0131\u015fma kanallar\u0131 kuraca\u011f\u0131z. Akademisyenleri, gazeteci \u00f6rg\u00fctlerini, gazeteci adaylar\u0131n\u0131 bir araya getirmek hi\u00e7 olmad\u0131\u011f\u0131 kadar \u00f6nemli. T\u00fcm zorluklara ra\u011fmen mesle\u011fi gelece\u011fe ta\u015f\u0131mak m\u00fcmk\u00fcn\u201d ifadelerini kulland\u0131. <\/p>\n<p>Tepe: \u201cTeknolojiyle olu\u015fan yeni ko\u015fullar sekt\u00f6r\u00fc etkiliyor\u201d<br \/>\nMersin Gazeteciler Cemiyeti Ba\u015fkan\u0131 R. Kaya Tepe de\u011fi\u015fen teknolojiyle birlikte olu\u015fan yeni ko\u015fullar\u0131n sekt\u00f6r ekonomisine yans\u0131malar\u0131n\u0131 de\u011ferlendirdi. Geli\u015fen internet gazetecili\u011fiyle birlikte artan dezenformasyonun sekt\u00f6re olumsuz yans\u0131malar\u0131na dikkat \u00e7ekti\u011fi konu\u015fmas\u0131nda Tepe, bir g\u00fcnde gazeteci olunamayaca\u011f\u0131n\u0131, standartlar\u0131n do\u011fru belirlenmesi gerekti\u011fini vurgulad\u0131.<br \/>\nB\u00fcy\u00fck\u015fehir Belediyesi Ba\u015fkan Vekili Mert Avc\u0131, gazetecili\u011fin bir miras oldu\u011funu belirtip \u201cHalk\u0131n anayasal haber alma teminat\u0131 oldu\u011funuzun bilincindeyiz\u201d derken, Mersin \u00dcniversitesi \u0130leti\u015fim Fak\u00fcltesi Dekan\u0131 Prof. Dr. Asl\u0131han Ard\u0131\u00e7 \u00c7obaner\u2019le Hatay Mustafa Kemal \u00dcniversitesi \u0130leti\u015fim Fak\u00fcltesi Dekan\u0131 Prof. Dr. \u00d6mer Alanka ise okullar\u0131ndaki e\u011fitim sistemi hakk\u0131nda bilgi payla\u015ft\u0131. <\/p>\n","protected":false},"excerpt":{"rendered":"<p>D\u00fczenlenen B\u00f6lgesel E\u011fitim ve Gazeteci Bulu\u015fmalar\u0131 etkinli\u011fiyle Mersinli gazetecilere 10 Ocak \u00c7al\u0131\u015fan Gazeteciler G\u00fcn\u00fc etkinlikleri kapsam\u0131nda bir dizi e\u011fitim verildi. Ankara Gazeteciler Cemiyeti\u2019nin 9. K\u00f6y Projesi kapsam\u0131nda T\u00fcrkiye\u2019nin \u00e7e\u015fitli illerinde &hellip; <a href=\"https:\/\/akdenizolaygazetesi.com\/?p=33839\" class=\"more-link\">Devam\u0131n\u0131 Oku&#8230;<\/a><\/p>\n","protected":false},"author":2,"featured_media":33840,"comment_status":"open","ping_status":"open","sticky":false,"template":"","format":"standard","meta":[],"categories":[1,2,3],"tags":[],"_links":{"self":[{"href":"https:\/\/akdenizolaygazetesi.com\/index.php?rest_route=\/wp\/v2\/posts\/33839"}],"collection":[{"href":"https:\/\/akdenizolaygazetesi.com\/index.php?rest_route=\/wp\/v2\/posts"}],"about":[{"href":"https:\/\/akdenizolaygazetesi.com\/index.php?rest_route=\/wp\/v2\/types\/post"}],"author":[{"embeddable":true,"href":"https:\/\/akdenizolaygazetesi.com\/index.php?rest_route=\/wp\/v2\/users\/2"}],"replies":[{"embeddable":true,"href":"https:\/\/akdenizolaygazetesi.com\/index.php?rest_route=%2Fwp%2Fv2%2Fcomments&post=33839"}],"version-history":[{"count":1,"href":"https:\/\/akdenizolaygazetesi.com\/index.php?rest_route=\/wp\/v2\/posts\/33839\/revisions"}],"predecessor-version":[{"id":33841,"href":"https:\/\/akdenizolaygazetesi.com\/index.php?rest_route=\/wp\/v2\/posts\/33839\/revisions\/33841"}],"wp:featuredmedia":[{"embeddable":true,"href":"https:\/\/akdenizolaygazetesi.com\/index.php?rest_route=\/wp\/v2\/media\/33840"}],"wp:attachment":[{"href":"https:\/\/akdenizolaygazetesi.com\/index.php?rest_route=%2Fwp%2Fv2%2Fmedia&parent=33839"}],"wp:term":[{"taxonomy":"category","embeddable":true,"href":"https:\/\/akdenizolaygazetesi.com\/index.php?rest_route=%2Fwp%2Fv2%2Fcategories&post=33839"},{"taxonomy":"post_tag","embeddable":true,"href":"https:\/\/akdenizolaygazetesi.com\/index.php?rest_route=%2Fwp%2Fv2%2Ftags&post=33839"}],"curies":[{"name":"wp","href":"https:\/\/api.w.org\/{rel}","templated":true}]}}