{"id":33845,"date":"2025-01-17T14:21:33","date_gmt":"2025-01-17T11:21:33","guid":{"rendered":"http:\/\/akdenizolaygazetesi.com\/?p=33845"},"modified":"2025-01-17T14:21:33","modified_gmt":"2025-01-17T11:21:33","slug":"sevim-turkiye-kupasinda-yerimizi-almak-istiyoruz","status":"publish","type":"post","link":"https:\/\/akdenizolaygazetesi.com\/?p=33845","title":{"rendered":"SEV\u0130M: &#8220;T\u00dcRK\u0130YE KUPASI&#8217;NDA YER\u0130M\u0130Z\u0130 ALMAK \u0130ST\u0130YORUZ&#8221;"},"content":{"rendered":"<p>T\u00fcrkiye Sigorta Basketbol S\u00fcper Ligi&#8217;nde m\u00fccadele eden Mersin Spor Kul\u00fcb\u00fc Erkek Basketbol Tak\u0131m\u0131 yar\u0131n oynayaca\u011f\u0131 Dar\u00fc\u015f\u015fafaka ma\u00e7\u0131 haz\u0131rl\u0131klar\u0131n\u0131 tamamlad\u0131. Son 3 ma\u00e7\u0131n\u0131 kazanarak moral ve motivasyonunu \u00fcst seviyelere \u00e7eken Carettalarda hedef Dar\u00fc\u015f\u015fafaka ma\u00e7\u0131n\u0131 da kazanarak T\u00fcrkiye Kupas\u0131&#8217;na kat\u0131lmay\u0131 garantilemek. Kar\u015f\u0131la\u015fmaya \u00e7ok iyi haz\u0131rland\u0131klar\u0131n\u0131 ifade eden Ba\u015fantren\u00f6r Can Sevim &#8220;Geldi\u011fimiz noktada Dar\u00fc\u015f\u015fafaka ma\u00e7\u0131n\u0131 da kazanarak di\u011fer hi\u00e7bir sonuca bakmadan T\u00fcrkiye Kupas\u0131&#8217;nda yerimizi almak istiyoruz&#8221; dedi.<\/p>\n<p>T\u00fcrkiye Sigorta Basketbol S\u00fcper Ligi&#8217;nde m\u00fccadele eden Mersin Spor Kul\u00fcb\u00fc (MSK) Erkek Basketbol Tak\u0131m\u0131&#8217;nda hedef yar\u0131n oynayaca\u011f\u0131 Dar\u00fc\u015f\u015fafaka ma\u00e7\u0131n\u0131 kazanarak T\u00fcrkiye Kupas\u0131&#8217;na kat\u0131lmak. Zorlu deplasman \u00f6ncesi haz\u0131rl\u0131klar\u0131n\u0131 tamamlayan Carettalar da moral ve motivasyonun y\u00fcksek oldu\u011fu g\u00f6zlemlenirken, Ba\u015fantr\u00f6ner Can Sevim oyuncular\u0131na g\u00fcvendi\u011fini ve sahadan galip ayr\u0131lacaklar\u0131na inand\u0131\u011f\u0131n\u0131 vurgulad\u0131.<\/p>\n<p>Sevim: &#8220;T\u00fcrkiye Kupas\u0131&#8217;nda yerimizi almak istiyoruz&#8221;<\/p>\n<p>Servet Tazeg\u00fcl Spor Salonu&#8217;nda ger\u00e7ekle\u015ftirilen antrenman sonras\u0131nda a\u00e7\u0131klama yapan Sevim, son 3 ma\u00e7\u0131 kazanm\u0131\u015f olman\u0131n kendileri i\u00e7in \u00f6nemli bir avantaj ve moral sa\u011flad\u0131\u011f\u0131n\u0131 belirterek &#8220;Bizim a\u00e7\u0131m\u0131zdan \u00e7ok \u00f6nemli olan 3 tane ma\u00e7\u0131 kazand\u0131k arka arkaya. S\u0131ralamada \u00fcst\u00fcm\u00fczde olan 3 tane rakibi yenerek T\u00fcrkiye Kupas\u0131 i\u00e7in \u015fans\u0131m\u0131z\u0131 ger\u00e7ekten \u00e7ok b\u00fcy\u00fck oranda art\u0131rd\u0131k. Geldi\u011fimiz noktada Dar\u00fc\u015f\u015fafaka ma\u00e7\u0131n\u0131 da kazanarak di\u011fer hi\u00e7bir sonuca bakmadan T\u00fcrkiye Kupas\u0131&#8217;nda yerimizi almak istiyoruz. Bu do\u011frultuda haz\u0131rl\u0131klar\u0131m\u0131za hi\u00e7 vakit kaybetmeden ba\u015flad\u0131k ve ma\u00e7a en iyi \u015fekilde konsantre olarak \u00e7\u0131km\u0131\u015f olaca\u011f\u0131z&#8221; dedi.<\/p>\n<p>Oyuncular\u0131n morali y\u00fcksek<\/p>\n<p>Tak\u0131m i\u00e7erisinde moral ve motivasyonun y\u00fcksek oldu\u011funu s\u00f6yleyen oyunculardan Canberk Ku\u015f ise zorlu bir ma\u00e7 olaca\u011f\u0131n\u0131n bilincinde olduklar\u0131n\u0131 belirterek, &#8220;Tak\u0131m\u0131m\u0131z\u0131n motivasyonu Dar\u00fc\u015f\u015fafaka ma\u00e7\u0131na girerken \u00e7ok y\u00fcksek. M\u00fccadeleyi kazand\u0131\u011f\u0131m\u0131z an direkt T\u00fcrkiye Kupas\u0131&#8217;nda olaca\u011f\u0131m\u0131z i\u00e7in tak\u0131mda iyi bir hava var a\u00e7\u0131k\u00e7as\u0131. Herkes gayet motive bir durumda, zorlu bir ma\u00e7 olacak. Her ne kadar ligin dibinde bir tak\u0131mla oynuyor olsak da Dar\u00fc\u015f\u015fafaka deplasman\u0131 her zaman \u00e7ok zordur. \u0130yi haz\u0131rland\u0131k, iyi bir ma\u00e7 olaca\u011f\u0131n\u0131 d\u00fc\u015f\u00fcn\u00fcyorum&#8221; diye konu\u015ftu.<\/p>\n<p>Her ma\u00e7a kazanmak i\u00e7in haz\u0131rland\u0131klar\u0131n\u0131 ve bu parola ile sahaya \u00e7\u0131kt\u0131klar\u0131n\u0131 s\u00f6yleyen bir di\u011fer oyuncu Emre Tan\u0131\u015fan ise &#8220;\u0130yi bir durumday\u0131z. Bunda en son ma\u00e7\u0131 kazanmam\u0131z\u0131n, galibiyetinde etkisi var. \u0130yi hava var, iyi haz\u0131rlan\u0131yoruz. Ma\u00e7\u0131 kazan\u0131p bizde kupada yer almak istiyoruz&#8221; ifadelerini kulland\u0131.<\/p>\n<p>Cumartesi g\u00fcn\u00fc \u0130stanbul Dar\u00fc\u015f\u015fafaka Ayhan \u015eahenk Spor Salonu&#8217;nda oynanacak m\u00fccadele saat 18.00&#8217;de ba\u015flayacak.<\/p>\n","protected":false},"excerpt":{"rendered":"<p>T\u00fcrkiye Sigorta Basketbol S\u00fcper Ligi&#8217;nde m\u00fccadele eden Mersin Spor Kul\u00fcb\u00fc Erkek Basketbol Tak\u0131m\u0131 yar\u0131n oynayaca\u011f\u0131 Dar\u00fc\u015f\u015fafaka ma\u00e7\u0131 haz\u0131rl\u0131klar\u0131n\u0131 tamamlad\u0131. Son 3 ma\u00e7\u0131n\u0131 kazanarak moral ve motivasyonunu \u00fcst seviyelere \u00e7eken Carettalarda &hellip; <a href=\"https:\/\/akdenizolaygazetesi.com\/?p=33845\" class=\"more-link\">Devam\u0131n\u0131 Oku&#8230;<\/a><\/p>\n","protected":false},"author":2,"featured_media":33846,"comment_status":"open","ping_status":"open","sticky":false,"template":"","format":"standard","meta":[],"categories":[1,2,3],"tags":[],"_links":{"self":[{"href":"https:\/\/akdenizolaygazetesi.com\/index.php?rest_route=\/wp\/v2\/posts\/33845"}],"collection":[{"href":"https:\/\/akdenizolaygazetesi.com\/index.php?rest_route=\/wp\/v2\/posts"}],"about":[{"href":"https:\/\/akdenizolaygazetesi.com\/index.php?rest_route=\/wp\/v2\/types\/post"}],"author":[{"embeddable":true,"href":"https:\/\/akdenizolaygazetesi.com\/index.php?rest_route=\/wp\/v2\/users\/2"}],"replies":[{"embeddable":true,"href":"https:\/\/akdenizolaygazetesi.com\/index.php?rest_route=%2Fwp%2Fv2%2Fcomments&post=33845"}],"version-history":[{"count":1,"href":"https:\/\/akdenizolaygazetesi.com\/index.php?rest_route=\/wp\/v2\/posts\/33845\/revisions"}],"predecessor-version":[{"id":33847,"href":"https:\/\/akdenizolaygazetesi.com\/index.php?rest_route=\/wp\/v2\/posts\/33845\/revisions\/33847"}],"wp:featuredmedia":[{"embeddable":true,"href":"https:\/\/akdenizolaygazetesi.com\/index.php?rest_route=\/wp\/v2\/media\/33846"}],"wp:attachment":[{"href":"https:\/\/akdenizolaygazetesi.com\/index.php?rest_route=%2Fwp%2Fv2%2Fmedia&parent=33845"}],"wp:term":[{"taxonomy":"category","embeddable":true,"href":"https:\/\/akdenizolaygazetesi.com\/index.php?rest_route=%2Fwp%2Fv2%2Fcategories&post=33845"},{"taxonomy":"post_tag","embeddable":true,"href":"https:\/\/akdenizolaygazetesi.com\/index.php?rest_route=%2Fwp%2Fv2%2Ftags&post=33845"}],"curies":[{"name":"wp","href":"https:\/\/api.w.org\/{rel}","templated":true}]}}