{"id":34000,"date":"2025-01-28T15:06:27","date_gmt":"2025-01-28T12:06:27","guid":{"rendered":"http:\/\/akdenizolaygazetesi.com\/?p=34000"},"modified":"2025-01-28T15:06:27","modified_gmt":"2025-01-28T12:06:27","slug":"alanyadan-mersine-hatirimdakalanlar-kitabi-aratos-yayinlarindan-cikti","status":"publish","type":"post","link":"https:\/\/akdenizolaygazetesi.com\/?p=34000","title":{"rendered":"\u201cALANYA\u2019DAN MERS\u0130N\u2019E HATIRIMDAKALANLAR\u201d K\u0130TABI ARATOS YAYINLARI&#8217;NDAN \u00c7IKTI"},"content":{"rendered":"<p>Antik \u00e7a\u011fda ya\u015fam\u0131\u015f \u015fair matematik\u00e7i ve g\u00f6k bilimci Tarsuslu filozof Aratos ad\u0131na \u00e7\u0131kan Aratos Felsefe Dergisi ayr\u0131 bas\u0131m kitaplar yay\u0131nlamay\u0131 s\u00fcrd\u00fcr\u00fcyor.<\/p>\n<p>Bug\u00fcne kadar ba\u015fta Tarsus tarihi ve k\u00fclt\u00fcr\u00fcn\u00fc yans\u0131tan kitaplarla birlikte \u015fiir, \u00f6yk\u00fc ve roman gibi edebi eserlerin yan\u0131 s\u0131ra felsefe \u00fczerine \u00e7ok say\u0131da kitap yay\u0131nlad\u0131.<\/p>\n<p>Aratos Yay\u0131nlar\u0131 ilk kez bir an\u0131 kitab\u0131 yay\u0131nlad\u0131. Mehmet Akay&#8217;\u0131n &#8220;Alanya&#8217;dan Mersin&#8217;e Hat\u0131r\u0131mda Kalanlar&#8221; kitab\u0131 Aratos Yay\u0131nlar\u0131&#8217;ndan \u00e7\u0131kt\u0131.<\/p>\n<p>Edinilen bilgiye g\u00f6re Alanya k\u00f6kenli olup Mersin&#8217;de ya\u015fayan Anadolu Cam Sanayi&#8217;nden emekli Mali M\u00fc\u015favir Mehmet Akay&#8217;\u0131n yazd\u0131\u011f\u0131 an\u0131lar\u0131ndan olu\u015fan &#8220;Alanya&#8217;dan Mersin&#8217;e Hat\u0131r\u0131mda Kalanlar&#8221; kitab\u0131 yazar\u0131n her iki kentteki ya\u015fam\u0131 ve ili\u015fkiler ile \u00e7al\u0131\u015fma hayat\u0131na dair an\u0131lar\u0131 i\u00e7eriyor.<\/p>\n<p>Aratos Felsefe Dergisi Yay\u0131n Y\u00f6netmeni gazeteci-yazar U\u011fur Pi\u015fmanl\u0131k, &#8220;Alanya&#8217;dan Mersin&#8217;e Hat\u0131r\u0131mda Kalanlar&#8221; kitab\u0131na yazd\u0131\u011f\u0131 \u00f6ns\u00f6zde \u015funlar\u0131 s\u00f6yl\u00fcyor, &#8220;Mehmet Akay&#8217;\u0131n k\u00fclt\u00fcr, sanat ve felsefe ile ya\u015fam\u0131n \u00e7e\u015fitli y\u00f6nlerine dair d\u00fc\u015f\u00fcncelerinin yer ald\u0131\u011f\u0131 &#8220;\u0130yinin Pe\u015finde&#8221; ba\u015fl\u0131kl\u0131 kitab\u0131n\u0131 2022 y\u0131l\u0131nda Aratos Yay\u0131nlar\u0131 olarak \u00e7\u0131karm\u0131\u015ft\u0131k.<\/p>\n<p>\u015eimdi, kendi ya\u015fam \u00f6yk\u00fcs\u00fcne dair an\u0131lar\u0131n yer ald\u0131\u011f\u0131 bu kitab\u0131 yay\u0131nlamaktan mutluluk duyuyoruz.<\/p>\n<p>Mehmet Akay, bu kitapla sadece bir ya\u015fam\u0131, an\u0131lar\u0131, sanata, insan ili\u015fkileri ortaya koymakla kalm\u0131yor. Bu ya\u015fanm\u0131\u015fl\u0131klar\u0131 kitapla kal\u0131c\u0131la\u015ft\u0131rarak gelece\u011fe bir iz b\u0131rak\u0131yor.<\/p>\n<p>Hangi ya\u015fta olursa olsun, her insan\u0131n okumak d\u0131\u015f\u0131nda bir de yazma \u00e7abas\u0131 olmal\u0131d\u0131r. Yazar olmak i\u00e7in de\u011fil belki, \u00fcnl\u00fc olmak i\u00e7in de de\u011fil. Hayata iz b\u0131rakmak i\u00e7in, ya\u015fad\u0131m diyebilmek i\u00e7in&#8221;.<\/p>\n<p>&#8220;Alanya&#8217;dan Mersin&#8217;e Hat\u0131r\u0131mda Kalanlar&#8221; kitab\u0131n\u0131n yazar\u0131 Mehmet Akay ise, &#8220;Az de\u011fil, seksen y\u0131la yak\u0131n bir ya\u015fam\u0131n \u00f6yk\u00fcs\u00fcn\u00fc anlatmaya \u00e7al\u0131\u015ft\u0131\u011f\u0131n\u0131&#8221; ifade ederek, &#8220;&#8221;Hat\u0131r\u0131mda Kalanlar&#8221;da \u00e7ocukluktan ba\u015flay\u0131p bu g\u00fcnlere kadar tan\u0131d\u0131\u011f\u0131m (akraba, okul, askerlik, i\u015f v.b.) pek \u00e7ok insan\u0131 da anmay\u0131 bir vefa borcu bildim. T\u00fcm \u00f6zenime ra\u011fmen unuttu\u011fum insanlar\u0131n olabilece\u011fini tahmin ediyor ve onlardan pe\u015finen ho\u015fg\u00f6r\u00fc bekliyorum&#8221; diyor.  <\/p>\n<p>U\u011fur Pi\u015fmanl\u0131k, kent kitaplar\u0131 yay\u0131nlamay\u0131 kent belle\u011fi a\u00e7\u0131s\u0131ndan \u00f6nemli oldu\u011funu belirterek, &#8220;Aratos dergisi olarak 2004 y\u0131l\u0131nda yola \u00e7\u0131kt\u0131\u011f\u0131m\u0131zda, ba\u015fta ya\u015fad\u0131\u011f\u0131m\u0131z kent Tarsus \u00fczerine olmak \u00fczere, edebiyat, sanat ve felsefe \u00fczerine kitaplar yay\u0131nlamay\u0131 da \u00f6n\u00fcm\u00fcze hedef olarak koymu\u015ftuk.<\/p>\n<p>Tarsus gibi bir tarihi kente dair kitaplar\u0131n say\u0131s\u0131 2-3 taneyi ge\u00e7miyordu. Kitap bas\u0131m\u0131na 2006 y\u0131l\u0131nda daha \u00e7ok kitap\u00e7\u0131k diyece\u011fimiz \u00e7al\u0131\u015fmalar\u0131n yay\u0131n\u0131yla ba\u015flad\u0131k.<\/p>\n<p>Aratos Kitapl\u0131\u011f\u0131 K\u00fclt\u00fcr Dizisi ad\u0131 alt\u0131nda Aratos dergisi ayr\u0131 bas\u0131m kitaplar\u0131n say\u0131s\u0131 zamanla artt\u0131. Bu kitaplar sadece Tarsus tarihi ve k\u00fclt\u00fcr\u00fcn\u00fc yans\u0131tan yay\u0131nlarla s\u0131n\u0131rl\u0131 kalmad\u0131.<\/p>\n<p>Uzun zamand\u0131r, Aratos Yay\u0131nlar\u0131 Tarsus Kent Kitapl\u0131\u011f\u0131 ad\u0131yla bast\u0131\u011f\u0131m\u0131z kitaplar i\u00e7inde bug\u00fcn \u015fiir, \u00f6yk\u00fc, roman ve felsefe ile an\u0131 kitaplar\u0131 da yer almaktad\u0131r&#8221; diye konu\u015ftu.<\/p>\n","protected":false},"excerpt":{"rendered":"<p>Antik \u00e7a\u011fda ya\u015fam\u0131\u015f \u015fair matematik\u00e7i ve g\u00f6k bilimci Tarsuslu filozof Aratos ad\u0131na \u00e7\u0131kan Aratos Felsefe Dergisi ayr\u0131 bas\u0131m kitaplar yay\u0131nlamay\u0131 s\u00fcrd\u00fcr\u00fcyor. Bug\u00fcne kadar ba\u015fta Tarsus tarihi ve k\u00fclt\u00fcr\u00fcn\u00fc yans\u0131tan kitaplarla &hellip; <a href=\"https:\/\/akdenizolaygazetesi.com\/?p=34000\" class=\"more-link\">Devam\u0131n\u0131 Oku&#8230;<\/a><\/p>\n","protected":false},"author":2,"featured_media":34001,"comment_status":"open","ping_status":"open","sticky":false,"template":"","format":"standard","meta":[],"categories":[1,2,3],"tags":[],"_links":{"self":[{"href":"https:\/\/akdenizolaygazetesi.com\/index.php?rest_route=\/wp\/v2\/posts\/34000"}],"collection":[{"href":"https:\/\/akdenizolaygazetesi.com\/index.php?rest_route=\/wp\/v2\/posts"}],"about":[{"href":"https:\/\/akdenizolaygazetesi.com\/index.php?rest_route=\/wp\/v2\/types\/post"}],"author":[{"embeddable":true,"href":"https:\/\/akdenizolaygazetesi.com\/index.php?rest_route=\/wp\/v2\/users\/2"}],"replies":[{"embeddable":true,"href":"https:\/\/akdenizolaygazetesi.com\/index.php?rest_route=%2Fwp%2Fv2%2Fcomments&post=34000"}],"version-history":[{"count":1,"href":"https:\/\/akdenizolaygazetesi.com\/index.php?rest_route=\/wp\/v2\/posts\/34000\/revisions"}],"predecessor-version":[{"id":34002,"href":"https:\/\/akdenizolaygazetesi.com\/index.php?rest_route=\/wp\/v2\/posts\/34000\/revisions\/34002"}],"wp:featuredmedia":[{"embeddable":true,"href":"https:\/\/akdenizolaygazetesi.com\/index.php?rest_route=\/wp\/v2\/media\/34001"}],"wp:attachment":[{"href":"https:\/\/akdenizolaygazetesi.com\/index.php?rest_route=%2Fwp%2Fv2%2Fmedia&parent=34000"}],"wp:term":[{"taxonomy":"category","embeddable":true,"href":"https:\/\/akdenizolaygazetesi.com\/index.php?rest_route=%2Fwp%2Fv2%2Fcategories&post=34000"},{"taxonomy":"post_tag","embeddable":true,"href":"https:\/\/akdenizolaygazetesi.com\/index.php?rest_route=%2Fwp%2Fv2%2Ftags&post=34000"}],"curies":[{"name":"wp","href":"https:\/\/api.w.org\/{rel}","templated":true}]}}