{"id":34003,"date":"2025-01-28T15:08:22","date_gmt":"2025-01-28T12:08:22","guid":{"rendered":"http:\/\/akdenizolaygazetesi.com\/?p=34003"},"modified":"2025-01-28T15:08:22","modified_gmt":"2025-01-28T12:08:22","slug":"mezitli-belediyesinden-sosyal-belediyeciligin-en-guzel-ornegi-mobil-kuafor-araci-gonullere-dokunuyor","status":"publish","type":"post","link":"https:\/\/akdenizolaygazetesi.com\/?p=34003","title":{"rendered":"MEZ\u0130TL\u0130 BELED\u0130YES\u0130\u2019NDEN SOSYAL BELED\u0130YEC\u0130L\u0130\u011e\u0130N EN G\u00dcZEL \u00d6RNE\u011e\u0130 \u201cMOB\u0130L KUAF\u00d6R ARACI G\u00d6N\u00dcLLERE DOKUNUYOR\u2019\u2019"},"content":{"rendered":"<p>Mezitli Belediyesi, sosyal belediyecilik anlay\u0131\u015f\u0131yla vatanda\u015flar\u0131n ya\u015fam\u0131n\u0131 kolayla\u015ft\u0131rmaya devam ediyor. Hayata ge\u00e7irilen Mobil Kuaf\u00f6r Arac\u0131, hafta i\u00e7i her g\u00fcn mahalle mahalle gezerken art\u0131k her cumartesi de kad\u0131nlara \u00fccretsiz hizmet sunarak g\u00fczellik ve bak\u0131m\u0131 vatanda\u015flar\u0131n aya\u011f\u0131na getiriyor. Mezitli Belediye Ba\u015fkan\u0131 Ahmet Serkan Tuncer&#8217;in \u00e7al\u0131\u015fmalar\u0131 adeta vatanda\u015flar\u0131n g\u00f6n\u00fcllerine dokunuyor.<\/p>\n<p>Projenin ilk dura\u011f\u0131 olan Seymenli Mahallesi&#8217;nde kad\u0131nlar ve k\u0131z \u00e7ocuklar\u0131, uzun zamand\u0131r ihtiya\u00e7 duyduklar\u0131 kuaf\u00f6r hizmetlerini alarak g\u00fcne mutlu ba\u015flad\u0131. Kuaf\u00f6r hizmetinden yararlanan kad\u0131nlar, duyduklar\u0131 memnuniyeti dile getirirken, mobil kuaf\u00f6r arac\u0131n\u0131n devaml\u0131 olmas\u0131ndan dolay\u0131 duyduklar\u0131 mutlulu\u011fu ifade etti.<\/p>\n<p>&#8221;HER ZAMAN VATANDA\u015eLARIMIZIN YANINDAYIZ&#8221;<\/p>\n<p>Mezitli Belediye Ba\u015fkan\u0131 Ahmet Serkan Tuncer, projenin kad\u0131nlar\u0131n ya\u015fam\u0131n\u0131 kolayla\u015ft\u0131rmay\u0131 ama\u00e7lad\u0131\u011f\u0131n\u0131 vurgulayarak &#8220;Kad\u0131nlar\u0131n toplumun her alan\u0131nda kendine g\u00fcvenen bireyler olarak var olmas\u0131n\u0131 \u00f6nemsiyoruz. Mobil Kuaf\u00f6r Arac\u0131 projemizle, \u00f6zellikle k\u0131rsal b\u00f6lgelerde ya\u015fayan kad\u0131nlar\u0131n ve k\u0131z \u00e7ocuklar\u0131n\u0131n hayat\u0131na dokunmak istedik. Kad\u0131nlar\u0131n g\u00fcl\u00fcmsemesi, bizim i\u00e7in en b\u00fcy\u00fck mutluluk. Hafta i\u00e7i her g\u00fcn de farkl\u0131 mahallelerimizde t\u00fcm vatanda\u015flara hizmet veriyor.  Sosyal belediyecili\u011fin gere\u011fi olarak her zaman vatanda\u015flar\u0131m\u0131z\u0131n yan\u0131nda olmaya devam edece\u011fiz.&#8221; dedi.<\/p>\n<p>&#8220;UZUN ZAMANDIR KEND\u0130M \u0130\u00c7\u0130N B\u0130R \u015eEY YAPMAMI\u015eTIM&#8221;<\/p>\n<p>Seymenli Mahallesi&#8217;nde Mobil Kuaf\u00f6r Arac\u0131 hizmetinden faydalanan 47 ya\u015f\u0131ndaki Emine Y\u0131lmaz, &#8220;\u00c7al\u0131\u015fmaktan ve ev i\u015fleriyle u\u011fra\u015fmaktan kendime hi\u00e7 vakit ay\u0131ram\u0131yordum. Kuaf\u00f6re gitmek l\u00fcks gibi geliyordu. Belediye bu hizmeti buraya getirince inan\u0131lmaz mutlu oldum. Uzun zamand\u0131r sa\u00e7lar\u0131m\u0131 kestirmemi\u015ftim, kendim i\u00e7in bir \u015fey yapmam\u0131\u015ft\u0131m. \u015eimdi aynaya bak\u0131nca kendimi daha iyi hissediyorum. Bu projede eme\u011fi ge\u00e7en herkese, \u00f6zellikle Ba\u015fkan\u0131m\u0131za te\u015fekk\u00fcr ediyorum. Ger\u00e7ekten bizim yan\u0131m\u0131zda oldu\u011funu hissettiriyor.&#8221;<\/p>\n<p>&#8220;ARKADA\u015eLARIM SA\u00c7LARIMA BAYILDI&#8221;<\/p>\n<p>13 ya\u015f\u0131ndaki Derya Kaya ise &#8220;Anneme s\u00fcrekli sa\u00e7\u0131m\u0131 kestirmek istedi\u011fimi s\u00f6yl\u00fcyordum ama gidecek bir yerimiz yoktu. Mobil kuaf\u00f6r arac\u0131 gelince \u00e7ok sevindim. Kuaf\u00f6r abla sa\u00e7lar\u0131m\u0131 istedi\u011fim gibi kesti. Arkada\u015flar\u0131m sa\u00e7lar\u0131ma bay\u0131ld\u0131. Annem de \u00e7ok mutlu oldu. B\u00f6yle bir \u015fey yap\u0131lmas\u0131 harika. Mezitli Belediyesi&#8217;nin bizim i\u00e7in bu kadar g\u00fczel projeler d\u00fc\u015f\u00fcnd\u00fc\u011f\u00fcn\u00fc g\u00f6rmek beni \u00e7ok mutlu ediyor.&#8221; dedi.<\/p>\n<p>Mezitli Belediyesi&#8217;nin hayata ge\u00e7irdi\u011fi Mobil Kuaf\u00f6r Arac\u0131, her cumartesi farkl\u0131 mahallelerde kad\u0131nlara \u00fccretsiz kuaf\u00f6r hizmeti vermeye devam edecek.<\/p>\n","protected":false},"excerpt":{"rendered":"<p>Mezitli Belediyesi, sosyal belediyecilik anlay\u0131\u015f\u0131yla vatanda\u015flar\u0131n ya\u015fam\u0131n\u0131 kolayla\u015ft\u0131rmaya devam ediyor. Hayata ge\u00e7irilen Mobil Kuaf\u00f6r Arac\u0131, hafta i\u00e7i her g\u00fcn mahalle mahalle gezerken art\u0131k her cumartesi de kad\u0131nlara \u00fccretsiz hizmet sunarak &hellip; <a href=\"https:\/\/akdenizolaygazetesi.com\/?p=34003\" class=\"more-link\">Devam\u0131n\u0131 Oku&#8230;<\/a><\/p>\n","protected":false},"author":2,"featured_media":34004,"comment_status":"open","ping_status":"open","sticky":false,"template":"","format":"standard","meta":[],"categories":[1,2,3],"tags":[],"_links":{"self":[{"href":"https:\/\/akdenizolaygazetesi.com\/index.php?rest_route=\/wp\/v2\/posts\/34003"}],"collection":[{"href":"https:\/\/akdenizolaygazetesi.com\/index.php?rest_route=\/wp\/v2\/posts"}],"about":[{"href":"https:\/\/akdenizolaygazetesi.com\/index.php?rest_route=\/wp\/v2\/types\/post"}],"author":[{"embeddable":true,"href":"https:\/\/akdenizolaygazetesi.com\/index.php?rest_route=\/wp\/v2\/users\/2"}],"replies":[{"embeddable":true,"href":"https:\/\/akdenizolaygazetesi.com\/index.php?rest_route=%2Fwp%2Fv2%2Fcomments&post=34003"}],"version-history":[{"count":1,"href":"https:\/\/akdenizolaygazetesi.com\/index.php?rest_route=\/wp\/v2\/posts\/34003\/revisions"}],"predecessor-version":[{"id":34005,"href":"https:\/\/akdenizolaygazetesi.com\/index.php?rest_route=\/wp\/v2\/posts\/34003\/revisions\/34005"}],"wp:featuredmedia":[{"embeddable":true,"href":"https:\/\/akdenizolaygazetesi.com\/index.php?rest_route=\/wp\/v2\/media\/34004"}],"wp:attachment":[{"href":"https:\/\/akdenizolaygazetesi.com\/index.php?rest_route=%2Fwp%2Fv2%2Fmedia&parent=34003"}],"wp:term":[{"taxonomy":"category","embeddable":true,"href":"https:\/\/akdenizolaygazetesi.com\/index.php?rest_route=%2Fwp%2Fv2%2Fcategories&post=34003"},{"taxonomy":"post_tag","embeddable":true,"href":"https:\/\/akdenizolaygazetesi.com\/index.php?rest_route=%2Fwp%2Fv2%2Ftags&post=34003"}],"curies":[{"name":"wp","href":"https:\/\/api.w.org\/{rel}","templated":true}]}}