{"id":34006,"date":"2025-01-28T15:10:44","date_gmt":"2025-01-28T12:10:44","guid":{"rendered":"http:\/\/akdenizolaygazetesi.com\/?p=34006"},"modified":"2025-01-28T15:10:44","modified_gmt":"2025-01-28T12:10:44","slug":"baskan-ali-boltactan-kirklarsirti-pazar-yerine-ziyaret","status":"publish","type":"post","link":"https:\/\/akdenizolaygazetesi.com\/?p=34006","title":{"rendered":"BA\u015eKAN AL\u0130 BOLTA\u00c7\u2019TAN KIRKLARSIRTI PAZAR YER\u0130\u2019NE Z\u0130YARET"},"content":{"rendered":"<p>Tarsus Belediye Ba\u015fkan\u0131 Ali Bolta\u00e7, K\u0131rklars\u0131rt\u0131 Pazar Yeri\u2019ni ziyaret ederek hem esnafla hem de vatanda\u015flarla bir araya geldi. Pazarc\u0131 esnaf\u0131na kolayl\u0131klar dileyen Ba\u015fkan Bolta\u00e7, tezgahlar\u0131 tek tek gezerek esnaf\u0131n taleplerini dinledi.<\/p>\n<p>Tarsus Belediye Ba\u015fkan\u0131 Ali Bolta\u00e7, her f\u0131rsatta halkla bir araya gelmeye devam ediyor. Vatanda\u015flarla samimi sohbetler ger\u00e7ekle\u015ftiren Bolta\u00e7, Tarsus Belediyesi\u2019nin hizmetleri ve pazar alanlar\u0131nda yap\u0131lan iyile\u015ftirmeler hakk\u0131nda bilgiler verdi.  Ziyareti s\u0131ras\u0131nda tezgahlar\u0131 tek tek dola\u015farak esnaf\u0131n durumunu soran Ba\u015fkan Bolta\u00e7, hay\u0131rl\u0131 i\u015fler temennisinde bulundu.<\/p>\n<p>\u201cESNAFIMIZIN EME\u011e\u0130 KUTSAL\u201d<\/p>\n<p>Her zaman halkla i\u00e7 i\u00e7e olmaya devam edece\u011finin vurgusunu yapan Ba\u015fkan Ali Bolta\u00e7, \u201cEsnaf\u0131m\u0131z\u0131n eme\u011fi kutsal, vatanda\u015flar\u0131m\u0131z\u0131n memnuniyeti ise bizim \u00f6nceli\u011fimizdir. Pazar yerleri, \u015fehrimizin sosyalle\u015fme ve ekonomik canl\u0131l\u0131k alanlar\u0131d\u0131r. Bu nedenle hem esnaf\u0131m\u0131z\u0131n huzurla \u00e7al\u0131\u015fabilece\u011fi hem de vatanda\u015flar\u0131m\u0131z\u0131n keyifle al\u0131\u015fveri\u015f yapabilece\u011fi bir ortam sunmak i\u00e7in elimizden geleni yap\u0131yoruz. Her zaman halk\u0131m\u0131zla i\u00e7 i\u00e7e, onlar\u0131n yan\u0131nda olmaya devam edece\u011fiz.\u201d dedi. Ziyaret s\u0131ras\u0131nda pazarc\u0131 esnaf\u0131 ve vatanda\u015flar Ba\u015fkan Bolta\u00e7\u2019a yak\u0131n ilgisi ve destekleri i\u00e7in te\u015fekk\u00fcr etti.<\/p>\n","protected":false},"excerpt":{"rendered":"<p>Tarsus Belediye Ba\u015fkan\u0131 Ali Bolta\u00e7, K\u0131rklars\u0131rt\u0131 Pazar Yeri\u2019ni ziyaret ederek hem esnafla hem de vatanda\u015flarla bir araya geldi. Pazarc\u0131 esnaf\u0131na kolayl\u0131klar dileyen Ba\u015fkan Bolta\u00e7, tezgahlar\u0131 tek tek gezerek esnaf\u0131n taleplerini &hellip; <a href=\"https:\/\/akdenizolaygazetesi.com\/?p=34006\" class=\"more-link\">Devam\u0131n\u0131 Oku&#8230;<\/a><\/p>\n","protected":false},"author":2,"featured_media":34007,"comment_status":"open","ping_status":"open","sticky":false,"template":"","format":"standard","meta":[],"categories":[1,2,3],"tags":[],"_links":{"self":[{"href":"https:\/\/akdenizolaygazetesi.com\/index.php?rest_route=\/wp\/v2\/posts\/34006"}],"collection":[{"href":"https:\/\/akdenizolaygazetesi.com\/index.php?rest_route=\/wp\/v2\/posts"}],"about":[{"href":"https:\/\/akdenizolaygazetesi.com\/index.php?rest_route=\/wp\/v2\/types\/post"}],"author":[{"embeddable":true,"href":"https:\/\/akdenizolaygazetesi.com\/index.php?rest_route=\/wp\/v2\/users\/2"}],"replies":[{"embeddable":true,"href":"https:\/\/akdenizolaygazetesi.com\/index.php?rest_route=%2Fwp%2Fv2%2Fcomments&post=34006"}],"version-history":[{"count":1,"href":"https:\/\/akdenizolaygazetesi.com\/index.php?rest_route=\/wp\/v2\/posts\/34006\/revisions"}],"predecessor-version":[{"id":34008,"href":"https:\/\/akdenizolaygazetesi.com\/index.php?rest_route=\/wp\/v2\/posts\/34006\/revisions\/34008"}],"wp:featuredmedia":[{"embeddable":true,"href":"https:\/\/akdenizolaygazetesi.com\/index.php?rest_route=\/wp\/v2\/media\/34007"}],"wp:attachment":[{"href":"https:\/\/akdenizolaygazetesi.com\/index.php?rest_route=%2Fwp%2Fv2%2Fmedia&parent=34006"}],"wp:term":[{"taxonomy":"category","embeddable":true,"href":"https:\/\/akdenizolaygazetesi.com\/index.php?rest_route=%2Fwp%2Fv2%2Fcategories&post=34006"},{"taxonomy":"post_tag","embeddable":true,"href":"https:\/\/akdenizolaygazetesi.com\/index.php?rest_route=%2Fwp%2Fv2%2Ftags&post=34006"}],"curies":[{"name":"wp","href":"https:\/\/api.w.org\/{rel}","templated":true}]}}