{"id":34012,"date":"2025-01-29T16:01:36","date_gmt":"2025-01-29T13:01:36","guid":{"rendered":"http:\/\/akdenizolaygazetesi.com\/?p=34012"},"modified":"2025-01-29T16:01:36","modified_gmt":"2025-01-29T13:01:36","slug":"mersin-orman-bolge-mudurlugunden-emekli-personellere-veda-ve-tesekkur","status":"publish","type":"post","link":"https:\/\/akdenizolaygazetesi.com\/?p=34012","title":{"rendered":"Mersin Orman B\u00f6lge M\u00fcd\u00fcrl\u00fc\u011f\u00fcnden Emekli Personellere Veda ve Te\u015fekk\u00fcr"},"content":{"rendered":"<p>Mersin Orman B\u00f6lge M\u00fcd\u00fcrl\u00fc\u011f\u00fc, emekli personeller i\u00e7in anlaml\u0131 bir veda etkinli\u011fi d\u00fczenledi. Etkinlikte, y\u0131llarca kurumda \u00f6zveriyle g\u00f6rev yapan emekli personellere te\u015fekk\u00fcr edilerek, kuruma yapt\u0131klar\u0131 de\u011ferli katk\u0131lar takdirle an\u0131ld\u0131.<br \/>\nB\u00f6lge M\u00fcd\u00fcr\u00fc Rifat ATA\u015e, etkinlikte yapt\u0131\u011f\u0131 konu\u015fmada emekli personele hitaben  &#8220;Kap\u0131m\u0131z sizlere her zaman a\u00e7\u0131k. Kurumumuzda b\u0131rakt\u0131\u011f\u0131n\u0131z izler ve eme\u011finiz her zaman hat\u0131rlanacakt\u0131r,&#8221; ifadelerini kulland\u0131.<br \/>\nEtkinlikte baz\u0131 emekli personeller de s\u00f6z alarak duygular\u0131n\u0131 dile getirdi ve kurumlar\u0131na te\u015fekk\u00fcrlerini iletti.<br \/>\nProgram\u0131n devam\u0131nda, B\u00f6lge M\u00fcd\u00fcr\u00fc, B\u00f6lge M\u00fcd\u00fcr Yard\u0131mc\u0131lar\u0131, \u015eube M\u00fcd\u00fcrleri ve \u0130\u015fletme M\u00fcd\u00fcr\u00fc taraf\u0131ndan emekli personellere te\u015fekk\u00fcr belgeleri takdim edilerek, \u00e7al\u0131\u015fanlar\u0131m\u0131z\u0131n emeklerini onurland\u0131rmaya ve onlar\u0131n kuruma katt\u0131\u011f\u0131 katk\u0131lar\u0131 unutulmaz k\u0131lmaya verdi\u011fi \u00f6nem bir kez daha vurguland\u0131.<br \/>\nMersin Orman B\u00f6lge M\u00fcd\u00fcrl\u00fc\u011f\u00fc olarak, emekli personellerimize te\u015fekk\u00fcrlerimizi ve minnetlerimizi sunar\u0131z.<\/p>\n","protected":false},"excerpt":{"rendered":"<p>Mersin Orman B\u00f6lge M\u00fcd\u00fcrl\u00fc\u011f\u00fc, emekli personeller i\u00e7in anlaml\u0131 bir veda etkinli\u011fi d\u00fczenledi. Etkinlikte, y\u0131llarca kurumda \u00f6zveriyle g\u00f6rev yapan emekli personellere te\u015fekk\u00fcr edilerek, kuruma yapt\u0131klar\u0131 de\u011ferli katk\u0131lar takdirle an\u0131ld\u0131. B\u00f6lge M\u00fcd\u00fcr\u00fc &hellip; <a href=\"https:\/\/akdenizolaygazetesi.com\/?p=34012\" class=\"more-link\">Devam\u0131n\u0131 Oku&#8230;<\/a><\/p>\n","protected":false},"author":2,"featured_media":34013,"comment_status":"open","ping_status":"open","sticky":false,"template":"","format":"standard","meta":[],"categories":[1,2,3],"tags":[],"_links":{"self":[{"href":"https:\/\/akdenizolaygazetesi.com\/index.php?rest_route=\/wp\/v2\/posts\/34012"}],"collection":[{"href":"https:\/\/akdenizolaygazetesi.com\/index.php?rest_route=\/wp\/v2\/posts"}],"about":[{"href":"https:\/\/akdenizolaygazetesi.com\/index.php?rest_route=\/wp\/v2\/types\/post"}],"author":[{"embeddable":true,"href":"https:\/\/akdenizolaygazetesi.com\/index.php?rest_route=\/wp\/v2\/users\/2"}],"replies":[{"embeddable":true,"href":"https:\/\/akdenizolaygazetesi.com\/index.php?rest_route=%2Fwp%2Fv2%2Fcomments&post=34012"}],"version-history":[{"count":1,"href":"https:\/\/akdenizolaygazetesi.com\/index.php?rest_route=\/wp\/v2\/posts\/34012\/revisions"}],"predecessor-version":[{"id":34014,"href":"https:\/\/akdenizolaygazetesi.com\/index.php?rest_route=\/wp\/v2\/posts\/34012\/revisions\/34014"}],"wp:featuredmedia":[{"embeddable":true,"href":"https:\/\/akdenizolaygazetesi.com\/index.php?rest_route=\/wp\/v2\/media\/34013"}],"wp:attachment":[{"href":"https:\/\/akdenizolaygazetesi.com\/index.php?rest_route=%2Fwp%2Fv2%2Fmedia&parent=34012"}],"wp:term":[{"taxonomy":"category","embeddable":true,"href":"https:\/\/akdenizolaygazetesi.com\/index.php?rest_route=%2Fwp%2Fv2%2Fcategories&post=34012"},{"taxonomy":"post_tag","embeddable":true,"href":"https:\/\/akdenizolaygazetesi.com\/index.php?rest_route=%2Fwp%2Fv2%2Ftags&post=34012"}],"curies":[{"name":"wp","href":"https:\/\/api.w.org\/{rel}","templated":true}]}}