{"id":34021,"date":"2025-01-29T16:05:04","date_gmt":"2025-01-29T13:05:04","guid":{"rendered":"http:\/\/akdenizolaygazetesi.com\/?p=34021"},"modified":"2025-01-29T16:05:04","modified_gmt":"2025-01-29T13:05:04","slug":"baskan-yildiz-gelecegimizi-birlikte-insa-edecegiz","status":"publish","type":"post","link":"https:\/\/akdenizolaygazetesi.com\/?p=34021","title":{"rendered":"BA\u015eKAN YILDIZ: GELECE\u011e\u0130M\u0130Z\u0130 B\u0130RL\u0130KTE \u0130N\u015eA EDECE\u011e\u0130Z"},"content":{"rendered":"<p>Toroslar Belediyesi, s\u0131f\u0131r at\u0131k ve geri d\u00f6n\u00fc\u015f\u00fcm alan\u0131ndaki \u00e7al\u0131\u015fmalar\u0131yla Mersin&#8217;de \u00f6rnek projelere imza at\u0131yor.<\/p>\n<p>Toroslar Belediye Ba\u015fkan\u0131 Abdurrahman Y\u0131ld\u0131z&#8217;\u0131n \u00e7evreye duyarl\u0131 ve gelecek nesillere temiz bir d\u00fcnya b\u0131rakma vizyonu \u00e7er\u00e7evesinde, May\u0131s 2024 tarihinde belediyeye ba\u011fl\u0131 \u0130klim De\u011fi\u015fikli\u011fi ve S\u0131f\u0131r At\u0131k M\u00fcd\u00fcrl\u00fc\u011f\u00fc kuruldu. M\u00fcd\u00fcrl\u00fck, aralar\u0131nda \u00e7evre m\u00fchendisleri ve teknik personelin bulundu\u011fu 9 ki\u015filik bir ekip ile \u00e7al\u0131\u015fmalar\u0131n\u0131 il\u00e7e genelinde aktif bir \u015fekilde s\u00fcrd\u00fcr\u00fcyor.<\/p>\n<p>&#8220;Gelece\u011fini d\u00fc\u015f\u00fcnen, geri d\u00f6n\u00fc\u015ft\u00fcr\u00fcr&#8221; slogan\u0131yla yap\u0131lan \u00e7al\u0131\u015fmalar kapsam\u0131nda pilot b\u00f6lge se\u00e7ilen H\u00fcseyin Okan Merzeci Mahallesi&#8217;nde mahalle muhtarl\u0131\u011f\u0131nda verilen S\u0131f\u0131r At\u0131k Toplama Sistemi bilin\u00e7lendirme e\u011fitiminin ard\u0131ndan yine ayn\u0131 mahallede site sakinleri ile bir araya gelindi.<\/p>\n<p>Toroslar Belediye Ba\u015fkan\u0131 Abdurrahman Y\u0131ld\u0131z&#8217;\u0131n da kat\u0131ld\u0131\u011f\u0131 toplant\u0131da vatanda\u015flar, s\u0131f\u0131r at\u0131k, geri d\u00f6n\u00fc\u015f\u00fcm ve at\u0131klar\u0131n ayr\u0131\u015ft\u0131r\u0131lmas\u0131 hakk\u0131nda bilgilendirildi, belediyenin hayata ge\u00e7irdi\u011fi \u00e7al\u0131\u015fmalar anlat\u0131ld\u0131. E\u011fitime, \u00e7ocuklar\u0131n ilgisi de yo\u011fun oldu.<\/p>\n<p>Ba\u015fkan Y\u0131ld\u0131z, \u0130klim De\u011fi\u015fikli\u011fi ve S\u0131f\u0131r At\u0131k M\u00fcd\u00fcrl\u00fc\u011f\u00fc&#8217;n\u00fcn kurulmas\u0131n\u0131n \u00f6nemine de\u011finerek, &#8220;Arkada\u015flar\u0131m\u0131z ciddi haz\u0131rl\u0131klar yapt\u0131 ve \u00f6nemli ad\u0131mlar att\u0131. Ancak bu \u00e7al\u0131\u015fmada mahallelerimizle, sitelerimizle irtibat halinde olmam\u0131z \u00e7ok \u00f6nemli. \u00d6n\u00fcm\u00fczdeki d\u00f6nemde her mahallede at\u0131k getirme istasyonlar\u0131 kurmay\u0131 hedefliyoruz. Vatanda\u015flar\u0131m\u0131z, evlerinde ayr\u0131\u015ft\u0131rd\u0131klar\u0131 at\u0131klar\u0131 bu istasyonlara getirecek. \u00c7ocuklar\u0131m\u0131zda s\u0131f\u0131r at\u0131k bilinci olu\u015fturmak i\u00e7in de \u00e7al\u0131\u015fmalar\u0131m\u0131z s\u00fcrecek. Gelece\u011fimizi birlikte in\u015fa edece\u011fiz&#8221; dedi.<\/p>\n<p>TONLARCA ATIK TOPLANDI<\/p>\n<p>Toroslar Belediye Ba\u015fkan\u0131 Abdurrahman Y\u0131ld\u0131z&#8217;\u0131n g\u00f6reve gelir gelmez belediye b\u00fcnyesinde kurdu\u011fu \u0130klim De\u011fi\u015fikli\u011fi ve S\u0131f\u0131r At\u0131k M\u00fcd\u00fcrl\u00fc\u011f\u00fc&#8217;n\u00fcn \u00e7al\u0131\u015fmalar\u0131 meyvelerini veriyor.<\/p>\n<p>\u0130klim De\u011fi\u015fikli\u011fi ve S\u0131f\u0131r At\u0131k M\u00fcd\u00fcrl\u00fc\u011f\u00fc, Toroslar il\u00e7esi s\u0131n\u0131rlar\u0131 i\u00e7erisinde g\u00fcnl\u00fck olarak resmi kurumlar, okullar, eczaneler ve vatanda\u015flar\u0131n talepleri do\u011frultusunda iki ara\u00e7 ile geri d\u00f6n\u00fc\u015ft\u00fcr\u00fclebilir at\u0131k topluyor. 24 Ekim 2024&#8217;ten bu yana toplamda 37.740 kilogram kar\u0131\u015f\u0131k ambalaj at\u0131\u011f\u0131 topland\u0131. Tekstil at\u0131\u011f\u0131 toplama kumbaralar\u0131ndan ise Nisan 2024&#8217;ten itibaren 154.500 kilogram tekstil at\u0131\u011f\u0131 geri d\u00f6n\u00fc\u015f\u00fcm s\u00fcrecine kazand\u0131r\u0131ld\u0131.<\/p>\n<p>OKULLARA P\u0130L TOPLAMA KUTULARI TESL\u0130M ED\u0130LD\u0130<\/p>\n<p>At\u0131k pillerin \u00e7evreye zarar vermesini \u00f6nlemek amac\u0131yla TAP Derne\u011fi ile ortak y\u00fcr\u00fct\u00fclen kampanya kapsam\u0131nda, il\u00e7edeki 76 ilkokul ve ortaokul ziyaret edilerek y\u00f6netimlere bilgi verildi ve at\u0131k pil toplama kutular\u0131 teslim edildi. Ayr\u0131ca, mahalle muhtarlar\u0131na s\u0131f\u0131r at\u0131k toplama sistemi hakk\u0131nda bilgilendirme \u00e7al\u0131\u015fmalar\u0131 ba\u015flat\u0131ld\u0131.<\/p>\n<p>Belediye, Park ve Bah\u00e7eler M\u00fcd\u00fcrl\u00fc\u011f\u00fc&#8217;ne kompost g\u00fcbre deste\u011fi sa\u011flayarak geri d\u00f6n\u00fc\u015f\u00fcmden elde edilen kaynaklar\u0131 do\u011frudan kullan\u0131ma sunuyor. Mevcut kompost g\u00fcbre \u00fcretim kapasitesini art\u0131rmak amac\u0131yla yeni dal budak par\u00e7alama makinesi al\u0131m\u0131 da planlan\u0131yor.<\/p>\n<p>SIFIR ATIK PARKI YOLDA<\/p>\n<p>M\u00fcd\u00fcrl\u00fck, s\u0131f\u0131r at\u0131k bilincini art\u0131rmak i\u00e7in &#8220;S\u0131f\u0131r At\u0131k Temal\u0131 Park&#8221; projesi \u00fczerinde \u00e7al\u0131\u015f\u0131yor. Ayr\u0131ca, \u00f6d\u00fcll\u00fc bir at\u0131k toplama sistemi geli\u015ftirilmesi hedefleniyor. Bu sistem kapsam\u0131nda, vatanda\u015flar\u0131n geri d\u00f6n\u00fc\u015ft\u00fcr\u00fclebilir at\u0131klar\u0131 belediyenin sa\u011flad\u0131\u011f\u0131 kartlara puan veya para olarak y\u00fcklenecek ve bu at\u0131klar geri d\u00f6n\u00fc\u015f\u00fcm sistemine kazand\u0131r\u0131lacak.<\/p>\n","protected":false},"excerpt":{"rendered":"<p>Toroslar Belediyesi, s\u0131f\u0131r at\u0131k ve geri d\u00f6n\u00fc\u015f\u00fcm alan\u0131ndaki \u00e7al\u0131\u015fmalar\u0131yla Mersin&#8217;de \u00f6rnek projelere imza at\u0131yor. Toroslar Belediye Ba\u015fkan\u0131 Abdurrahman Y\u0131ld\u0131z&#8217;\u0131n \u00e7evreye duyarl\u0131 ve gelecek nesillere temiz bir d\u00fcnya b\u0131rakma vizyonu \u00e7er\u00e7evesinde, &hellip; <a href=\"https:\/\/akdenizolaygazetesi.com\/?p=34021\" class=\"more-link\">Devam\u0131n\u0131 Oku&#8230;<\/a><\/p>\n","protected":false},"author":2,"featured_media":34022,"comment_status":"open","ping_status":"open","sticky":false,"template":"","format":"standard","meta":[],"categories":[1,2,3],"tags":[],"_links":{"self":[{"href":"https:\/\/akdenizolaygazetesi.com\/index.php?rest_route=\/wp\/v2\/posts\/34021"}],"collection":[{"href":"https:\/\/akdenizolaygazetesi.com\/index.php?rest_route=\/wp\/v2\/posts"}],"about":[{"href":"https:\/\/akdenizolaygazetesi.com\/index.php?rest_route=\/wp\/v2\/types\/post"}],"author":[{"embeddable":true,"href":"https:\/\/akdenizolaygazetesi.com\/index.php?rest_route=\/wp\/v2\/users\/2"}],"replies":[{"embeddable":true,"href":"https:\/\/akdenizolaygazetesi.com\/index.php?rest_route=%2Fwp%2Fv2%2Fcomments&post=34021"}],"version-history":[{"count":1,"href":"https:\/\/akdenizolaygazetesi.com\/index.php?rest_route=\/wp\/v2\/posts\/34021\/revisions"}],"predecessor-version":[{"id":34023,"href":"https:\/\/akdenizolaygazetesi.com\/index.php?rest_route=\/wp\/v2\/posts\/34021\/revisions\/34023"}],"wp:featuredmedia":[{"embeddable":true,"href":"https:\/\/akdenizolaygazetesi.com\/index.php?rest_route=\/wp\/v2\/media\/34022"}],"wp:attachment":[{"href":"https:\/\/akdenizolaygazetesi.com\/index.php?rest_route=%2Fwp%2Fv2%2Fmedia&parent=34021"}],"wp:term":[{"taxonomy":"category","embeddable":true,"href":"https:\/\/akdenizolaygazetesi.com\/index.php?rest_route=%2Fwp%2Fv2%2Fcategories&post=34021"},{"taxonomy":"post_tag","embeddable":true,"href":"https:\/\/akdenizolaygazetesi.com\/index.php?rest_route=%2Fwp%2Fv2%2Ftags&post=34021"}],"curies":[{"name":"wp","href":"https:\/\/api.w.org\/{rel}","templated":true}]}}