{"id":34024,"date":"2025-01-29T16:06:46","date_gmt":"2025-01-29T13:06:46","guid":{"rendered":"http:\/\/akdenizolaygazetesi.com\/?p=34024"},"modified":"2025-01-29T16:06:46","modified_gmt":"2025-01-29T13:06:46","slug":"cakir-her-alanda-yerli-ve-milli-uretim-ulusal-guvenlik-meselesidir","status":"publish","type":"post","link":"https:\/\/akdenizolaygazetesi.com\/?p=34024","title":{"rendered":"\u00c7ak\u0131r: \u201cHer alanda yerli ve milli \u00fcretim ulusal g\u00fcvenlik meselesidir\u201d"},"content":{"rendered":"<p>Mersin Ticaret ve Sanayi Odas\u0131 (MTSO) Y\u00f6netim Kurulu Ba\u015fkan\u0131 Hakan Sefa \u00c7ak\u0131r, Teknopark\u2019ta d\u00fczenlenen toplant\u0131n\u0131n ard\u0131ndan Teknopark Y\u00f6netim Kurulu \u00dcyesi Veli Do\u011fan\u2019la birlikte, ba\u015fta savunma sanayi olmak \u00fczere kritik sekt\u00f6rlere y\u00f6nelik geli\u015ftirdikleri yerli \u00fcr\u00fcnlerle kent ve \u00fclke g\u00fcvenli\u011fi ve ekonomisine katk\u0131 sunan firmalar\u0131 ziyaret edip \u00e7al\u0131\u015fmalar\u0131 hakk\u0131nda bilgi ald\u0131. <\/p>\n<p>Kayac\u0131 Savunma Sanayi ve C-Prot firmalar\u0131n\u0131 ziyaret eden \u00c7ak\u0131r ve Do\u011fan, burada Y\u00f6netim Kurulu Ba\u015fkanlar\u0131 Hakan Kayac\u0131 ve Bilgehan \u00dcst\u00fcnda\u011f\u2019la g\u00f6r\u00fc\u015f\u00fcp \u00e7al\u0131\u015fmalar\u0131n detaylar\u0131n\u0131 \u00f6\u011frendi. Ziyaretler sonras\u0131 k\u0131sa bir de\u011ferlendirme yapan \u00c7ak\u0131r \u015funlar\u0131 s\u00f6yledi:<br \/>\n\u201cHer alanda milli ve yerli \u00fcretim hem b\u00fcy\u00fck bir katma de\u011fer ve rekabet g\u00fcc\u00fc, hem de ulusal bir g\u00fcvenlik meselesidir. \u00d6zellikle y\u00fcksek teknolojide sadece kullanan de\u011fil, \u00fcreten \u00fclke olmak \u00e7ok \u00f6nemli. Mersin bunu ba\u015farma yolunda ilerleyen bir kent. Mersin Ticaret ve Sanayi Odas\u0131\u2019n\u0131n da kurucular ve ortaklar aras\u0131nda yer ald\u0131\u011f\u0131 Mersin Teknopark bu anlamda sanayiden lojisti\u011fe, e\u011fitimden sa\u011fl\u0131\u011fa ve \u00f6zellikle savunma sanayisine kadar \u00e7ok \u00f6nemli \u00e7al\u0131\u015fmalar\u0131n yap\u0131ld\u0131\u011f\u0131 bir merkez haline gelmi\u015ftir. \u00dcretimleriyle kentimiz ve \u00fclkemiz ekonomisine katk\u0131 sunan t\u00fcm firmalar\u0131m\u0131z\u0131 kutluyor, ba\u015far\u0131lar\u0131n\u0131n devam\u0131n\u0131 diliyorum.\u201d<\/p>\n<p>Kayac\u0131: \u201cEnkaz Alt\u0131 Ya\u015fam Tespit Radar\u0131 kullan\u0131m ge\u00e7erlili\u011fini kan\u0131tlad\u0131\u201d<br \/>\n\u0130lk olarak MTSO Meclis \u00dcyesi ve Kayac\u0131 Savunma Sanayi Y\u00f6netim Kurulu Ba\u015fkan\u0131 Hakan Kayac\u0131\u2019yla bir araya gelen \u00c7ak\u0131r ve Do\u011fan, firman\u0131n \u0130nsans\u0131z Deniz Arac\u0131 ile Enkaz Alt\u0131 Ya\u015fam Tespit Radar Sistemi\u2019nin detaylar\u0131n\u0131 dinledi. Otonom ve insans\u0131z sistemler, engel arkas\u0131 g\u00f6r\u00fcnt\u00fcleme sistemleri, anti-dron\/\u0130HA RF kar\u0131\u015ft\u0131r\u0131c\u0131 sistemleri ve radar yaz\u0131l\u0131mlar\u0131 \u00fcrettiklerini kaydeden Kayac\u0131, proje ve \u00fcr\u00fcn geli\u015ftirme s\u00fcre\u00e7lerini b\u00fcnyelerindeki 25 ar-ge personeliyle s\u00fcrd\u00fcr\u00fcp T\u00fcrk ve Alman \u00fcniversiteleriyle i\u015f birlikleri yapt\u0131klar\u0131n\u0131 s\u00f6yledi. \u0130leri teknoloji ar-ge projelerindeki \u00fcr\u00fcnlerin t\u00fcm elektronik donan\u0131m ve yaz\u0131l\u0131mlar\u0131n\u0131 kendi b\u00fcnyelerinde geli\u015ftirdiklerini vurgulayan Kayac\u0131, Mill\u00ee Savunma Bakanl\u0131\u011f\u0131 taraf\u0131ndan verilen NATO Tesis G\u00fcvenlik Belgesiyle \u00dcretim \u0130zin Belgesi\u2019ne sahip olduklar\u0131n\u0131 bildirdi. 2016\u2019dan bu yana kendi imkanlar\u0131yla yerli ve mill\u00ee olarak geli\u015ftirdikleri, T\u00fcrkiye\u2019nin ilk \u0130nsans\u0131z Su \u00dcst\u00fc Otonom Deniz Arac\u0131 OKHAN-\u0130DA\u2019y\u0131 da g\u00f6sterip tan\u0131tan Kayac\u0131, ar-ge prototipi tamamlanan bu \u00fcr\u00fcn\u00fcn planlanan t\u00fcm testlerinin sonu\u00e7land\u0131r\u0131ld\u0131\u011f\u0131n\u0131 \u00fclkenin ihtiya\u00e7lar\u0131na y\u00f6nelik olarak uygun kullan\u0131m g\u00f6revlerine ve Sahil G\u00fcvenlik Komutanl\u0131\u011f\u0131 envanterine girmeye haz\u0131r hale geldi\u011fini aktard\u0131.<br \/>\nZiyarette \u00c7ak\u0131r ve beraberindekilere \u201cEnkaz Alt\u0131 Ya\u015fam Tespit Radar\u0131n\u0131\u201d da uygulamal\u0131 olarak g\u00f6steren Kayac\u0131 \u015fu bilgileri verdi:<br \/>\n\u201cEnkaz Alt\u0131 Ya\u015fam Tespit Radar\u0131, T\u00dcB\u0130TAK destekli proje payda\u015f\u0131 olan Mersin \u00dcniversitesi\u2019nin projeye \u00f6zel haz\u0131rlad\u0131\u011f\u0131 deprem laboratuvar\u0131nda testlerini ba\u015far\u0131yla tamamlad\u0131. Ge\u00e7ti\u011fimiz y\u0131l Aral\u0131k ay\u0131nda Ankara Valili\u011fi \u0130l Afet ve Acil Durum M\u00fcd\u00fcrl\u00fc\u011f\u00fc Deprem Test Sahas\u0131\u2019nda bir di\u011fer teste kat\u0131ld\u0131. T.C. \u0130\u00e7i\u015fleri Bakanl\u0131\u011f\u0131 Afet ve Acil Durum Y\u00f6netimi Ba\u015fkanl\u0131\u011f\u0131 (AFAD), Kara Kuvvetleri Komutanl\u0131\u011f\u0131, Jandarma Arama Kurtarma Timi (JAK), Jandarma Genel Komutanl\u0131\u011f\u0131 Asayi\u015f Ba\u015fkanl\u0131\u011f\u0131 TEM Dairesi ve di\u011fer kurum yetkililerinden ilgili uzmanlar\u0131n kat\u0131ld\u0131\u011f\u0131 bu testi de ba\u015far\u0131yla tamamlayarak kullan\u0131m ge\u00e7erlili\u011fini kan\u0131tlad\u0131.\u201d<br \/>\nKayac\u0131 yerli ve milli olarak \u00fcrettikleri \u00fcr\u00fcnler aras\u0131nda RF k\u00f6reltici ve jammer sistemleri, Pasif Radar Reflekt\u00f6r (PRR) sistemi ile duvar arkas\u0131 g\u00f6r\u00fcnt\u00fcleme sistemleri bulundu\u011funu dile getirdi. <\/p>\n<p>C-Prot, yerli \u00fcr\u00fcnleriyle ulusal g\u00fcvenli\u011fe katk\u0131 sa\u011fl\u0131yor<br \/>\n\u00c7ak\u0131r ard\u0131ndan Do\u011fan\u2019la birlikte siber g\u00fcvenlik sistemlerinin \u00f6nc\u00fc firmalar\u0131ndan C-Prot Siber G\u00fcvenlik A.\u015e\u2019yi ziyaret ederek Y\u00f6netim Kurulu Ba\u015fkan\u0131 Bilgehan \u00dcst\u00fcnda\u011f\u2019la bir araya geldi. \u015eirketin vizyonu ve geli\u015ftirdi\u011fi ileri d\u00fczey uygulamalar hakk\u0131nda detayl\u0131 sunum yapan \u00dcst\u00fcnda\u011f, yapay zeka destekli doland\u0131r\u0131c\u0131l\u0131k \u00f6nleme sistemleri, siber tehdit istihbarat \u00e7\u00f6z\u00fcmleri ve kritik veri koruma teknolojileri hakk\u0131nda bilgiler payla\u015ft\u0131. Yerli ve milli teknolojilerin savunma sanayi ve finans sekt\u00f6r\u00fcnde sa\u011flad\u0131\u011f\u0131 avantajlar\u0131 vurgulad\u0131. Gelecekte i\u015f birli\u011fi yap\u0131labilecek projeler ve sekt\u00f6rel geli\u015fim alanlar\u0131 de\u011ferlendirildi.<br \/>\nSavunma sanayi ve finans sekt\u00f6r\u00fc gibi kritik alanlarda faaliyet g\u00f6steren kurulu\u015flar i\u00e7in geli\u015fmi\u015f siber g\u00fcvenlik \u00e7\u00f6z\u00fcmleri sunduklar\u0131n\u0131 kaydeden \u00dcst\u00fcnda\u011f, \u201c\u015eirketimiz, yapay zeka destekli g\u00fcvenlik sistemleri, ba\u015fta bankalar olmak \u00fczere bir \u00e7ok kurum i\u00e7in doland\u0131r\u0131c\u0131l\u0131k tespit ve \u00f6nleme yaz\u0131l\u0131mlar\u0131, veri ihlallerine kar\u015f\u0131 koruma uygulamalar\u0131 gibi yenilik\u00e7i \u00fcr\u00fcnler sunuyor\u201d dedi. \u00d6zellikle yapay zeka ve makine \u00f6\u011frenimi tabanl\u0131 sistemler sayesinde, tehditleri proaktif \u015fekilde tespit edip engelleyerek, m\u00fc\u015fterilerine g\u00fcvenli bir dijital ekosistem sunduklar\u0131n\u0131 vurgulayan \u00dcst\u00fcnda\u011f, \u201cC-Prot, yerli teknolojiye dayal\u0131 \u00e7\u00f6z\u00fcmleriyle bir taraftan ulusal g\u00fcvenli\u011fe katk\u0131 sa\u011flarken di\u011fer taraftan sekt\u00f6r\u00fcn b\u00fcy\u00fcmesine \u00f6nc\u00fcl\u00fck ediyor\u201d ifadelerini kulland\u0131. Geli\u015ftirdikleri \u00fcr\u00fcnlerle T\u00fcrkiye\u2019nin \u00f6nde gelen bankalar\u0131yla \u00e7al\u0131\u015fmaya ba\u015flad\u0131klar\u0131n\u0131 belirten \u00dcst\u00fcnda\u011f, y\u0131l i\u00e7inde yapmay\u0131 planlad\u0131klar\u0131 200 milyon TL \u00fczerindeki yat\u0131r\u0131mla sistemlerini bir ad\u0131m daha ileri ta\u015f\u0131y\u0131p kapasitelerini art\u0131rmay\u0131 hedeflediklerini de s\u00f6zlerine ekledi. <\/p>\n","protected":false},"excerpt":{"rendered":"<p>Mersin Ticaret ve Sanayi Odas\u0131 (MTSO) Y\u00f6netim Kurulu Ba\u015fkan\u0131 Hakan Sefa \u00c7ak\u0131r, Teknopark\u2019ta d\u00fczenlenen toplant\u0131n\u0131n ard\u0131ndan Teknopark Y\u00f6netim Kurulu \u00dcyesi Veli Do\u011fan\u2019la birlikte, ba\u015fta savunma sanayi olmak \u00fczere kritik sekt\u00f6rlere &hellip; <a href=\"https:\/\/akdenizolaygazetesi.com\/?p=34024\" class=\"more-link\">Devam\u0131n\u0131 Oku&#8230;<\/a><\/p>\n","protected":false},"author":2,"featured_media":34025,"comment_status":"open","ping_status":"open","sticky":false,"template":"","format":"standard","meta":[],"categories":[1,2,3],"tags":[],"_links":{"self":[{"href":"https:\/\/akdenizolaygazetesi.com\/index.php?rest_route=\/wp\/v2\/posts\/34024"}],"collection":[{"href":"https:\/\/akdenizolaygazetesi.com\/index.php?rest_route=\/wp\/v2\/posts"}],"about":[{"href":"https:\/\/akdenizolaygazetesi.com\/index.php?rest_route=\/wp\/v2\/types\/post"}],"author":[{"embeddable":true,"href":"https:\/\/akdenizolaygazetesi.com\/index.php?rest_route=\/wp\/v2\/users\/2"}],"replies":[{"embeddable":true,"href":"https:\/\/akdenizolaygazetesi.com\/index.php?rest_route=%2Fwp%2Fv2%2Fcomments&post=34024"}],"version-history":[{"count":1,"href":"https:\/\/akdenizolaygazetesi.com\/index.php?rest_route=\/wp\/v2\/posts\/34024\/revisions"}],"predecessor-version":[{"id":34026,"href":"https:\/\/akdenizolaygazetesi.com\/index.php?rest_route=\/wp\/v2\/posts\/34024\/revisions\/34026"}],"wp:featuredmedia":[{"embeddable":true,"href":"https:\/\/akdenizolaygazetesi.com\/index.php?rest_route=\/wp\/v2\/media\/34025"}],"wp:attachment":[{"href":"https:\/\/akdenizolaygazetesi.com\/index.php?rest_route=%2Fwp%2Fv2%2Fmedia&parent=34024"}],"wp:term":[{"taxonomy":"category","embeddable":true,"href":"https:\/\/akdenizolaygazetesi.com\/index.php?rest_route=%2Fwp%2Fv2%2Fcategories&post=34024"},{"taxonomy":"post_tag","embeddable":true,"href":"https:\/\/akdenizolaygazetesi.com\/index.php?rest_route=%2Fwp%2Fv2%2Ftags&post=34024"}],"curies":[{"name":"wp","href":"https:\/\/api.w.org\/{rel}","templated":true}]}}