{"id":34067,"date":"2025-01-30T16:29:13","date_gmt":"2025-01-30T13:29:13","guid":{"rendered":"http:\/\/akdenizolaygazetesi.com\/?p=34067"},"modified":"2025-01-30T16:29:13","modified_gmt":"2025-01-30T13:29:13","slug":"ekmen-gezi-dosyasini-yeniden-acmak-hangi-akla-hizmettir","status":"publish","type":"post","link":"https:\/\/akdenizolaygazetesi.com\/?p=34067","title":{"rendered":"EKMEN: GEZ\u0130 DOSYASINI YEN\u0130DEN A\u00c7MAK HANG\u0130 AKLA H\u0130ZMETT\u0130R?"},"content":{"rendered":"<p>DEVA Partisi Genel Ba\u015fkan Yard\u0131mc\u0131s\u0131 Mehmet Emin Ekmen, Ay\u015fe Bar\u0131m\u2019\u0131n menajerlikte tekelle\u015fme ve Gezi Park\u0131 dosyas\u0131ndan tutuklanmas\u0131 iddialar\u0131yla ilgili \u00e7arp\u0131c\u0131 de\u011ferlendirmelerde bulundu. <\/p>\n<p>TV\u2019lere kimin \u00e7\u0131k\u0131p \u00e7\u0131kmayaca\u011f\u0131na dahi iktidar\u0131n karar verdi\u011finin alt\u0131n\u0131 \u00e7izen Ekmen, Ay\u015fe Bar\u0131m\u2019\u0131n sat\u0131n almac\u0131s\u0131n\u0131n neredeyse tamam\u0131n\u0131n iktidar\u0131n g\u00fcd\u00fcm\u00fcndeki kanallar oldu\u011funa vurgu yapt\u0131. Ekmen, \u201cAy\u015fe Bar\u0131m ile ilgili Gezi eylemlerinde su\u00e7 i\u015fledi diyorlar. Tamer Karada\u011fl\u0131 da gezideydi, \u015fimdi ise Devlet Tiyatrolar\u0131 Genel M\u00fcd\u00fcr\u00fc oldu.  Onu da \u00e7a\u011f\u0131rs\u0131nlar, soru\u015ftursunlar o zaman. Ay\u015fe Bar\u0131m birilerinin aya\u011f\u0131na m\u0131 bast\u0131,  baz\u0131 talepleri kar\u015f\u0131lamad\u0131\u011f\u0131 i\u00e7in mi bu hale d\u00fc\u015f\u00fcr\u00fcld\u00fc? \u00d6yleyse \u00e7ok vahim.\u201d dedi. <\/p>\n<p>DEVA Partisi Genel Ba\u015fkan Yard\u0131mc\u0131s\u0131 ve Mersin Milletvekili Mehmet Emin Ekmen, Elips TV\u2019de B\u00fclent Aydemir ile Bire Bir program\u0131n\u0131n konu\u011fu oldu. T\u00fcrkiye&#8217;nin ekonomik sorunlar\u0131, adalet ve medya \u00fczerindeki bask\u0131lar\u0131na de\u011finen Ekmen, iktidar\u0131n yarg\u0131 ve medya \u00fczerindeki kontrol\u00fcn toplumda yaratt\u0131\u011f\u0131 korku iklimine tepki g\u00f6sterdi. <\/p>\n<p>AY\u015eE BARIM\u2019IN SATIN ALMACISI BU \u0130KT\u0130DARIN KANALLARI!<br \/>\nAy\u015fe Bar\u0131m\u2019\u0131n menajerlikte tekelle\u015fti\u011fi iddialar\u0131yla ilgili de konu\u015fan Ekmen, \u201c\u015eahenk Medya, Demir\u00f6ren Medya, Turkuaz Medya, TRT ve Acun Medya d\u0131\u015f\u0131nda kim dizi sat\u0131n al\u0131yor? Ekranlar\u0131n Y\u00fczde doksan\u0131n\u0131 bu be\u015f medya grubu y\u00f6netiyor. Ay\u015fe Bar\u0131m iktidara kar\u015f\u0131 bir d\u00fczen kurduysa; bu be\u015f medya grubu ni\u00e7in sat\u0131n alma yap\u0131yor? Dizileri Kim yay\u0131nl\u0131yor? \u0130leti\u015fim Ba\u015fkanl\u0131\u011f\u0131&#8217;n\u0131n talimat\u0131yla yay\u0131n yapan kanallar. Oyuncular\u0131 Ay\u015fe Bar\u0131m se\u00e7iyormu\u015f. Sen se\u00e7. Niye Ay\u015fe Bar\u0131m&#8217;\u0131 su\u00e7luyorsun? Ay\u015fe Bar\u0131m&#8217;\u0131n sat\u0131n almac\u0131s\u0131 sizsiniz\u201d ifadelerini kulland\u0131. <\/p>\n<p>TAMER KARADA\u011eLI N\u0130YE \u0130FADEYE \u00c7A\u011eIRILMIYOR?<br \/>\n\u0130ktidara yak\u0131n TV kanallar\u0131 Ay\u015fe Bar\u0131m\u2019\u0131n projelerini sat\u0131n al\u0131rken tekelle\u015fme iddias\u0131n\u0131n sa\u00e7ma oldu\u011funu s\u00f6yleyen Ekmen, e\u011fer iddialar do\u011fruysa o zaman iktidar\u0131n kendi eliyle Ay\u015fe Bar\u0131m\u2019\u0131 tekelle\u015ftirdi\u011fini vurgulayarak, \u201cburada muhtemelen piyasaya m\u00fcdahale anlam\u0131nda bir plan var yoksa tekelle\u015fme medyalar\u0131 ger\u00e7ek\u00e7i de\u011fildir\u201d dedi.<br \/>\nEkmen devamla<br \/>\n \u201cGezi eylemlerinde su\u00e7 i\u015fledin diyorsun. Bu nas\u0131l bir darbe giri\u015fimidir ki sonu\u00e7 do\u011furmad\u0131\u011f\u0131 gibi her \u015fey kameralar\u0131n \u00f6n\u00fcnde ya\u015fanm\u0131\u015fken 13 y\u0131l sonra soru\u015fturma konusu oluyor? Tamer Karada\u011fl\u0131 da gezideydi, \u015fimdi ise Devlet Tiyatrolar\u0131 Genel M\u00fcd\u00fcr\u00fc oldu. Onu da \u00e7a\u011f\u0131rs\u0131nlar, soru\u015ftursunlar, belki etkin pi\u015fmanl\u0131ktan faydalan\u0131r, bilinmedik yeni deliller(!) ileri s\u00fcrer. Velhas\u0131l su\u00e7lamalar, kara mizah konusu olacak kadar sa\u00e7ma. Ay\u015fe Bar\u0131m birilerinin aya\u011f\u0131na m\u0131 bast\u0131, baz\u0131 talepleri kar\u015f\u0131lamad\u0131\u011f\u0131 i\u00e7in mi bu hale d\u00fc\u015f\u00fcr\u00fcld\u00fc? \u00e7ok vahim. \u201d de\u011ferlendirmesinde bulundu.<\/p>\n","protected":false},"excerpt":{"rendered":"<p>DEVA Partisi Genel Ba\u015fkan Yard\u0131mc\u0131s\u0131 Mehmet Emin Ekmen, Ay\u015fe Bar\u0131m\u2019\u0131n menajerlikte tekelle\u015fme ve Gezi Park\u0131 dosyas\u0131ndan tutuklanmas\u0131 iddialar\u0131yla ilgili \u00e7arp\u0131c\u0131 de\u011ferlendirmelerde bulundu. TV\u2019lere kimin \u00e7\u0131k\u0131p \u00e7\u0131kmayaca\u011f\u0131na dahi iktidar\u0131n karar verdi\u011finin &hellip; <a href=\"https:\/\/akdenizolaygazetesi.com\/?p=34067\" class=\"more-link\">Devam\u0131n\u0131 Oku&#8230;<\/a><\/p>\n","protected":false},"author":2,"featured_media":34041,"comment_status":"open","ping_status":"open","sticky":false,"template":"","format":"standard","meta":[],"categories":[1,2,3],"tags":[],"_links":{"self":[{"href":"https:\/\/akdenizolaygazetesi.com\/index.php?rest_route=\/wp\/v2\/posts\/34067"}],"collection":[{"href":"https:\/\/akdenizolaygazetesi.com\/index.php?rest_route=\/wp\/v2\/posts"}],"about":[{"href":"https:\/\/akdenizolaygazetesi.com\/index.php?rest_route=\/wp\/v2\/types\/post"}],"author":[{"embeddable":true,"href":"https:\/\/akdenizolaygazetesi.com\/index.php?rest_route=\/wp\/v2\/users\/2"}],"replies":[{"embeddable":true,"href":"https:\/\/akdenizolaygazetesi.com\/index.php?rest_route=%2Fwp%2Fv2%2Fcomments&post=34067"}],"version-history":[{"count":1,"href":"https:\/\/akdenizolaygazetesi.com\/index.php?rest_route=\/wp\/v2\/posts\/34067\/revisions"}],"predecessor-version":[{"id":34068,"href":"https:\/\/akdenizolaygazetesi.com\/index.php?rest_route=\/wp\/v2\/posts\/34067\/revisions\/34068"}],"wp:featuredmedia":[{"embeddable":true,"href":"https:\/\/akdenizolaygazetesi.com\/index.php?rest_route=\/wp\/v2\/media\/34041"}],"wp:attachment":[{"href":"https:\/\/akdenizolaygazetesi.com\/index.php?rest_route=%2Fwp%2Fv2%2Fmedia&parent=34067"}],"wp:term":[{"taxonomy":"category","embeddable":true,"href":"https:\/\/akdenizolaygazetesi.com\/index.php?rest_route=%2Fwp%2Fv2%2Fcategories&post=34067"},{"taxonomy":"post_tag","embeddable":true,"href":"https:\/\/akdenizolaygazetesi.com\/index.php?rest_route=%2Fwp%2Fv2%2Ftags&post=34067"}],"curies":[{"name":"wp","href":"https:\/\/api.w.org\/{rel}","templated":true}]}}