{"id":34075,"date":"2025-02-03T16:00:53","date_gmt":"2025-02-03T13:00:53","guid":{"rendered":"http:\/\/akdenizolaygazetesi.com\/?p=34075"},"modified":"2025-02-03T16:00:53","modified_gmt":"2025-02-03T13:00:53","slug":"mujde-dediler-halki-sefalete-mahkum-ettiler","status":"publish","type":"post","link":"https:\/\/akdenizolaygazetesi.com\/?p=34075","title":{"rendered":"M\u00fcjde Dediler, Halk\u0131 Sefalete Mahkum Ettiler!"},"content":{"rendered":"<p>Asgari \u00dccret Daha \u0130lk Aydan A\u00e7l\u0131k S\u0131n\u0131r\u0131n\u0131n Alt\u0131na D\u00fc\u015ft\u00fc!<\/p>\n<p>T\u00fcrkiye&#8217;de milyonlarca vatanda\u015f i\u00e7in 2025, sefalet ve \u00e7aresizli\u011fin y\u0131l\u0131 olmaya devam ediyor! H\u00fck\u00fcmet, en d\u00fc\u015f\u00fck emekli maa\u015f\u0131n\u0131 14.469 TL&#8217;ye y\u00fckseltti\u011fini bir &#8220;m\u00fcjde&#8221; olarak duyurdu. Ancak ger\u00e7ekler ortada: Ocak 2025 itibar\u0131yla a\u00e7l\u0131k s\u0131n\u0131r\u0131 22.131 TL!<\/p>\n<p>\u2022 Emekli, a\u00e7l\u0131k s\u0131n\u0131r\u0131n\u0131n tam 7.662 TL alt\u0131nda!<\/p>\n<p>\u2022 Asgari \u00fccret, daha ilk aydan a\u00e7l\u0131k s\u0131n\u0131r\u0131n\u0131n alt\u0131na d\u00fc\u015ft\u00fc!<\/p>\n<p>\u2022 T\u00fcrkiye, sefalet endeksinde d\u00fcnyan\u0131n en k\u00f6t\u00fc 10 \u00fclkesi aras\u0131na girdi!<\/p>\n<p>Peki, milyonlarca insan bu maa\u015flarla nas\u0131l ya\u015fayacak? Bar\u0131nma, g\u0131da, faturalar, e\u011fitim ve sa\u011fl\u0131k gibi temel ihtiya\u00e7lar art\u0131k birer l\u00fcks haline gelmi\u015fken, bu \u00fccretlerle hayatta kalmak m\u00fcmk\u00fcn m\u00fc?<\/p>\n<p>\u0130lk Aydan Maa\u015f Eriyi\u015fe Ge\u00e7ti! \u0130\u015fte Ocak 2025 Fiyat Art\u0131\u015flar\u0131<\/p>\n<p>Ocak ay\u0131 boyunca temel t\u00fcketim maddelerine gelen zamlar, asgari \u00fccretlinin ve emeklinin cebini adeta bo\u015faltt\u0131. T\u00fcrkiye&#8217;de fiyatlar sadece bir ay i\u00e7inde dahi fahi\u015f oranlarda artt\u0131! \u0130\u015fte baz\u0131 temel \u00fcr\u00fcnlerdeki fiyat art\u0131\u015flar\u0131:<\/p>\n<p>1 AYLIK FI\u0307YAT TABLOSU<\/p>\n<p>\u00dcR\u00dcN<\/p>\n<p>1.Oca<\/p>\n<p>31.Oca<\/p>\n<p>ARTI\u015e (%)<\/p>\n<p>EK\u0130C\u0130 1 KG \u0130ZM\u0130R TULUM PEYN\u0130R\u0130<\/p>\n<p>429.0<\/p>\n<p>545.0<\/p>\n<p>27.04<\/p>\n<p>S\u0130YAH ZEYT\u0130N 1 KG<\/p>\n<p>195.0<\/p>\n<p>264.0<\/p>\n<p>35.38<\/p>\n<p>YUDUM ZEYT\u0130NYA\u011eI 2 LT<\/p>\n<p>399.0<\/p>\n<p>599.0<\/p>\n<p>50.13<\/p>\n<p>M\u0130GROS AY\u00c7\u0130\u00c7EK YA\u011eI<\/p>\n<p>289.0<\/p>\n<p>589.0<\/p>\n<p>103.81<\/p>\n<p>YUMURTA 10&#8217;LU<\/p>\n<p>76.0<\/p>\n<p>89.5<\/p>\n<p>17.76<\/p>\n<p>BANV\u0130T P\u0130L\u0130\u00c7 TAVA 1 KG<\/p>\n<p>197.0<\/p>\n<p>300.0<\/p>\n<p>52.28<\/p>\n<p>PINAR TEREYA\u011eI 1 KG<\/p>\n<p>450.0<\/p>\n<p>591.0<\/p>\n<p>31.33<\/p>\n<p>\u0130\u00c7\u0130M KA\u015eAR PEYN\u0130R\u0130 600 GRAM<\/p>\n<p>168.0<\/p>\n<p>247.0<\/p>\n<p>47.02<\/p>\n<p>KUZU KU\u015eBA\u015eI 1 KG<\/p>\n<p>450.0<\/p>\n<p>848.0<\/p>\n<p>88.44<\/p>\n<p>DANA KU\u015eBA\u015eI 1 KG<\/p>\n<p>625.0<\/p>\n<p>795.0<\/p>\n<p>27.2<\/p>\n<p>KIYMA 1 KG<\/p>\n<p>409.0<\/p>\n<p>469.0<\/p>\n<p>14.67<\/p>\n<p>TOZ \u015eEKER 5 KG<\/p>\n<p>189.0<\/p>\n<p>240.0<\/p>\n<p>26.98<\/p>\n<p>S\u0130YAH \u00c7AY 1 KG<\/p>\n<p>135.0<\/p>\n<p>206.0<\/p>\n<p>52.59<\/p>\n<p>GRAM ALTIN<\/p>\n<p>2990.0<\/p>\n<p>3486.0<\/p>\n<p>16.59<\/p>\n<p>Sefalet Endeksinde T\u00fcrkiye D\u00fcnyan\u0131n En K\u00f6t\u00fc 10 \u00dclkesi Aras\u0131nda!<\/p>\n<p>Uluslararas\u0131 raporlar da T\u00fcrkiye&#8217;nin ekonomik felaketini g\u00f6zler \u00f6n\u00fcne seriyor. T\u00fcrkiye, d\u00fcnyan\u0131n en k\u00f6t\u00fc ekonomik \u015fartlar\u0131na sahip 10 \u00fclke aras\u0131na girdi.<\/p>\n<p>\ud83d\udcca Sefalet Endeksine G\u00f6re En K\u00f6t\u00fc 10 \u00dclke:<\/p>\n<p>1. Arjantin \u2013 Hiperenflasyon ve ekonomik \u00e7\u00f6k\u00fc\u015f<\/p>\n<p>2. Suriye \u2013 Sava\u015f ve kitlesel yoksulluk<\/p>\n<p>3. L\u00fcbnan \u2013 Ekonomik kriz ve deval\u00fcasyon<\/p>\n<p>4. Sudan \u2013 \u0130\u00e7 sava\u015f ve kaos<\/p>\n<p>5. T\u00fcrkiye \u2013 Enflasyon, gelir adaletsizli\u011fi ve sefalet!<\/p>\n<p>6. Venezuela \u2013 Tarihin en a\u011f\u0131r ekonomik krizlerinden biri<\/p>\n<p>7. Zimbabve \u2013 Deval\u00fcasyon ve i\u015fsizlik<\/p>\n<p>8. Filistin \u2013 \u0130\u015fgal, sava\u015f ve a\u00e7l\u0131k<\/p>\n<p>9. Angola \u2013 Petrol ba\u011f\u0131ml\u0131l\u0131\u011f\u0131 ve fakirlik<\/p>\n<p>10. Kongo Demokratik Cumhuriyeti \u2013 A\u00e7l\u0131k ve i\u00e7 \u00e7at\u0131\u015fmalar<\/p>\n<p>Sava\u015f ve i\u00e7 krizlerle bo\u011fu\u015fan \u00fclkelerle ayn\u0131 listede olmak bir ba\u015far\u0131 m\u0131d\u0131r? Bu tablo, \u00fclkeyi y\u00f6netenlerin eseridir!<\/p>\n<p>Bu Maa\u015flarla Halk Nas\u0131l Ge\u00e7inecek?<\/p>\n<p>Kira m\u0131 \u00f6denecek?<\/p>\n<p>B\u00fcy\u00fck\u015fehirlerde en d\u00fc\u015f\u00fck kira 15-20 bin TL! Milyonlarca insan\u0131n kiras\u0131 emekli maa\u015f\u0131ndan fazla!<\/p>\n<p>G\u0131da m\u0131 al\u0131nacak?<\/p>\n<p>D\u00f6rt ki\u015filik bir ailenin sadece g\u0131da masraf\u0131 22.131 TL! Et, s\u00fct, peynir almak art\u0131k hayal oldu!<\/p>\n<p>Faturalar m\u0131 \u00f6denecek?<\/p>\n<p>Elektrik, do\u011fal gaz, su faturalar\u0131 maa\u015f\u0131n b\u00fcy\u00fck k\u0131sm\u0131n\u0131 g\u00f6t\u00fcr\u00fcyor. Is\u0131nmak bile l\u00fcks hale geldi!<\/p>\n<p>E\u011fitim ve sa\u011fl\u0131k hizmetlerine ula\u015f\u0131labilecek mi?<\/p>\n<p>\u00d6zel hastaneler ula\u015f\u0131lmaz hale geldi. Devlet hastanelerinde aylar s\u00fcren bekleme s\u00fcreleri var!<\/p>\n<p>\u0130ktidar Ger\u00e7eklerden Kopuk!<\/p>\n<p>Aile Y\u0131l\u0131 ilan ettiniz, ama halk\u0131n sofras\u0131na koyacak bir lokmas\u0131 bile kalmad\u0131!<\/p>\n<p>Enflasyonu d\u00fc\u015f\u00fcrece\u011fiz dediniz, ama vatanda\u015f a\u00e7l\u0131k s\u0131n\u0131r\u0131n\u0131n alt\u0131nda eziliyor!<\/p>\n<p>Sizin iktidar\u0131n\u0131z tarihe ge\u00e7ecek, ama d\u00fc\u015f\u00fcnd\u00fc\u011f\u00fcn\u00fcz gibi de\u011fil! Vatanda\u015f\u0131 a\u00e7 b\u0131rakan, sefaletin mimar\u0131 olan bir y\u00f6netim olarak an\u0131lacaks\u0131n\u0131z!<\/p>\n<p>Bir ay boyunca bu maa\u015flarla ge\u00e7inmeyi deneyin! Bir emeklinin pazara \u00e7\u0131k\u0131p torbas\u0131n\u0131 doldurmas\u0131 art\u0131k m\u00fcmk\u00fcn de\u011fil! Asgari \u00fccretli maa\u015f\u0131yla ay ortas\u0131n\u0131 bile g\u00f6remiyor!<\/p>\n<p>A\u00e7l\u0131k S\u0131n\u0131r\u0131 (Ocak 2025): 22.131 TL<\/p>\n<p>Asgari \u00dccret (2025): 22.104 TL<\/p>\n<p>En D\u00fc\u015f\u00fck Emekli Maa\u015f\u0131: 14.469 TL<\/p>\n<p>Ekonomik kriz her ge\u00e7en g\u00fcn b\u00fcy\u00fcyor, vatanda\u015f\u0131n al\u0131m g\u00fcc\u00fc dibe vuruyor!<\/p>\n<p>Bu D\u00fczen B\u00f6yle Devam Edemez!<\/p>\n<p>Asgari \u00fccretlinin ve emeklinin hayatta kalma sava\u015f\u0131 verdi\u011fi bu d\u00fczende, h\u00fck\u00fcmet \u00e7\u0131k\u0131p &#8220;m\u00fcjde&#8221; a\u00e7\u0131klamalar\u0131 yap\u0131yor!<\/p>\n<p>Bu bir m\u00fcjde de\u011fil, sefaletin resmile\u015fmesi!<\/p>\n<p>Halk\u0131n \u00e7\u0131\u011fl\u0131\u011f\u0131n\u0131 duymazdan gelenler, bu sefaletin faturas\u0131n\u0131 \u00f6demek zorunda kalacak!<\/p>\n","protected":false},"excerpt":{"rendered":"<p>Asgari \u00dccret Daha \u0130lk Aydan A\u00e7l\u0131k S\u0131n\u0131r\u0131n\u0131n Alt\u0131na D\u00fc\u015ft\u00fc! T\u00fcrkiye&#8217;de milyonlarca vatanda\u015f i\u00e7in 2025, sefalet ve \u00e7aresizli\u011fin y\u0131l\u0131 olmaya devam ediyor! H\u00fck\u00fcmet, en d\u00fc\u015f\u00fck emekli maa\u015f\u0131n\u0131 14.469 TL&#8217;ye y\u00fckseltti\u011fini bir &hellip; <a href=\"https:\/\/akdenizolaygazetesi.com\/?p=34075\" class=\"more-link\">Devam\u0131n\u0131 Oku&#8230;<\/a><\/p>\n","protected":false},"author":2,"featured_media":34076,"comment_status":"open","ping_status":"open","sticky":false,"template":"","format":"standard","meta":[],"categories":[1,2,3],"tags":[],"_links":{"self":[{"href":"https:\/\/akdenizolaygazetesi.com\/index.php?rest_route=\/wp\/v2\/posts\/34075"}],"collection":[{"href":"https:\/\/akdenizolaygazetesi.com\/index.php?rest_route=\/wp\/v2\/posts"}],"about":[{"href":"https:\/\/akdenizolaygazetesi.com\/index.php?rest_route=\/wp\/v2\/types\/post"}],"author":[{"embeddable":true,"href":"https:\/\/akdenizolaygazetesi.com\/index.php?rest_route=\/wp\/v2\/users\/2"}],"replies":[{"embeddable":true,"href":"https:\/\/akdenizolaygazetesi.com\/index.php?rest_route=%2Fwp%2Fv2%2Fcomments&post=34075"}],"version-history":[{"count":1,"href":"https:\/\/akdenizolaygazetesi.com\/index.php?rest_route=\/wp\/v2\/posts\/34075\/revisions"}],"predecessor-version":[{"id":34077,"href":"https:\/\/akdenizolaygazetesi.com\/index.php?rest_route=\/wp\/v2\/posts\/34075\/revisions\/34077"}],"wp:featuredmedia":[{"embeddable":true,"href":"https:\/\/akdenizolaygazetesi.com\/index.php?rest_route=\/wp\/v2\/media\/34076"}],"wp:attachment":[{"href":"https:\/\/akdenizolaygazetesi.com\/index.php?rest_route=%2Fwp%2Fv2%2Fmedia&parent=34075"}],"wp:term":[{"taxonomy":"category","embeddable":true,"href":"https:\/\/akdenizolaygazetesi.com\/index.php?rest_route=%2Fwp%2Fv2%2Fcategories&post=34075"},{"taxonomy":"post_tag","embeddable":true,"href":"https:\/\/akdenizolaygazetesi.com\/index.php?rest_route=%2Fwp%2Fv2%2Ftags&post=34075"}],"curies":[{"name":"wp","href":"https:\/\/api.w.org\/{rel}","templated":true}]}}