{"id":34162,"date":"2025-02-06T14:35:48","date_gmt":"2025-02-06T11:35:48","guid":{"rendered":"http:\/\/akdenizolaygazetesi.com\/?p=34162"},"modified":"2025-02-06T14:35:48","modified_gmt":"2025-02-06T11:35:48","slug":"otizme-bir-farkindalik-daha-avmlerin-isiklari-ve-sesleri-kisildi","status":"publish","type":"post","link":"https:\/\/akdenizolaygazetesi.com\/?p=34162","title":{"rendered":"OT\u0130ZME B\u0130R FARKINDALIK DAHA: AVM&#8217;LER\u0130N I\u015eIKLARI VE SESLER\u0130 KISILDI"},"content":{"rendered":"<p>Mersin B\u00fcy\u00fck\u015fehir Belediyesi; K\u0131zkalesi Rotary, K\u0131zkalesi Rotaract, Sayapark AVM i\u015fbirli\u011finde, Mersin Otizm Derne\u011fi destekleriyle &#8216;Otizm Saati&#8217; etkinli\u011fi d\u00fczenledi. Sa\u011fl\u0131k \u0130\u015fleri Dairesi Ba\u015fkanl\u0131\u011f\u0131&#8217;n\u0131n katk\u0131lar\u0131yla yap\u0131lan etkinlik kapsam\u0131nda; seslerden ve \u0131\u015f\u0131klardan etkilenen otizmli bireylerin ve ailelerinin AVM&#8217;lerde \u00f6zg\u00fcrce dola\u015fabilmeleri i\u00e7in sesler ve \u0131\u015f\u0131klar k\u0131s\u0131ld\u0131.<\/p>\n<p>Mersin B\u00fcy\u00fck\u015fehir Belediyesi; K\u0131zkalesi Rotary, K\u0131zkalesi Rotaract, Sayapark AVM i\u015fbirli\u011finde, Mersin Otizm Derne\u011fi destekleriyle &#8216;Otizm Saati&#8217; etkinli\u011fi d\u00fczenledi. Sa\u011fl\u0131k \u0130\u015fleri Dairesi Ba\u015fkanl\u0131\u011f\u0131&#8217;n\u0131n katk\u0131lar\u0131yla yap\u0131lan etkinlik kapsam\u0131nda; seslerden ve \u0131\u015f\u0131klardan etkilenen otizmli bireylerin ve ailelerinin AVM&#8217;lerde \u00f6zg\u00fcrce dola\u015fabilmeleri i\u00e7in sesler ve \u0131\u015f\u0131klar k\u0131s\u0131ld\u0131.<\/p>\n<p>Gerbo\u011fa: &#8220;Amac\u0131m\u0131z, otizmli bireylerin toplumsal ve sosyal hayata kar\u0131\u015fmas\u0131&#8221;<\/p>\n<p>Otizme fark\u0131ndal\u0131\u011f\u0131n artmas\u0131 i\u00e7in yap\u0131lan uygulaman\u0131n \u00e7ok k\u0131ymetli oldu\u011funu s\u00f6yleyen B\u00fcy\u00fck\u015fehir Belediyesi Sa\u011fl\u0131k \u0130\u015fleri Dairesi Engelliler \u015eube M\u00fcd\u00fcr\u00fc Abdullah Gerbo\u011fa, &#8220;Otizm Saati isimli bu proje kapsam\u0131nda; AVM&#8217;nin \u0131\u015f\u0131klar\u0131, sesleri k\u0131s\u0131larak otizmli bireylerin kullan\u0131m\u0131na uygun hale getiriliyor. Burada ama\u00e7 hem fark\u0131ndal\u0131k yaratmak hem de otizmli bireylerin toplumsal ve sosyal hayata kar\u0131\u015fmas\u0131. Biz de Mersin B\u00fcy\u00fck\u015fehir Belediyesi olarak bu projeyi destekledik. Buraya stant a\u00e7t\u0131k, otizmle ilgili bilgilendirici faaliyetler yap\u0131yoruz. Do\u011fru bilinen yanl\u0131\u015flar veya yanl\u0131\u015f bilinen do\u011frular neler, onlarla ilgili \u00e7al\u0131\u015fmalar\u0131m\u0131z var&#8221; diye konu\u015ftu.<\/p>\n<p>&#8220;Hizmetlerimizle, otizmli bireylerin her zaman yan\u0131nday\u0131z&#8221;<\/p>\n<p>Otizmin n\u00f6rogeli\u015fimsel bir bozukluk oldu\u011funa dikkat \u00e7eken Gerbo\u011fa, &#8220;Mersin B\u00fcy\u00fck\u015fehir Belediyesi olarak otizmin fark\u0131nday\u0131z. Hizmetlerimizle otizmli bireylerin her zaman yan\u0131nday\u0131z. Gerek Otizm Aile Dan\u0131\u015fma Merkezimiz, gerek Engelsiz Ya\u015fam Merkezimiz, gerekse de Engelsiz Ya\u015fam Park\u0131m\u0131zla hizmet vermeye devam ediyoruz. Yeni projeleri destekliyoruz. Otizm dernekleri ile koordineli bir \u015fekilde \u00e7al\u0131\u015f\u0131yoruz&#8221; dedi. Kentte ya\u015fayan yurtta\u015flara da seslenen Gerbo\u011fa, &#8220;Mersin halk\u0131na \u00e7a\u011fr\u0131m\u0131z, otizmin fark\u0131nda olmalar\u0131. \u00c7\u00fcnk\u00fc onlar; biz fark edersek sosyal ya\u015fant\u0131da, hayatta, e\u011fitimde, hayat\u0131n her yerinde etkin olabiliyorlar. Otizmli bireyler, aileler ve yak\u0131nlar\u0131, bize her zaman ba\u015fvuruda bulunabilirler&#8221; diyerek, b\u00fct\u00fcn hizmetlerden herkesin yararlanabilece\u011fini s\u00f6yledi.<\/p>\n<p>Gevher: &#8220;Kendimizi d\u0131\u015flanm\u0131\u015f ve terkedilmi\u015f gibi hissediyorduk&#8221;<\/p>\n<p>Otizmli bir bireyin annesi olarak, kendilerini toplumdan d\u0131\u015flanm\u0131\u015f gibi hissettiklerini s\u00f6yleyen Mersin Otizm Derne\u011fi Ba\u015fkan\u0131 Hatice Gevher, &#8220;Terk edilmi\u015f gibi hissediyorduk. \u00c7\u00fcnk\u00fc otizmli \u00e7ocuklar ile \u00e7ok ba\u011flant\u0131 kuran olmaz. Etkinli\u011fin yap\u0131lmas\u0131na \u00e7ok mutlu olduk. Otizmli \u00e7ocu\u011fumla al\u0131\u015fveri\u015fe gitmek \u00e7ok s\u0131k\u0131nt\u0131yd\u0131, biz de iyi olaca\u011f\u0131n\u0131 d\u00fc\u015f\u00fcnd\u00fck&#8221; diyerek, emek veren herkese te\u015fekk\u00fcr etti.<\/p>\n<p>Boymul: &#8220;Otizm, tek ba\u015f\u0131na \u00e7\u00f6z\u00fcmlenebilecek ya da a\u015f\u0131labilecek bir rahats\u0131zl\u0131k de\u011fil&#8221;<\/p>\n<p>Otizmin \u00f6nceki y\u0131llarda daha yava\u015f ilerledi\u011fini ama art\u0131k her 36 \u00e7ocuktan 1&#8217;inde g\u00f6r\u00fclmeye ba\u015flad\u0131\u011f\u0131n\u0131 ifade eden Mersin Otizm Derne\u011fi Y\u00f6netim Kurulu \u00dcyesi Ceyda Boymul, &#8220;Otizm, h\u0131zla ilerleyen bir rahats\u0131zl\u0131k. Buna toplumun bilin\u00e7li bir \u015fekilde yakla\u015fmas\u0131 laz\u0131m. Sadece otizmli ailenin \u00e7ocu\u011fu olarak de\u011fil, toplumun bir bireyi olarak bak\u0131lmas\u0131 laz\u0131m. Otizmli bireyler \u015fu anda toplumda d\u0131\u015flanmakta, istenmemekte ve yaln\u0131zla\u015ft\u0131r\u0131lmakta. Biz, toplum olarak sahip \u00e7\u0131k\u0131lmas\u0131n\u0131 istiyoruz. \u00c7\u00fcnk\u00fc otizm, tek ba\u015f\u0131na \u00e7\u00f6z\u00fcmlenebilecek ya da a\u015f\u0131labilecek bir rahats\u0131zl\u0131k de\u011fil&#8221; dedi.<\/p>\n<p>Obao\u011flu: &#8220;Art\u0131k toplumun otizmi fark etmesini istiyoruz&#8221;<\/p>\n<p>Mersin Otizm Derne\u011fi kurucular\u0131ndan \u0130lknur Obao\u011flu ise, otizmli bireylerin AVM&#8217;lerdeki seslerden ve \u0131\u015f\u0131klardan dolay\u0131 \u00f6fke n\u00f6beti ge\u00e7irdi\u011fini belirterek, &#8220;Benim o\u011flum 26 ya\u015f\u0131nda ve seslerden etkileniyor. Biz de \u00e7ok hafif g\u00f6r\u00fcnebiliyor ama onlar da beyine resmen bask\u0131 yapan bir ses geliyor ve tetikleniyor&#8221; ifadelerini kulland\u0131. Otizmli bireylerin aileleri olarak \u00e7ok zor bir hayat ge\u00e7irdiklerini ifade eden Obao\u011flu, &#8220;Bir al\u0131\u015fveri\u015f merkezine gelemiyoruz. Art\u0131k toplumun otizmi fark etmesini istiyoruz. Yan\u0131m\u0131zda olsunlar, \u00f6tekile\u015ftirmesinler&#8221; diyerek, katk\u0131 sunanlara te\u015fekk\u00fcr etti.<\/p>\n","protected":false},"excerpt":{"rendered":"<p>Mersin B\u00fcy\u00fck\u015fehir Belediyesi; K\u0131zkalesi Rotary, K\u0131zkalesi Rotaract, Sayapark AVM i\u015fbirli\u011finde, Mersin Otizm Derne\u011fi destekleriyle &#8216;Otizm Saati&#8217; etkinli\u011fi d\u00fczenledi. Sa\u011fl\u0131k \u0130\u015fleri Dairesi Ba\u015fkanl\u0131\u011f\u0131&#8217;n\u0131n katk\u0131lar\u0131yla yap\u0131lan etkinlik kapsam\u0131nda; seslerden ve \u0131\u015f\u0131klardan etkilenen &hellip; <a href=\"https:\/\/akdenizolaygazetesi.com\/?p=34162\" class=\"more-link\">Devam\u0131n\u0131 Oku&#8230;<\/a><\/p>\n","protected":false},"author":2,"featured_media":34163,"comment_status":"open","ping_status":"open","sticky":false,"template":"","format":"standard","meta":[],"categories":[1,2,3],"tags":[],"_links":{"self":[{"href":"https:\/\/akdenizolaygazetesi.com\/index.php?rest_route=\/wp\/v2\/posts\/34162"}],"collection":[{"href":"https:\/\/akdenizolaygazetesi.com\/index.php?rest_route=\/wp\/v2\/posts"}],"about":[{"href":"https:\/\/akdenizolaygazetesi.com\/index.php?rest_route=\/wp\/v2\/types\/post"}],"author":[{"embeddable":true,"href":"https:\/\/akdenizolaygazetesi.com\/index.php?rest_route=\/wp\/v2\/users\/2"}],"replies":[{"embeddable":true,"href":"https:\/\/akdenizolaygazetesi.com\/index.php?rest_route=%2Fwp%2Fv2%2Fcomments&post=34162"}],"version-history":[{"count":1,"href":"https:\/\/akdenizolaygazetesi.com\/index.php?rest_route=\/wp\/v2\/posts\/34162\/revisions"}],"predecessor-version":[{"id":34164,"href":"https:\/\/akdenizolaygazetesi.com\/index.php?rest_route=\/wp\/v2\/posts\/34162\/revisions\/34164"}],"wp:featuredmedia":[{"embeddable":true,"href":"https:\/\/akdenizolaygazetesi.com\/index.php?rest_route=\/wp\/v2\/media\/34163"}],"wp:attachment":[{"href":"https:\/\/akdenizolaygazetesi.com\/index.php?rest_route=%2Fwp%2Fv2%2Fmedia&parent=34162"}],"wp:term":[{"taxonomy":"category","embeddable":true,"href":"https:\/\/akdenizolaygazetesi.com\/index.php?rest_route=%2Fwp%2Fv2%2Fcategories&post=34162"},{"taxonomy":"post_tag","embeddable":true,"href":"https:\/\/akdenizolaygazetesi.com\/index.php?rest_route=%2Fwp%2Fv2%2Ftags&post=34162"}],"curies":[{"name":"wp","href":"https:\/\/api.w.org\/{rel}","templated":true}]}}