{"id":34234,"date":"2025-02-11T16:05:39","date_gmt":"2025-02-11T13:05:39","guid":{"rendered":"http:\/\/akdenizolaygazetesi.com\/?p=34234"},"modified":"2025-02-11T16:05:39","modified_gmt":"2025-02-11T13:05:39","slug":"valimiz-sayin-ali-hamza-pehlivan-haci-zarife-celebi-aygar-anadolu-lisesi-icerisinde-yapilan-sehit-jandarma-asb-kd-ucvs-celil-mutlu-kutuphanesinin-acilisini-gerceklestirdi","status":"publish","type":"post","link":"https:\/\/akdenizolaygazetesi.com\/?p=34234","title":{"rendered":"VAL\u0130M\u0130Z SAYIN AL\u0130 HAMZA PEHL\u0130VAN, HACI ZAR\u0130FE &#8211; \u00c7ELEB\u0130 AYGAR ANADOLU L\u0130SES\u0130 \u0130\u00c7ER\u0130S\u0130NDE YAPILAN &#8220;\u015eEH\u0130T JANDARMA ASB.KD.\u00dc\u00c7V\u015e.CEL\u0130L MUTLU K\u00dcT\u00dcPHANES\u0130&#8221;N\u0130N A\u00c7ILI\u015eINI GER\u00c7EKLE\u015eT\u0130RD\u0130"},"content":{"rendered":"<p>Valimiz Say\u0131n Ali Hamza Pehlivan, Yeni\u015fehir il\u00e7esinde bulunan Hac\u0131 Zarife &#8211; \u00c7elebi Aygar Anadolu Lisesi i\u00e7erisinde yap\u0131lan &#8220;\u015eehit Jandarma Asb. Kd. \u00dc\u00e7v\u015f. Celil Mutlu K\u00fct\u00fcphanesi&#8221;nin a\u00e7\u0131l\u0131\u015f\u0131n\u0131 ger\u00e7ekle\u015ftirdi.<\/p>\n<p>Sayg\u0131 duru\u015funda bulunulmas\u0131, \u0130stiklal Mar\u015f\u0131&#8217;n\u0131n okunmas\u0131n\u0131n ard\u0131ndan \u015eehit Jandarma Asb. Kd. \u00dc\u00e7v\u015f. Celil Mutlu&#8217;nun \u00f6zge\u00e7mi\u015fi okundu, duan\u0131n yap\u0131lmas\u0131n\u0131n ard\u0131ndan Valimiz Say\u0131n Ali Hamza Pehlivan, \u015eehidimizin annesi Emine Mutlu, babas\u0131 Ali Mutlu, e\u015fi Melike Mutlu ve beraberindeki heyet taraf\u0131ndan a\u00e7\u0131l\u0131\u015f kurdelesi kesildi. <\/p>\n<p>K\u00fct\u00fcphanenin hay\u0131rl\u0131 u\u011furlu olmas\u0131n\u0131 dileyen Valimiz Say\u0131n Ali Hamza Pehlivan: &#8220;Vatan\u0131m\u0131z\u0131n birli\u011fi b\u00fct\u00fcnl\u00fc\u011f\u00fc i\u00e7in can\u0131n\u0131 veren, kan\u0131n\u0131 ak\u0131tan Jandarma Asb. Kd. \u00dc\u00e7v\u015f. Celil Mutlu \u015eehidimizi ve b\u00fct\u00fcn \u015eehitlerimizi rahmetle ve minnetle yad ediyorum. <\/p>\n<p>Bu k\u00fct\u00fcphanemizin yap\u0131lmas\u0131nda eme\u011fi ge\u00e7en ba\u015fta \u015eehit ailemiz olmak \u00fczere Jandarma Komutanl\u0131\u011f\u0131m\u0131za,Kaymakaml\u0131\u011f\u0131m\u0131za, Mill\u00ee E\u011fitim M\u00fcd\u00fcrl\u00fc\u011f\u00fcm\u00fcze, Karde\u015f K\u00f6y Okullar\u0131 Toplulu\u011funa, katk\u0131 ve eme\u011fi olan b\u00fct\u00fcn ki\u015fi ve kurumlara te\u015fekk\u00fcr diyorum.&#8221; dedi.<\/p>\n<p>Programda, \u015eehit Jandarma Asb. Kd. \u00dc\u00e7v\u015f. Celil Mutlu&#8217;nun e\u015fi Melike Mutlu, Okul M\u00fcd\u00fcr\u00fc Sedat Gergin ve Karde\u015f K\u00f6y Okullar\u0131 Toplulu\u011fu Ba\u015fkan\u0131 Hilal Kalafat da birer konu\u015fma ger\u00e7ekle\u015ftirdi.<\/p>\n<p>Programda Valimiz Say\u0131n Ali Hamza Pehlivan, \u015eehidimizin annesi Emine Mutlu ile babas\u0131 Ali Mutlu&#8217;ya ve e\u015fi Melike Mutlu&#8217;ya T\u00fcrk bayra\u011f\u0131 takdim etti. \u015eehit Jandarma Uzman \u00c7avu\u015f As\u0131m T\u00fcrkel&#8217;in babas\u0131 Hasan T\u00fcrkel ve annesi Sebahat T\u00fcrkel de Valimiz Say\u0131n Ali Hamza Pehlivan&#8217;a plaket takdim etti.<\/p>\n<p>A\u00e7\u0131l\u0131\u015f program\u0131na kat\u0131lan \u0130l Mill\u00ee E\u011fitim M\u00fcd\u00fcr\u00fc Fazilet Durmu\u015f: &#8220;\u015eehidimizi ve vatan\u0131m\u0131z u\u011fruna can\u0131n\u0131 veren t\u00fcm \u015fehitlerimizi sayg\u0131yla ve minnetle yad ediyorum. K\u00fct\u00fcphanemiz i\u00e7in destek veren ba\u015fta Valimiz Say\u0131n Ali Hamza Pehlivan&#8217;a, \u015fehidimizin k\u0131ymetli ailesine ve eme\u011fi ge\u00e7en herkese te\u015fekk\u00fcr ediyorum. Bu g\u00fczel k\u00fct\u00fcphanenin evlatlar\u0131m\u0131z i\u00e7in hay\u0131rl\u0131 olmas\u0131n\u0131 temenni ediyorum.&#8221; ifadelerini kulland\u0131.<\/p>\n","protected":false},"excerpt":{"rendered":"<p>Valimiz Say\u0131n Ali Hamza Pehlivan, Yeni\u015fehir il\u00e7esinde bulunan Hac\u0131 Zarife &#8211; \u00c7elebi Aygar Anadolu Lisesi i\u00e7erisinde yap\u0131lan &#8220;\u015eehit Jandarma Asb. Kd. \u00dc\u00e7v\u015f. Celil Mutlu K\u00fct\u00fcphanesi&#8221;nin a\u00e7\u0131l\u0131\u015f\u0131n\u0131 ger\u00e7ekle\u015ftirdi. Sayg\u0131 duru\u015funda bulunulmas\u0131, &hellip; <a href=\"https:\/\/akdenizolaygazetesi.com\/?p=34234\" class=\"more-link\">Devam\u0131n\u0131 Oku&#8230;<\/a><\/p>\n","protected":false},"author":2,"featured_media":34235,"comment_status":"open","ping_status":"open","sticky":false,"template":"","format":"standard","meta":[],"categories":[1,2,3],"tags":[],"_links":{"self":[{"href":"https:\/\/akdenizolaygazetesi.com\/index.php?rest_route=\/wp\/v2\/posts\/34234"}],"collection":[{"href":"https:\/\/akdenizolaygazetesi.com\/index.php?rest_route=\/wp\/v2\/posts"}],"about":[{"href":"https:\/\/akdenizolaygazetesi.com\/index.php?rest_route=\/wp\/v2\/types\/post"}],"author":[{"embeddable":true,"href":"https:\/\/akdenizolaygazetesi.com\/index.php?rest_route=\/wp\/v2\/users\/2"}],"replies":[{"embeddable":true,"href":"https:\/\/akdenizolaygazetesi.com\/index.php?rest_route=%2Fwp%2Fv2%2Fcomments&post=34234"}],"version-history":[{"count":1,"href":"https:\/\/akdenizolaygazetesi.com\/index.php?rest_route=\/wp\/v2\/posts\/34234\/revisions"}],"predecessor-version":[{"id":34236,"href":"https:\/\/akdenizolaygazetesi.com\/index.php?rest_route=\/wp\/v2\/posts\/34234\/revisions\/34236"}],"wp:featuredmedia":[{"embeddable":true,"href":"https:\/\/akdenizolaygazetesi.com\/index.php?rest_route=\/wp\/v2\/media\/34235"}],"wp:attachment":[{"href":"https:\/\/akdenizolaygazetesi.com\/index.php?rest_route=%2Fwp%2Fv2%2Fmedia&parent=34234"}],"wp:term":[{"taxonomy":"category","embeddable":true,"href":"https:\/\/akdenizolaygazetesi.com\/index.php?rest_route=%2Fwp%2Fv2%2Fcategories&post=34234"},{"taxonomy":"post_tag","embeddable":true,"href":"https:\/\/akdenizolaygazetesi.com\/index.php?rest_route=%2Fwp%2Fv2%2Ftags&post=34234"}],"curies":[{"name":"wp","href":"https:\/\/api.w.org\/{rel}","templated":true}]}}