{"id":34312,"date":"2025-02-13T15:55:26","date_gmt":"2025-02-13T12:55:26","guid":{"rendered":"http:\/\/akdenizolaygazetesi.com\/?p=34312"},"modified":"2025-02-13T15:55:26","modified_gmt":"2025-02-13T12:55:26","slug":"mersin-valimiz-sayin-atilla-toros-mersindeki-gorevine-basladi","status":"publish","type":"post","link":"https:\/\/akdenizolaygazetesi.com\/?p=34312","title":{"rendered":"MERS\u0130N VAL\u0130M\u0130Z SAYIN AT\u0130LLA TOROS MERS\u0130N\u2019DEK\u0130 G\u00d6REV\u0130NE BA\u015eLADI"},"content":{"rendered":"<p>Mersin Valimiz Say\u0131n Atilla Toros Mersin\u2019deki G\u00f6revine Ba\u015flad\u0131.<\/p>\n<p>Cumhurba\u015fkan\u0131m\u0131z Say\u0131n Recep Tayyip Erdo\u011fan\u2019\u0131n tensipleriyle 3 \u015eubat 2025 tarihli Cumhurba\u015fkanl\u0131\u011f\u0131 Kararnamesiyle G\u00f6\u00e7 \u0130daresi Ba\u015fkan\u0131 olarak g\u00f6rev yaparken Mersin Valisi olarak atanan Vali Atilla Toros, Mersin\u2019deki g\u00f6revine ba\u015flad\u0131.<\/p>\n<p>Valilik binas\u0131 \u00f6n\u00fcnde; Vali Yard\u0131mc\u0131lar\u0131, Kaymakamlar, kamu kurum ve kurulu\u015flar\u0131n\u0131n amirlerinden olu\u015fan \u0130l protokol \u00fcyeleri, sivil toplum kurulu\u015flar\u0131 temsilcileri, Valilik personeli ve vatanda\u015flar taraf\u0131ndan kar\u015f\u0131lanmas\u0131n\u0131n ard\u0131ndan mangay\u0131 selamlayan Vali Atilla Toros, kar\u015f\u0131lama t\u00f6reni sonras\u0131nda yeni g\u00f6revine ba\u015flamas\u0131 vesilesiyle bir konu\u015fma ger\u00e7ekle\u015ftirdi.<\/p>\n<p>Mersin Valisi Say\u0131n Atilla Toros konu\u015fmas\u0131nda \u015funlar\u0131 s\u00f6yledi: \u2018\u2018K\u0131ymetli Mersinli Hem\u015fehrilerim, Bug\u00fcn, Say\u0131n Cumhurba\u015fkan\u0131m\u0131z\u0131n tensipleriyle Mersin Valili\u011fi g\u00f6revine ba\u015flayacak olman\u0131n gururunu ve onurunu ya\u015f\u0131yorum. \u00d6ncelikle Say\u0131n Cumhurba\u015fkan\u0131m\u0131za ve Say\u0131n \u0130\u00e7i\u015fleri Bakan\u0131m\u0131za bu g\u00f6revi tevdi ettikleri i\u00e7in \u015f\u00fckranlar\u0131m\u0131 arz ediyorum.<\/p>\n<p>Mersin&#8217;imiz n\u00fcfusu itibariyle \u00fclkemizin 11. b\u00fcy\u00fck ilidir. Mersin\u2019de g\u00f6rev yapacak olmak bizim a\u00e7\u0131m\u0131zdan son derece \u00f6nemlidir. Tarihi, k\u00fclt\u00fcrel ve co\u011frafi zenginlikleriyle Mersin, insanlar\u0131 kendine hayran b\u0131rakan \u015fehirlerimizin ba\u015f\u0131nda geliyor.<\/p>\n<p>Say\u0131n Cumhurba\u015fkan\u0131m\u0131z\u0131n ifadeleriyle Mersin; \u2018Medeniyetler Yata\u011f\u0131d\u0131r.\u2019<\/p>\n<p>Co\u011frafyas\u0131 a\u00e7\u0131s\u0131ndan da bak\u0131ld\u0131\u011f\u0131nda da Say\u0131n Cumhurba\u015fkan\u0131m\u0131z\u0131n ifadesiyle kadim halklara ve kadim inan\u00e7lara ev sahipli\u011fi yapm\u0131\u015ft\u0131r. D\u00fcnyan\u0131n ve Do\u011fu Akdeniz&#8217;in en \u00f6nemli stratejik liman\u0131na sahip bir yerdir. Bu \u00e7er\u00e7evede bizler a\u00e7\u0131s\u0131ndan bu kadim, \u00f6nemli ve g\u00fczel \u015fehirde g\u00f6rev yapmak son derece \u00f6nemlidir.<\/p>\n<p>Mersin\u2019de g\u00f6rev yapmaktan duydu\u011fu memnuniyetin alt\u0131n\u0131 \u00e7izen Vali Atilla Toros; \u2018\u2018B\u00fcy\u00fck ve g\u00fc\u00e7l\u00fc T\u00fcrkiye hedefine ilerlerken Mersinimizin huzur ve g\u00fcvenli\u011fini tesis etmek i\u00e7in Emniyetimizle, Jandarmam\u0131zla, Sahil G\u00fcvenli\u011fimizle hep birlikte \u00e7al\u0131\u015faca\u011f\u0131z.<\/p>\n<p>Tar\u0131m\u0131yla, turizmiyle, ticaretiyle, sanayisiyle, ulusal ticaret a\u011flar\u0131yla, orman zenginlikleriyle liman\u0131yla ve Mersin&#8217;e de\u011fer katan b\u00fct\u00fcn \u00f6zellikleri ve zenginlikleriyle hep birlikte bu \u015fehirde \u00e7al\u0131\u015faca\u011f\u0131z, gayret g\u00f6sterece\u011fiz.<\/p>\n<p>Bu g\u00f6reve ba\u015flarken b\u00fct\u00fcn arkada\u015flar\u0131m\u0131za te\u015fekk\u00fcr ediyorum. Bu \u00f6nemli g\u00f6revi yerine getirirken sizlerin deste\u011fiyle, gayretiyle in\u015fallah hep birlikte bu g\u00f6revi y\u00fcr\u00fctm\u00fc\u015f olaca\u011f\u0131z.<\/p>\n<p>\u015eehrimizin b\u00fct\u00fcn dinamiklerini harekete ge\u00e7irerek, potansiyelini en verimli \u015fekilde kullanarak sivil toplum kurulu\u015fuyla, meslek \u00f6rg\u00fctleriyle, sanayi odalar\u0131yla, Mersinli hem\u015fehrilerim hep birlikte \u00e7al\u0131\u015facak ve el birli\u011fi edece\u011fiz. B\u00fcy\u00fck bir gayret ve \u00e7al\u0131\u015fma olacak. Bu \u00e7er\u00e7evede sizlerin deste\u011fi sizlerin bizler ile hep birlikte \u00e7al\u0131\u015fma gayretiyle birlikte in\u015fallah Mersin\u2019i belirli bir noktaya ta\u015f\u0131m\u0131\u015f olaca\u011f\u0131z.<\/p>\n<p>\u0130\u015f\u00e7ilerimizle, \u00e7ift\u00e7ilerimizle, memurlar\u0131m\u0131zla, \u00f6\u011fretmenlerimizle, gen\u00e7lerimizle, kad\u0131n\u0131yla erke\u011fiyle, genciyle, ya\u015fl\u0131s\u0131yla hep birlikte ba\u015faraca\u011f\u0131z, \u00e7al\u0131\u015faca\u011f\u0131z, gayret g\u00f6sterece\u011fiz. Mersin&#8217;imizi, daha iyi noktalara ilerletmek i\u00e7in el birli\u011fi ile \u00e7aba g\u00f6sterece\u011fiz.<\/p>\n<p>Bu g\u00f6revi Say\u0131n Afet ve Acil Durum Y\u00f6netimi Ba\u015fkan\u0131m\u0131z olan de\u011ferli Valim, k\u0131ymetli karde\u015fim Ali Hamza Pehlivan\u2019dan devralm\u0131\u015f oldum. Kendisine Afet ve Acil Durum Y\u00f6netimi Ba\u015fkanl\u0131\u011f\u0131 g\u00f6revinde ba\u015far\u0131lar diliyorum. \u00c7ok k\u0131ymetli hizmetler yapt\u0131. Afet ve Acil Durum Y\u00f6netimi Ba\u015fkanl\u0131\u011f\u0131 g\u00f6revinde de b\u00fcy\u00fck hizmetlere devam edece\u011fine inan\u0131yorum. Kendisine ba\u015far\u0131lar diliyoruz. Mersin&#8217;e vermi\u015f oldu\u011fu emeklerden ve gayretlerden dolay\u0131 te\u015fekk\u00fcr ediyorum.\u2019\u2019<\/p>\n","protected":false},"excerpt":{"rendered":"<p>Mersin Valimiz Say\u0131n Atilla Toros Mersin\u2019deki G\u00f6revine Ba\u015flad\u0131. Cumhurba\u015fkan\u0131m\u0131z Say\u0131n Recep Tayyip Erdo\u011fan\u2019\u0131n tensipleriyle 3 \u015eubat 2025 tarihli Cumhurba\u015fkanl\u0131\u011f\u0131 Kararnamesiyle G\u00f6\u00e7 \u0130daresi Ba\u015fkan\u0131 olarak g\u00f6rev yaparken Mersin Valisi olarak atanan &hellip; <a href=\"https:\/\/akdenizolaygazetesi.com\/?p=34312\" class=\"more-link\">Devam\u0131n\u0131 Oku&#8230;<\/a><\/p>\n","protected":false},"author":2,"featured_media":34313,"comment_status":"open","ping_status":"open","sticky":false,"template":"","format":"standard","meta":[],"categories":[1,2,3],"tags":[],"_links":{"self":[{"href":"https:\/\/akdenizolaygazetesi.com\/index.php?rest_route=\/wp\/v2\/posts\/34312"}],"collection":[{"href":"https:\/\/akdenizolaygazetesi.com\/index.php?rest_route=\/wp\/v2\/posts"}],"about":[{"href":"https:\/\/akdenizolaygazetesi.com\/index.php?rest_route=\/wp\/v2\/types\/post"}],"author":[{"embeddable":true,"href":"https:\/\/akdenizolaygazetesi.com\/index.php?rest_route=\/wp\/v2\/users\/2"}],"replies":[{"embeddable":true,"href":"https:\/\/akdenizolaygazetesi.com\/index.php?rest_route=%2Fwp%2Fv2%2Fcomments&post=34312"}],"version-history":[{"count":1,"href":"https:\/\/akdenizolaygazetesi.com\/index.php?rest_route=\/wp\/v2\/posts\/34312\/revisions"}],"predecessor-version":[{"id":34314,"href":"https:\/\/akdenizolaygazetesi.com\/index.php?rest_route=\/wp\/v2\/posts\/34312\/revisions\/34314"}],"wp:featuredmedia":[{"embeddable":true,"href":"https:\/\/akdenizolaygazetesi.com\/index.php?rest_route=\/wp\/v2\/media\/34313"}],"wp:attachment":[{"href":"https:\/\/akdenizolaygazetesi.com\/index.php?rest_route=%2Fwp%2Fv2%2Fmedia&parent=34312"}],"wp:term":[{"taxonomy":"category","embeddable":true,"href":"https:\/\/akdenizolaygazetesi.com\/index.php?rest_route=%2Fwp%2Fv2%2Fcategories&post=34312"},{"taxonomy":"post_tag","embeddable":true,"href":"https:\/\/akdenizolaygazetesi.com\/index.php?rest_route=%2Fwp%2Fv2%2Ftags&post=34312"}],"curies":[{"name":"wp","href":"https:\/\/api.w.org\/{rel}","templated":true}]}}