{"id":34344,"date":"2025-02-14T14:20:34","date_gmt":"2025-02-14T11:20:34","guid":{"rendered":"http:\/\/akdenizolaygazetesi.com\/?p=34344"},"modified":"2025-02-14T14:20:34","modified_gmt":"2025-02-14T11:20:34","slug":"yesil-donusum-icin-son-tarih-2025","status":"publish","type":"post","link":"https:\/\/akdenizolaygazetesi.com\/?p=34344","title":{"rendered":"Ye\u015fil d\u00f6n\u00fc\u015f\u00fcm i\u00e7in son tarih: 2025"},"content":{"rendered":"<p>Avrupa Birli\u011fi\u2019ne ihracat yapan \u015firketler i\u00e7in 2026\u2019da \u2018S\u0131n\u0131rda Karbon D\u00fczenlemesi\u2019 ba\u015fl\u0131yor. Bu noktada ihracatta rekabeti yakalamak isteyen firmalar i\u00e7in ye\u015fil d\u00f6n\u00fc\u015f\u00fcm\u00fcn sa\u011flanabilece\u011fi son tarih i\u00e7inde bulundu\u011fumuz 2025 y\u0131l\u0131. Konunun hassasiyetiyle bu y\u0131l\u0131 \u2018Mersin\u2019de Sanayide Ye\u015fil D\u00f6n\u00fc\u015f\u00fcm Y\u0131l\u0131\u2019 ilan ettiklerini a\u00e7\u0131klayan MTSO Y\u00f6netim Kurulu Ba\u015fkan Yard\u0131mc\u0131s\u0131 Cem Bucuge, \u201cOdam\u0131z b\u00fcnyesinde sanayicilerimizin, KOB\u0130\u2019lerimizin elinden tutacak, s\u00fcre\u00e7leri kolayla\u015ft\u0131racak, bire bir dan\u0131\u015fmanl\u0131k hizmetleri verecek bir yap\u0131lanma i\u00e7indeyiz\u201d dedi. <\/p>\n<p>Mersin Ticaret ve Sanayi Odas\u0131 (MTSO) Mersin AB Bilgi Merkezi taraf\u0131ndan, s\u00fcrd\u00fcr\u00fclebilir bir gelecek in\u015fa etmek amac\u0131yla \u2018Avrupa Ye\u015fil Mutabakat\u0131  ve S\u00fcrd\u00fcr\u00fclebilir D\u00f6n\u00fc\u015f\u00fcm temal\u0131 S\u00fcrd\u00fcr\u00fclebilirlik Zirvesi\u2019 d\u00fczenlendi. Farkl\u0131 sekt\u00f6rlerden uzmanlar\u0131, i\u015f d\u00fcnyas\u0131n\u0131n \u00f6nde gelen temsilcilerini ve akademisyenleri bir araya getiren konferansa MTSO Y\u00f6netim Kurulu Ba\u015fkan Yard\u0131mc\u0131s\u0131 Cem Bucuge, Y\u00f6netim Kurulu \u00dcyesi G\u00f6kben G\u00f6kbulut, Mersin Milli E\u011fitim \u0130l M\u00fcd\u00fcr\u00fc Fazilet Durmu\u015f ve KOSGEB Mersin M\u00fcd\u00fcr\u00fc Danyal Peker de kat\u0131ld\u0131. \u00c7evresel, ekonomik ve sosyal s\u00fcrd\u00fcr\u00fclebilirlik alanlar\u0131nda kapsaml\u0131 bir bulu\u015fma ortam\u0131 sunan zirve kapsam\u0131nda; karbon ayak izinin azalt\u0131lmas\u0131, enerji verimlili\u011fi, g\u00fcncel reg\u00fclasyonlar, T\u00fcrkiye\u2019nin s\u00fcrd\u00fcr\u00fclebilirlik hedefleri ve Avrupa Ye\u015fil Mutabakat\u0131 gibi kritik konular ele al\u0131nd\u0131. Uzman konu\u015fmac\u0131lar, bilgi ve deneyimlerini payla\u015farak sekt\u00f6rler aras\u0131 i\u015f birli\u011finin g\u00fc\u00e7lendirilmesine katk\u0131 sundu. G\u00fcncel mevzuatlar, sekt\u00f6rel uygulamalar konusunda bilgilendirmeler yap\u0131ld\u0131. <\/p>\n<p>\u201c\u015eirketler s\u00fcrd\u00fcr\u00fclebilirlik departman\u0131 olu\u015fturmal\u0131\u201d<br \/>\nAvrupa Ye\u015fil Mutabakat\u0131 ve S\u00fcrd\u00fcr\u00fclebilir D\u00f6n\u00fc\u015f\u00fcm konulu Zirve iki oturumda ger\u00e7ekle\u015fti. Moderat\u00f6rl\u00fc\u011f\u00fcn\u00fc Mersin \u00dcniversitesi \u00c7evre M\u00fchendisli\u011fi \u00d6\u011fretim \u00dcyesi Prof. Dr. Duygu Bilgen\u2019in yapt\u0131\u011f\u0131 ilk oturumun konu\u015fmac\u0131lar\u0131; Sanayi ve Teknoloji Bakanl\u0131\u011f\u0131 Uluslararas\u0131 Anla\u015fmalar ve Mevzuat Uyum Dairesi Ba\u015fkan\u0131 Selin \u00c7obano\u011flu \u00d6z, AB Ba\u015fdo\u011frulay\u0131c\u0131 ve Carbonhints Genel M\u00fcd\u00fcr\u00fc Seda G\u00fcm\u00fc\u015f, YASED Ticaret \u00c7al\u0131\u015fma Grubu Ba\u015fkan\u0131 Sercan Bahad\u0131r ve Alparslan T\u00fcrke\u015f \u00dcniversitesi \u00d6\u011fretim \u00dcyesi Do\u00e7. Dr. Tu\u011f\u00e7e Demirdelen oldu. \u00c7ukurova \u00dcniversitesi \u00c7evre M\u00fchendisli\u011fi B\u00f6l\u00fcm\u00fc \u00d6\u011fretim \u00dcyesi Prof. Dr. Zeynep Zaimo\u011flu\u2019nun modere etti\u011fi ikinci oturumda ise \u0130skenderun Enerji \u00dcretim ve Ticareti A.\u015e \u00c7evre ve S\u00fcrd\u00fcr\u00fclebilirlik Y\u00f6neticisi Dr. Yavuz Sucu, QSI Belgelendirme Limited \u015eirketi Genel M\u00fcd\u00fcr\u00fc Okay Kayhanl\u0131, Doteks Textile K\u0131demli S\u00fcrd\u00fcr\u00fclebilirlik Uzman\u0131 Berivan Ya\u011fmur ile Toros Tar\u0131m Ar-Ge Uzman\u0131 Ali Yetkin kat\u0131l\u0131mc\u0131lar\u0131 bilgilendirdi.<br \/>\nTeknik sunumlar\u0131n yan\u0131 s\u0131ra Mersin\u2019in mevcut durum analizi de ger\u00e7ekle\u015ftirildi. T\u00fcrkiye\u2019nin ikinci b\u00fcy\u00fck liman\u0131na sahip olmas\u0131, g\u00fc\u00e7l\u00fc sanayisi ve lojistik g\u00fcc\u00fcyle stratejik \u00f6neme sahip oldu\u011fu vurgulanan Mersin i\u00e7in sanayide ye\u015fil d\u00f6n\u00fc\u015f\u00fcm\u00fcn odak noktaya al\u0131nmas\u0131 gerekti\u011fi vurguland\u0131. \u0130lk a\u015famada Mersin\u2019in durum tespiti yaparak konuyla ilgili karnesini \u00e7\u0131karmas\u0131 gerekti\u011fi ifade edildi. Vakit kaybetmeden sanayideki mevcut karbon ve su ayak izinin belirlenip azaltma hedeflerinin saptanmas\u0131 gerekti\u011fine dikkat \u00e7ekildi. D\u00f6nemsel s\u00fcrd\u00fcr\u00fclebilirlik raporlar\u0131n\u0131n haz\u0131rlanmas\u0131n\u0131n zorunluluk haline geldi\u011fi belirtilerek, \u201cEnerji verimlili\u011fi projelerine \u00f6nem verilmeli ve ye\u015fil d\u00f6n\u00fc\u015f\u00fcm te\u015fvik ve desteklerinden b\u00f6lge olarak olabildi\u011fince yararlanmal\u0131\u201d denildi. Yenilenebilir enerji potansiyeline bak\u0131nca g\u00fcne\u015f enerjisinde T\u00fcrkiye\u2019nin kurulu g\u00fc\u00e7 olarak en \u00f6n\u00fcndeki kenti olmas\u0131 gerekti\u011fine i\u015faret edilip, \u201cSonu\u00e7 olarak Mersin, hem sanayi hem lojisti\u011fin merkezi olarak ye\u015fil d\u00f6n\u00fc\u015f\u00fcmde kritik bir \u00f6neme sahip. Kamu, \u00f6zel sekt\u00f6r ve akademi i\u015fbirli\u011fiyle sanayideki ye\u015fil d\u00f6n\u00fc\u015f\u00fcm\u00fc \u00e7ok h\u0131zl\u0131 yapabilir ve b\u00f6lgesinde g\u00fc\u00e7lenebilir\u201d ifadeleri kullan\u0131ld\u0131. Firmalara bu d\u00f6n\u00fc\u015f\u00fcmleri h\u0131zland\u0131rabilmeleri ad\u0131na b\u00fcnyelerinde s\u00fcrd\u00fcr\u00fclebilirlik departmanlar\u0131 kurmalar\u0131 tavsiyesinde bulunuldu. <\/p>\n<p>Bucuge: \u201cSanayide ye\u015fil d\u00f6n\u00fc\u015f\u00fcm\u00fcn temeli 3-E Modeli\u201d<br \/>\nKonu\u015fmas\u0131na s\u00fcrd\u00fcr\u00fclebilirlik tan\u0131m\u0131yla ba\u015flayan Y\u00f6netim Kurulu Ba\u015fkan Yard\u0131mc\u0131s\u0131 Cem Bucuge, \u201cBiz s\u00fcrd\u00fcr\u00fclebilirli\u011fi kendi ihtiya\u00e7lar\u0131m\u0131z\u0131, gelecek nesillerin ihtiya\u00e7lar\u0131n\u0131 t\u00fcketmeden kar\u015f\u0131layabilecek \u015fekilde sa\u011flama olarak tan\u0131ml\u0131yor ve anl\u0131yoruz\u201d dedi. D\u00fcnyadaysa bu kavram\u0131n \u00fc\u00e7 temel ba\u015fl\u0131kta ele al\u0131nd\u0131\u011f\u0131na dikkat \u00e7eken Bucuge, bu ba\u015fl\u0131klar\u0131 \u00e7evre, ekonomi ve sosyal s\u00fcrd\u00fcr\u00fclebilirlik olarak a\u00e7\u0131klad\u0131. Bunun 3-E Modeli olarak adland\u0131r\u0131ld\u0131\u011f\u0131na da de\u011finen Bucuge, \u201cE\u015fitlik \u2013 Ekoloji \u2013 Ekonomi. Sanayide ye\u015fil d\u00f6n\u00fc\u015f\u00fcm konusu, s\u00fcrd\u00fcr\u00fclebilirli\u011fin bu \u00fc\u00e7 ana baca\u011f\u0131n\u0131 da ilgilendirdi\u011fi i\u00e7in \u00e7ok \u00f6nemli\u201d de\u011ferlendirmesini yapt\u0131. AB\u2019nin Ye\u015fil Mutabakatla 2050\u2019de d\u00fcnyada ilk defa karbon-n\u00f6tr k\u0131ta olma hedefini ortaya koydu\u011funu hat\u0131rlatan Bucuge, \u201cYani, 2050\u2019den sonra, emisyon olu\u015fturmayan yeni bir ekonomi hedefleniyor. 2030\u2019a kadar emisyonu da %55 azaltma hedefi var. 2050\u2019de ise, s\u0131f\u0131r karbon hedefleniyor. Elbette bu sadece birka\u00e7 \u00fclkenin veya bir k\u0131tan\u0131n konusu de\u011fil. Ne yaz\u0131k ki ABD bu konuda, Avrupa kadar istekli de\u011fil. \u00c7in ise, hedeflerini 2060 y\u0131l\u0131na \u00f6teledi. Ama genel anlamda, art\u0131k d\u00fcnya bu \u015fekilde bir gidi\u015fat\u0131n d\u00fcnya i\u00e7in, insanl\u0131k i\u00e7in, s\u00fcrd\u00fcr\u00fclebilir olmad\u0131\u011f\u0131n\u0131 anl\u0131yor\u201d ifadelerini kulland\u0131.<\/p>\n<p>\u201cSanayicinin elinden tutacak destekler yal\u0131n hale gelmeli\u201d<br \/>\nT\u00fcrkiye\u2019nin AB Ye\u015fil Mutabakat\u0131n\u0131 neden \u00f6nemsedi\u011fini ise Avrupa\u2019n\u0131n T\u00fcrkiye\u2019nin en b\u00fcy\u00fck ihracat pazar\u0131 olmas\u0131yla a\u00e7\u0131klayan Bucuge, uyum sa\u011flanmamas\u0131 halinde \u00f6ncelikle bu pazarda rekabet\u00e7i olunamayaca\u011f\u0131n\u0131 s\u00f6yledi. Kamunun bu konuda att\u0131\u011f\u0131 \u00f6nemli ad\u0131mlar, destekler bulunsa da yeterli olmad\u0131\u011f\u0131n\u0131 kaydeden Bucuge, sahada destek gerekti\u011fini, ger\u00e7ekten, sanayicinin elinden tutacak s\u00fcre\u00e7lerin daha yal\u0131n hale gelmesi gerekti\u011fini s\u00f6yledi. B\u00fcy\u00fck sanayi kurulu\u015flar\u0131 gerekli d\u00f6n\u00fc\u015f\u00fcm i\u00e7in sermaye ve insan kayna\u011f\u0131na sahip olsa da sanayici KOB\u0130\u2019lerin b\u00f6yle imkanlar\u0131 bulunmad\u0131\u011f\u0131n\u0131 hat\u0131rlatan Bucuge, \u201cMersin Ticaret ve Sanayi Odas\u0131 olarak sanayicilerimizin, KOB\u0130\u2019lerimizin elinden tutacak, s\u00fcre\u00e7leri kolayla\u015ft\u0131racak, bire bir dan\u0131\u015fmanl\u0131k hizmetleri verecek bir yap\u0131lanma i\u00e7indeyiz. Bundan dolay\u0131, 2025 y\u0131l\u0131n\u0131 MTSO olarak, \u2018Sanayide Ye\u015fil D\u00f6n\u00fc\u015f\u00fcm Y\u0131l\u0131\u2019 ilan ettik\u201d ifadelerini kulland\u0131. <\/p>\n<p>\u201cOdam\u0131zda destek ekiplerimizi g\u00fc\u00e7lendiriyoruz\u201d<br \/>\nProjeleri de sanayi KOB\u0130\u2019leri ve t\u00fcm \u00fcyelere somut destek verecek \u015fekilde kurgulad\u0131klar\u0131n\u0131 kaydeden Bucuge, Oda olarak bu konuda t\u00fcm sanayicilere bire bir destek verecek birimleri ve ekipleri daha da g\u00fc\u00e7lendirdiklerini bildirdi. Ye\u015fil d\u00f6n\u00fc\u015f\u00fcm\u00fcn sanayiciden talep etti\u011fi \u015fartlar, zorunluluklar, sertifika ve yetkinliklerin tamam\u0131na y\u00f6nelik Oda olarak destek vereceklerini vurgulayan Bucuge, \u201cSanayicimizin, KOB\u0130\u2019lerimizin, \u00fcyelerimizin her daim yan\u0131nda olaca\u011f\u0131z\u201d dedi. <\/p>\n<p>\u201cYe\u015fil i\u015fg\u00fcc\u00fc de \u00f6nemli\u201d<br \/>\n\u0130\u015fin bir de insan kayna\u011f\u0131 y\u00f6n\u00fc bulundu\u011funu hat\u0131rlatan Bucuge, s\u00f6zlerini \u015f\u00f6yle tamamlad\u0131:<br \/>\n\u201cYe\u015fil d\u00f6n\u00fc\u015f\u00fcm\u00fc, teknolojik ve dijital d\u00f6n\u00fc\u015f\u00fcmle birlikte, bir ikiz d\u00f6n\u00fc\u015f\u00fcm olarak ger\u00e7ekle\u015ftirecek nitelikli insan kayna\u011f\u0131na ihtiya\u00e7 var. Buna da ye\u015fil i\u015fg\u00fcc\u00fc diyorlar. Bu d\u00f6n\u00fc\u015f\u00fcm\u00fc hayata ge\u00e7irecek, yeni nesil i\u015fg\u00fcc\u00fcn\u00fc yeti\u015ftirmek zorunday\u0131z. Sadece m\u00fchendis baz\u0131nda de\u011fil, meslek y\u00fcksekokullar\u0131 ve meslek liselerinde ye\u015fil d\u00f6n\u00fc\u015f\u00fcm teknisyen ve teknikerler yeti\u015ftirmek zorunday\u0131z. Bu da, yeni nesil bir mesleki e\u011fitim modeli gerektiriyor. \u0130nsan\u0131m\u0131z\u0131n \u00e7ok daha erken ya\u015flarda bu mesleki e\u011fitimlere eri\u015fmesi gerekiyor. \u0130\u015fte bu anlamda da, Mersin Ticaret ve Sanayi Odas\u0131 ve Mersin \u0130l Milli E\u011fitim M\u00fcd\u00fcrl\u00fc\u011f\u00fcm\u00fczle, Milli E\u011fitim Bakanl\u0131\u011f\u0131m\u0131z\u0131n da bilgisi ve deste\u011finde;  Mesleki E\u011fitimde Mersin Modelini (DAH\u0130 MERS\u0130N) hayata ge\u00e7iriyoruz. Sadece bug\u00fcn\u00fcn de\u011fil, gelece\u011fin de mesleklerini, bizi bu d\u00f6n\u00fc\u015f\u00fcme haz\u0131rlayacak insan kayna\u011f\u0131n\u0131 yeti\u015ftirecek yeni nesil bir mesleki e\u011fitim modelini, meslek komitelerimizin de b\u00fcy\u00fck katk\u0131s\u0131yla, hayata ge\u00e7iriyoruz. K\u0131sacas\u0131: MTSO olarak, Mersin\u2019deki t\u00fcm kurum ve kurulu\u015flarla, ulusal, hatta uluslararas\u0131 payda\u015f\u0131 oldu\u011fumuz a\u011flarla,  Mersin\u2019in; sanayi ba\u015fta olmak \u00fczere, t\u00fcm ana sekt\u00f6rlerinde, Ye\u015fil ve dijital d\u00f6n\u00fc\u015f\u00fcm\u00fcn\u00fc, s\u00fcrd\u00fcr\u00fclebilirlik temelinde \u00e7al\u0131\u015f\u0131yoruz, art\u0131rarak \u00e7al\u0131\u015fmaya devam edece\u011fiz.\u201d <\/p>\n<p>Durmu\u015f: \u201cD\u00f6n\u00fc\u015f\u00fcme kendimizden ba\u015flamal\u0131y\u0131z\u201d<br \/>\nMersin \u0130l Milli E\u011fitim M\u00fcd\u00fcr\u00fc Fazilet Durmu\u015f da DAH\u0130 Mersin Projesi\u2019nin detaylar\u0131n\u0131 aktarmas\u0131 sonras\u0131 \u015eubat ay\u0131 i\u00e7inde Milli E\u011fitim Bakanl\u0131\u011f\u0131\u2019n\u0131n da Enerji Dostu Mavi Ye\u015fil Okul Projesi ba\u015flatt\u0131\u011f\u0131n\u0131 aktard\u0131. Projeyle \u00e7ocuklar\u0131n s\u00fcrd\u00fcr\u00fclebilirlik kavram\u0131yla ilkokuldan itibaren tan\u0131\u015ft\u0131r\u0131laca\u011f\u0131na de\u011finen Durmu\u015f, \u201cBiz \u00e7ocuklar\u0131m\u0131za insanca ya\u015famay\u0131 \u00f6\u011fretirsek onlar ya\u015fanabilir bir d\u00fcnyay\u0131 in\u015fa etmi\u015f olacaklar. S\u00fcrd\u00fcr\u00fclebilirlik \u00e7al\u0131\u015fmalar\u0131na bu nedenle \u00f6nce kendimizden ba\u015flay\u0131p sonra soka\u011f\u0131m\u0131za, mahallemize, okulumuza, \u015fehrimize, \u00fclkemize ve insanl\u0131\u011fa yaymam\u0131z gerekti\u011fini d\u00fc\u015f\u00fcn\u00fcyorum\u201d dedi. <\/p>\n","protected":false},"excerpt":{"rendered":"<p>Avrupa Birli\u011fi\u2019ne ihracat yapan \u015firketler i\u00e7in 2026\u2019da \u2018S\u0131n\u0131rda Karbon D\u00fczenlemesi\u2019 ba\u015fl\u0131yor. Bu noktada ihracatta rekabeti yakalamak isteyen firmalar i\u00e7in ye\u015fil d\u00f6n\u00fc\u015f\u00fcm\u00fcn sa\u011flanabilece\u011fi son tarih i\u00e7inde bulundu\u011fumuz 2025 y\u0131l\u0131. Konunun hassasiyetiyle &hellip; <a href=\"https:\/\/akdenizolaygazetesi.com\/?p=34344\" class=\"more-link\">Devam\u0131n\u0131 Oku&#8230;<\/a><\/p>\n","protected":false},"author":2,"featured_media":34345,"comment_status":"open","ping_status":"open","sticky":false,"template":"","format":"standard","meta":[],"categories":[1,2,3],"tags":[],"_links":{"self":[{"href":"https:\/\/akdenizolaygazetesi.com\/index.php?rest_route=\/wp\/v2\/posts\/34344"}],"collection":[{"href":"https:\/\/akdenizolaygazetesi.com\/index.php?rest_route=\/wp\/v2\/posts"}],"about":[{"href":"https:\/\/akdenizolaygazetesi.com\/index.php?rest_route=\/wp\/v2\/types\/post"}],"author":[{"embeddable":true,"href":"https:\/\/akdenizolaygazetesi.com\/index.php?rest_route=\/wp\/v2\/users\/2"}],"replies":[{"embeddable":true,"href":"https:\/\/akdenizolaygazetesi.com\/index.php?rest_route=%2Fwp%2Fv2%2Fcomments&post=34344"}],"version-history":[{"count":1,"href":"https:\/\/akdenizolaygazetesi.com\/index.php?rest_route=\/wp\/v2\/posts\/34344\/revisions"}],"predecessor-version":[{"id":34346,"href":"https:\/\/akdenizolaygazetesi.com\/index.php?rest_route=\/wp\/v2\/posts\/34344\/revisions\/34346"}],"wp:featuredmedia":[{"embeddable":true,"href":"https:\/\/akdenizolaygazetesi.com\/index.php?rest_route=\/wp\/v2\/media\/34345"}],"wp:attachment":[{"href":"https:\/\/akdenizolaygazetesi.com\/index.php?rest_route=%2Fwp%2Fv2%2Fmedia&parent=34344"}],"wp:term":[{"taxonomy":"category","embeddable":true,"href":"https:\/\/akdenizolaygazetesi.com\/index.php?rest_route=%2Fwp%2Fv2%2Fcategories&post=34344"},{"taxonomy":"post_tag","embeddable":true,"href":"https:\/\/akdenizolaygazetesi.com\/index.php?rest_route=%2Fwp%2Fv2%2Ftags&post=34344"}],"curies":[{"name":"wp","href":"https:\/\/api.w.org\/{rel}","templated":true}]}}