{"id":34695,"date":"2025-03-05T15:51:16","date_gmt":"2025-03-05T12:51:16","guid":{"rendered":"http:\/\/akdenizolaygazetesi.com\/?p=34695"},"modified":"2025-03-05T15:51:16","modified_gmt":"2025-03-05T12:51:16","slug":"gu%cc%88lcan-kis%cc%a7-vatandas%cc%a7in-sofrasina-yemek-koymasi-bile-lu%cc%88ks-ha%cc%82line-geldi","status":"publish","type":"post","link":"https:\/\/akdenizolaygazetesi.com\/?p=34695","title":{"rendered":"Gu\u0308lcan K\u0131s\u0327: &#8220;Vatandas\u0327\u0131n Sofras\u0131na Yemek Koymas\u0131 Bile Lu\u0308ks Ha\u0302line Geldi&#8221;"},"content":{"rendered":"<p>Geri bildirim<br \/>\nKapat<br \/>\nYan\u0131tlaToplu yan\u0131tla\u0130letSilYazd\u0131r\u0130stenmeyen\u0130\u015faretleDi\u011fer\u00d6ncekiSonraki<br \/>\nG\u00fc\u0308lcan K\u0131s\u0327: \u201cVatandas\u0327\u0131n Sofras\u0131na Yemek Koymas\u0131 Bile Lu\u0308ks Ha\u0302line Geldi\u201d<br \/>\nFoto\u011fraf<br \/>\nG\u00fclcan KI\u015e <gulcan.kis@tbmm.gov.tr> g\u00f6ndericisinden 2025-03-05 09:43 tarihinde<br \/>\nAyr\u0131nt\u0131lar \u00dcst bilgiler D\u00fcz metin T\u00fcm ek dosyalar\u0131 indir<br \/>\nZIMG4271.JPG<br \/>\n(~4.4 MB)<br \/>\nVatandas\u0327\u0131n Sofras\u0131na Yemek Koymas\u0131 Bile Lu\u0308ks Ha\u0302line Geldi.docx<br \/>\n(~15 KB)<br \/>\nVideo Linki:<\/p>\n<p>https:\/\/we.tl\/t-yKtcL5s4X9<\/p>\n<p>Gu\u0308lcan K\u0131s\u0327: &#8220;Vatandas\u0327\u0131n Sofras\u0131na Yemek Koymas\u0131 Bile Lu\u0308ks Ha\u0302line Geldi&#8221;<\/p>\n<p>CHP Mersin Milletvekili Gu\u0308lcan K\u0131s\u0327, TBMM Genel Kurulu&#8217;nda yapt\u0131g\u0306\u0131 konus\u0327mada, hayat pahal\u0131l\u0131g\u0306\u0131 ve yoksulluk konusundaki aras\u0327t\u0131rma o\u0308nergesi u\u0308zerine sert eles\u0327tirilerde bulundu. G\u00fclcan K\u0131s\u0327, AKP&#8217;nin yanl\u0131s\u0327 ekonomi politikalar\u0131 nedeniyle milyonlarca insan\u0131n temel g\u0131da ihtiyac\u0327lar\u0131n\u0131 bile kars\u0327\u0131layamaz ha\u0302le geldig\u0306ini vurgulayarak, hu\u0308ku\u0308metin halk\u0131n yas\u0327ad\u0131g\u0306\u0131 gerc\u0327ekleri go\u0308rmezden geldig\u0306ini so\u0308yledi.<\/p>\n<p>&#8220;Asgari U\u0308cret Sofra Kurmaya Yetmiyor&#8221;<\/p>\n<p>Genel Kurul&#8217;da yapt\u0131g\u0306\u0131 konus\u0327mada, Tu\u0308rkiye&#8217;deki ekonomik krizin boyutlar\u0131na dikkat c\u0327eken CHP&#8217;li Gu\u0308lcan K\u0131s\u0327, 4 kis\u0327ilik bir ailenin sadece yemek masraf\u0131n\u0131n ayl\u0131k 24.146 liray\u0131 buldug\u0306unu, ancak asgari u\u0308cretin 22.104 lira oldug\u0306unu hat\u0131rlatt\u0131: &#8220;Milyonlarca insan, b\u0131rak\u0131n sag\u0306l\u0131kl\u0131 yas\u0327amay\u0131, en temel g\u0131da ihtiyac\u0327lar\u0131n\u0131 bile kars\u0327\u0131layamaz ha\u0302le geldi. Bu tabloyu yaratan kim? Elbette ki yanl\u0131s\u0327 ekonomi politikalar\u0131n\u0131 yu\u0308ru\u0308ten AKP iktidar\u0131d\u0131r&#8221; dedi.<\/p>\n<p>&#8220;Tu\u0308rkiye&#8217;de Asgari U\u0308cret, Ortalama Maas\u0327 Ha\u0302line Geldi&#8221;<\/p>\n<p>Gu\u0308lcan K\u0131s\u0327, Tu\u0308rkiye&#8217;de c\u0327al\u0131s\u0327anlar\u0131n yu\u0308zde 40&#8217;\u0131n\u0131n asgari u\u0308cretle gec\u0327inmek zorunda oldug\u0306unu belirterek, &#8220;Avrupa&#8217;da bu oran yu\u0308zde 4 ila 10 aras\u0131nda deg\u0306is\u0327irken, Tu\u0308rkiye&#8217;de asgari u\u0308cret, a\u0302deta ortalama maas\u0327 ha\u0302line geldi. I\u0307nsanlar, kiras\u0131n\u0131 m\u0131 o\u0308desin, faturas\u0131n\u0131 m\u0131 yat\u0131rs\u0131n, yoksa c\u0327ocug\u0306una su\u0308t mu\u0308 als\u0131n?&#8221; diyerek hu\u0308ku\u0308mete yu\u0308klendi.<\/p>\n<p>&#8220;Vatandas\u0327\u0131 Yoksullug\u0306a Mahku\u0302m Ettiniz, Belediyelerimize Engel Oluyorsunuz&#8221;<\/p>\n<p>CHP Mersin Milletvekili G\u00fclcan K\u0131s\u0327, CHP&#8217;li belediyelerin halk\u0131n yan\u0131nda durdug\u0306unu vurgulayarak, &#8220;Vatandas\u0327\u0131na uygun fiyatl\u0131 yemek sunan, ekmeg\u0306e eris\u0327imini kolaylas\u0327t\u0131ran, emekliye, o\u0308g\u0306renciye ve ihtiyac\u0327 sahibi herkese sosyal destek sag\u0306layan Cumhuriyet Halk Partili Belediyelerimiz var. Ancak tu\u0308m bunlara rag\u0306men belediyelerimiz engellenmek isteniyor, sosyal destekleri art\u0131ran belediyelerimize mali denetim ad\u0131 alt\u0131nda bask\u0131 yap\u0131l\u0131yor&#8221; ifadelerini kulland\u0131.<\/p>\n<p>&#8220;K\u0131yma Almak I\u0307c\u0327in Sabah\u0131n Erken Saatlerinde Kuyrug\u0306a Giren Vatandas\u0327lar\u0131m\u0131z Var&#8221;<\/p>\n<p>Ekonomik kriz nedeniyle halk\u0131n temel g\u0131da u\u0308ru\u0308nlerine bile eris\u0327imde zorluk yas\u0327ad\u0131g\u0306\u0131n\u0131 belirten G\u00fclcan K\u0131s\u0327, &#8220;Ucuz et ve ekmek kuyruklar\u0131 uzuyor, kasaplar art\u0131k lu\u0308ks marketlere do\u0308nu\u0308s\u0327mu\u0308s\u0327 durumda. Sabah\u0131n erken saatlerinde k\u0131yma alabilmek ic\u0327in kuyruklara giren vatandas\u0327lar\u0131m\u0131z var. Bu tablo, AKP iktidar\u0131n\u0131n eseridir&#8221; dedi.<\/p>\n<p>&#8220;AKP ve MHP, Halk\u0131n Yas\u0327ad\u0131g\u0306\u0131 Sefaleti Go\u0308rmezden Geliyor&#8221;<\/p>\n<p>Konus\u0327mas\u0131n\u0131n sonunda, aras\u0327t\u0131rma o\u0308nergesine destek verilmesi c\u0327ag\u0306r\u0131s\u0131nda bulunan CHP Mersin Milletvekili Gu\u0308lcan K\u0131s\u0327, &#8220;Gerc\u0327ekten halk\u0131n ic\u0327inde oldug\u0306unuzu iddia ediyorsan\u0131z, buyurun bu o\u0308nergeye destek verin. Ama biliyoruz ki AKP ve MHP s\u0131ralar\u0131nda oturan milletvekillerimiz bu o\u0308nergeyi reddedip halk\u0131n yas\u0327ad\u0131g\u0306\u0131 sefaleti yine go\u0308rmezden gelecekler&#8221; dedi.<\/p>\n<p>Cumhuriyet Halk Partisi olarak halk\u0131n al\u0131m gu\u0308cu\u0308nu\u0308 art\u0131rmak ve ekonomiyi adil bir du\u0308zene oturtmak ic\u0327in mu\u0308cadeleye devam edeceklerini vurgulayan CHP&#8217;li G\u00fclcan K\u0131s\u0327, &#8220;I\u0307ktidar c\u0327o\u0308zu\u0308m u\u0308retmek yerine pembe tablolar c\u0327izmeye devam ediyor ama biz halk\u0131n gerc\u0327ek sorunlar\u0131n\u0131 dile getirmeye, c\u0327o\u0308zu\u0308m ic\u0327in c\u0327al\u0131s\u0327maya devam edeceg\u0306iz&#8221; diyerek konus\u0327mas\u0131n\u0131 sonland\u0131rd\u0131.<\/p>\n","protected":false},"excerpt":{"rendered":"<p>Geri bildirim Kapat Yan\u0131tlaToplu yan\u0131tla\u0130letSilYazd\u0131r\u0130stenmeyen\u0130\u015faretleDi\u011fer\u00d6ncekiSonraki G\u00fc\u0308lcan K\u0131s\u0327: \u201cVatandas\u0327\u0131n Sofras\u0131na Yemek Koymas\u0131 Bile Lu\u0308ks Ha\u0302line Geldi\u201d Foto\u011fraf G\u00fclcan KI\u015e g\u00f6ndericisinden 2025-03-05 09:43 tarihinde Ayr\u0131nt\u0131lar \u00dcst bilgiler D\u00fcz metin T\u00fcm ek dosyalar\u0131 &hellip; <a href=\"https:\/\/akdenizolaygazetesi.com\/?p=34695\" class=\"more-link\">Devam\u0131n\u0131 Oku&#8230;<\/a><\/p>\n","protected":false},"author":2,"featured_media":34696,"comment_status":"open","ping_status":"open","sticky":false,"template":"","format":"standard","meta":[],"categories":[1,2,3],"tags":[],"_links":{"self":[{"href":"https:\/\/akdenizolaygazetesi.com\/index.php?rest_route=\/wp\/v2\/posts\/34695"}],"collection":[{"href":"https:\/\/akdenizolaygazetesi.com\/index.php?rest_route=\/wp\/v2\/posts"}],"about":[{"href":"https:\/\/akdenizolaygazetesi.com\/index.php?rest_route=\/wp\/v2\/types\/post"}],"author":[{"embeddable":true,"href":"https:\/\/akdenizolaygazetesi.com\/index.php?rest_route=\/wp\/v2\/users\/2"}],"replies":[{"embeddable":true,"href":"https:\/\/akdenizolaygazetesi.com\/index.php?rest_route=%2Fwp%2Fv2%2Fcomments&post=34695"}],"version-history":[{"count":1,"href":"https:\/\/akdenizolaygazetesi.com\/index.php?rest_route=\/wp\/v2\/posts\/34695\/revisions"}],"predecessor-version":[{"id":34697,"href":"https:\/\/akdenizolaygazetesi.com\/index.php?rest_route=\/wp\/v2\/posts\/34695\/revisions\/34697"}],"wp:featuredmedia":[{"embeddable":true,"href":"https:\/\/akdenizolaygazetesi.com\/index.php?rest_route=\/wp\/v2\/media\/34696"}],"wp:attachment":[{"href":"https:\/\/akdenizolaygazetesi.com\/index.php?rest_route=%2Fwp%2Fv2%2Fmedia&parent=34695"}],"wp:term":[{"taxonomy":"category","embeddable":true,"href":"https:\/\/akdenizolaygazetesi.com\/index.php?rest_route=%2Fwp%2Fv2%2Fcategories&post=34695"},{"taxonomy":"post_tag","embeddable":true,"href":"https:\/\/akdenizolaygazetesi.com\/index.php?rest_route=%2Fwp%2Fv2%2Ftags&post=34695"}],"curies":[{"name":"wp","href":"https:\/\/api.w.org\/{rel}","templated":true}]}}