{"id":34708,"date":"2025-03-05T16:20:09","date_gmt":"2025-03-05T13:20:09","guid":{"rendered":"http:\/\/akdenizolaygazetesi.com\/?p=34708"},"modified":"2025-03-05T16:20:09","modified_gmt":"2025-03-05T13:20:09","slug":"toroslar-belediyesi-sosyal-belediyecilik-anlayisiyla-halkin-yaninda","status":"publish","type":"post","link":"https:\/\/akdenizolaygazetesi.com\/?p=34708","title":{"rendered":"TOROSLAR BELED\u0130YES\u0130 SOSYAL BELED\u0130YEC\u0130L\u0130K ANLAYI\u015eIYLA HALKIN YANINDA"},"content":{"rendered":"<p>Toroslar Belediyesi, y\u0131llard\u0131r \u00f6zel \u015fah\u0131slar taraf\u0131ndan i\u015fletilen ve g\u00fcn\u00fcm\u00fcz\u00fcn ihtiya\u00e7lar\u0131n\u0131n gerisinde kalan Ay\u0131\u015f\u0131\u011f\u0131 D\u00fc\u011f\u00fcn Salonunu ba\u015ftan a\u015fa\u011f\u0131 yeniliyor. \u00c7al\u0131\u015fmalar sonunda salon daha modern, konforlu ve kullan\u0131\u015fl\u0131 hale gelecek. D\u00fc\u011f\u00fcn salonu yeniden faaliyete al\u0131nd\u0131\u011f\u0131nda il\u00e7e halk\u0131 d\u00fc\u011f\u00fcn t\u00f6renleri i\u00e7in salondan uygun fiyatlarla faydalanabilecek. Toroslar Belediyesinden bir m\u00fcjde de emeklilere geldi. Korukent Mahallesi&#8217;nde bulunan Bilge Ka\u011fan Park\u0131 i\u00e7inde emeklilerin sosyalle\u015febilece\u011fi bir Emekli Evi in\u015fa ediliyor. Emekli Evi de k\u0131sa s\u00fcre i\u00e7inde hizmet vermeye ba\u015flayacak.<\/p>\n<p>Toroslar Belediyesi, m\u00fclkiyeti kendisine ait olan ve uzun s\u00fcredir at\u0131l kalan tesisleri, halk\u0131n daha kaliteli, daha verimli ve ula\u015f\u0131labilir bir \u015fekilde faydalanmas\u0131 i\u00e7in yeniden d\u00fczenleniyor. Belediyenin ba\u015ftan a\u015fa\u011f\u0131 yeniledi\u011fi tesislerden biri de Yusuf K\u0131l\u0131\u00e7 Mahallesindeki Ay\u0131\u015f\u0131\u011f\u0131 D\u00fc\u011f\u00fcn Salonu oldu. Salon, g\u00fcn\u00fcm\u00fcz\u00fcn ihtiya\u00e7lar\u0131 da g\u00f6zetilerek yenilecek, daha modern, konforlu ve kullan\u0131\u015fl\u0131 hale getirilecek ve uygun fiyatlarla vatanda\u015flar\u0131n hizmetine sunulacak. Toroslar Belediyesi d\u00fc\u011f\u00fcn salonunun i\u015fletmesini \u00f6zel \u015fah\u0131slara vermek yerine kendisi yapacak.<\/p>\n<p>&#8220;SALON DAHA G\u00dcZEL, DAHA DERL\u0130 TOPLU OLACAK&#8221;<\/p>\n<p>Toroslar Belediye Ba\u015fkan\u0131 Abdurrahman Y\u0131ld\u0131z, Ay\u0131\u015f\u0131\u011f\u0131 D\u00fc\u011f\u00fcn Salonuna giderek \u00e7al\u0131\u015fmalar\u0131 yerinde inceledi.<\/p>\n<p>Y\u0131ld\u0131z, &#8221;Uzunca bir zamand\u0131r gerek Toroslar hem\u015fehrilerimize gerekse b\u00fct\u00fcn Mersinli yurtta\u015flar\u0131m\u0131za hizmet veren, onlar\u0131n en mutlu g\u00fcnlerinde onlar\u0131 a\u011f\u0131rlayan mekanlardan birisiydi ve uzun zamand\u0131r yine buras\u0131 bir m\u00fcstecir taraf\u0131ndan i\u015fletildi\u011fi i\u00e7in asl\u0131nda ciddi bak\u0131ms\u0131z ve k\u00f6hne bir hale gelmi\u015fti. \u015eimdi biz buray\u0131 belediye olarak ald\u0131k. Toroslar Belediyesi kendi m\u00fclk\u00fcne sahip \u00e7\u0131k\u0131yor. Toroslar Belediyesi buray\u0131 \u015fimdi tamir ettiriyor ve ard\u0131ndan buray\u0131 Toroslar Belediyesi olarak i\u015fletmeye devam edece\u011fiz. Halk\u0131m\u0131z\u0131n daha ula\u015f\u0131labilir, daha kolay, daha ucuz ve daha kaliteli, daha konforlu bir ortamda d\u00fc\u011f\u00fcnlerini yapabilmesi i\u00e7in, gen\u00e7lerimizin en mutlu g\u00fcnlerinde sorunsuz o g\u00fcnlerini ya\u015fayabilmeleri i\u00e7in bu salonu yeniden tamir ettiriyoruz, g\u00fczel bir hale getiriyoruz, derli toplu bir hale getiriyoruz ve ard\u0131ndan da belediyemize ba\u011fl\u0131, belediyemizin Mali \u0130\u015fler M\u00fcd\u00fcrl\u00fc\u011f\u00fc taraf\u0131ndan i\u015fletilecek ve en nihayetinde Toroslar halk\u0131na ve b\u00fct\u00fcn Mersinlilere asl\u0131nda daha ucuz, konforlu, kaliteli bir d\u00fc\u011f\u00fcn salonu hediye etmek istiyoruz&#8221; ifadelerini kulland\u0131.<\/p>\n<p>Korukent Mahallesi&#8217;nde bulunan Bilge Ka\u011fan Park\u0131 i\u00e7inde yap\u0131m\u0131 devam eden Emekli Evi&#8217;nin \u00e7al\u0131\u015fmalar\u0131n\u0131 inceleyen Ba\u015fkan Y\u0131ld\u0131z, in\u015faat a\u015famas\u0131n\u0131n tamamlanmak \u00fczere oldu\u011funu aktard\u0131.<\/p>\n<p>Y\u0131ld\u0131z, &#8221;Buray\u0131 \u00e7ok k\u0131sa bir zaman i\u00e7erisinde emeklilerimiz i\u00e7in bir sosyalle\u015fme alan\u0131 haline getirece\u011fiz, bir emekli evi haline getirece\u011fiz. Buraya, kentimizde ya\u015fayan b\u00fct\u00fcn ya\u015f alm\u0131\u015f yurtta\u015flar\u0131m\u0131z\u0131n g\u00fcn i\u00e7erisinde gelip sosyalle\u015febilece\u011fi, \u00e7aylar\u0131n\u0131 kahvelerini i\u00e7ip sohbet edebilecekleri ve kitap okuyabilecekleri bir alan olacak. \u0130\u00e7erisine bir de k\u00fct\u00fcphane kuraca\u011f\u0131z. Bu tarz sosyal merkezler art\u0131k bizim g\u00fcnl\u00fck ya\u015fam\u0131m\u0131z\u0131n ve politikam\u0131z\u0131n bir par\u00e7as\u0131 haline geldi&#8221; dedi.<\/p>\n<p>\u00c7OCUKLARA KRE\u015e, GEN\u00c7LERE OKUMA SALONU, EMEKL\u0130LERE EMEKL\u0130 EV\u0130<\/p>\n<p>Toroslar Belediyesinin sosyal politikalar\u0131 \u00f6ncelik hale getirdi\u011fini aktaran Y\u0131ld\u0131z, s\u00f6zlerini \u015f\u00f6yle s\u00fcrd\u00fcrd\u00fc:<\/p>\n<p>&#8220;Bu tarz mekanlar\u0131 halk\u0131m\u0131z\u0131n hizmetine sunmaya devam edece\u011fiz. Art\u0131k t\u00fcm hem\u015ferilerimiz, gen\u00e7lerimiz okuma salonlar\u0131nda, ya\u015f alm\u0131\u015f emeklilerimiz emekli evlerinde, \u00e7ocuklar\u0131m\u0131z kre\u015flerde, g\u00fcn\u00fcn her saatinde hem\u015ferilerimizin sosyalle\u015febilece\u011fi, ya\u015famlar\u0131n\u0131 kolayla\u015ft\u0131rabilece\u011fi, ya\u015fam kalitelerini art\u0131rabilece\u011fi bu tarz mekanlar\u0131 yapmaya devam ediyoruz. \u00c7ok yak\u0131n bir zaman i\u00e7erisinde de Bilge Ka\u011fan Park\u0131 i\u00e7erisinde yer alan bu emekli evimizi halk\u0131m\u0131z\u0131n hizmetine a\u00e7aca\u011f\u0131z. Ben \u015fimdiden t\u00fcm Toroslar halk\u0131m\u0131za bunun m\u00fcjdesini vermek isterim&#8221; \u015feklinde konu\u015ftu.<\/p>\n","protected":false},"excerpt":{"rendered":"<p>Toroslar Belediyesi, y\u0131llard\u0131r \u00f6zel \u015fah\u0131slar taraf\u0131ndan i\u015fletilen ve g\u00fcn\u00fcm\u00fcz\u00fcn ihtiya\u00e7lar\u0131n\u0131n gerisinde kalan Ay\u0131\u015f\u0131\u011f\u0131 D\u00fc\u011f\u00fcn Salonunu ba\u015ftan a\u015fa\u011f\u0131 yeniliyor. \u00c7al\u0131\u015fmalar sonunda salon daha modern, konforlu ve kullan\u0131\u015fl\u0131 hale gelecek. D\u00fc\u011f\u00fcn salonu &hellip; <a href=\"https:\/\/akdenizolaygazetesi.com\/?p=34708\" class=\"more-link\">Devam\u0131n\u0131 Oku&#8230;<\/a><\/p>\n","protected":false},"author":2,"featured_media":34709,"comment_status":"open","ping_status":"open","sticky":false,"template":"","format":"standard","meta":[],"categories":[1,2,3],"tags":[],"_links":{"self":[{"href":"https:\/\/akdenizolaygazetesi.com\/index.php?rest_route=\/wp\/v2\/posts\/34708"}],"collection":[{"href":"https:\/\/akdenizolaygazetesi.com\/index.php?rest_route=\/wp\/v2\/posts"}],"about":[{"href":"https:\/\/akdenizolaygazetesi.com\/index.php?rest_route=\/wp\/v2\/types\/post"}],"author":[{"embeddable":true,"href":"https:\/\/akdenizolaygazetesi.com\/index.php?rest_route=\/wp\/v2\/users\/2"}],"replies":[{"embeddable":true,"href":"https:\/\/akdenizolaygazetesi.com\/index.php?rest_route=%2Fwp%2Fv2%2Fcomments&post=34708"}],"version-history":[{"count":1,"href":"https:\/\/akdenizolaygazetesi.com\/index.php?rest_route=\/wp\/v2\/posts\/34708\/revisions"}],"predecessor-version":[{"id":34710,"href":"https:\/\/akdenizolaygazetesi.com\/index.php?rest_route=\/wp\/v2\/posts\/34708\/revisions\/34710"}],"wp:featuredmedia":[{"embeddable":true,"href":"https:\/\/akdenizolaygazetesi.com\/index.php?rest_route=\/wp\/v2\/media\/34709"}],"wp:attachment":[{"href":"https:\/\/akdenizolaygazetesi.com\/index.php?rest_route=%2Fwp%2Fv2%2Fmedia&parent=34708"}],"wp:term":[{"taxonomy":"category","embeddable":true,"href":"https:\/\/akdenizolaygazetesi.com\/index.php?rest_route=%2Fwp%2Fv2%2Fcategories&post=34708"},{"taxonomy":"post_tag","embeddable":true,"href":"https:\/\/akdenizolaygazetesi.com\/index.php?rest_route=%2Fwp%2Fv2%2Ftags&post=34708"}],"curies":[{"name":"wp","href":"https:\/\/api.w.org\/{rel}","templated":true}]}}