{"id":34821,"date":"2025-03-12T15:40:09","date_gmt":"2025-03-12T12:40:09","guid":{"rendered":"http:\/\/akdenizolaygazetesi.com\/?p=34821"},"modified":"2025-03-12T15:40:09","modified_gmt":"2025-03-12T12:40:09","slug":"valimiz-sayin-atilla-toros-guvenlik-gucleri-personelleri-ile-duzenlenen-iftar-programina-katildi","status":"publish","type":"post","link":"https:\/\/akdenizolaygazetesi.com\/?p=34821","title":{"rendered":"VAL\u0130M\u0130Z SAYIN AT\u0130LLA TOROS, G\u00dcVENL\u0130K G\u00dc\u00c7LER\u0130 PERSONELLER\u0130 \u0130LE D\u00dcZENLENEN \u0130FTAR PROGRAMINA KATILDI"},"content":{"rendered":"<p>Valimiz Say\u0131n Atilla Toros, \u0130l Emniyet M\u00fcd\u00fcrl\u00fc\u011f\u00fc, \u0130l Jandarma Komutanl\u0131\u011f\u0131 ve Sahil G\u00fcvenlik Akdeniz B\u00f6lge Komutanl\u0131\u011f\u0131 personelleri ile d\u00fczenlenen iftar program\u0131na kat\u0131ld\u0131.<\/p>\n<p>Programda bir konu\u015fma ger\u00e7ekle\u015ftiren Vali Atilla Toros; \u201cMukaddes vatan topraklar\u0131n\u0131 koruyan siz k\u0131ymetli kahramanlar\u0131m\u0131z, bu \u00fclkenin d\u00fc\u015fmanlar\u0131n\u0131n a\u015famad\u0131\u011f\u0131, hi\u00e7bir zamanda a\u015famayaca\u011f\u0131 \u00e7elikten birer kalesiniz.\u201d ifadelerini kulland\u0131.<\/p>\n<p>Vali Atilla Toros konu\u015fmas\u0131n\u0131n devam\u0131nda; &#8220;Emniyet Te\u015fkilat\u0131m\u0131z, Jandarmam\u0131z, Sahil G\u00fcvenli\u011fimiz takdire \u015fayan bir i\u015f birli\u011fi ve koordinasyon i\u00e7inde ba\u015far\u0131l\u0131 \u00e7al\u0131\u015fmalar\u0131yla bizleri gururland\u0131rmaktad\u0131r.&#8221; dedi.<\/p>\n<p>Mersin \u0130limizin huzuru ve g\u00fcvenli\u011fi i\u00e7in \u00e7al\u0131\u015fan t\u00fcm g\u00fcvenik g\u00fc\u00e7lerimize \u015f\u00fckranlar\u0131n\u0131 sunan Vali Atilla Toros; &#8220;Devletimiz ve milletimiz her daim sizlerin yan\u0131ndad\u0131r, sizlerin g\u00f6sterdi\u011fi fedak\u00e2rl\u0131\u011f\u0131n fark\u0131ndad\u0131r, sizlere minnettard\u0131r.<\/p>\n<p>Rabbim hepinizden raz\u0131 olsun. Sizlere g\u00fc\u00e7 ve kuvvet versin. Aya\u011f\u0131n\u0131za ta\u015f de\u011fdirmesin.&#8221; dedi.<\/p>\n<p>Vali Atilla Toros, konu\u015fmas\u0131n\u0131n sonunda; &#8220;Bu kutsal vatan\u0131n ebedi muhaf\u0131zlar\u0131 olan aziz \u015fehitlerimizi ve ebediyete irtihal eden kahraman gazilerimizi rahmet ve minnetle an\u0131yorum. Ruhlar\u0131 \u015fad, mek\u00e2nlar\u0131 cennet olsun. <\/p>\n<p>Varl\u0131klar\u0131yla bizleri onurland\u0131ran aziz \u015fehitlerimizin kahraman yol arkada\u015flar\u0131 gazilerimize sonsuz \u015f\u00fckranlar\u0131m\u0131 sunuyor, sa\u011fl\u0131kl\u0131 ve huzurlu bir \u00f6m\u00fcr diliyorum.\u2019\u2019 dedi.<\/p>\n","protected":false},"excerpt":{"rendered":"<p>Valimiz Say\u0131n Atilla Toros, \u0130l Emniyet M\u00fcd\u00fcrl\u00fc\u011f\u00fc, \u0130l Jandarma Komutanl\u0131\u011f\u0131 ve Sahil G\u00fcvenlik Akdeniz B\u00f6lge Komutanl\u0131\u011f\u0131 personelleri ile d\u00fczenlenen iftar program\u0131na kat\u0131ld\u0131. Programda bir konu\u015fma ger\u00e7ekle\u015ftiren Vali Atilla Toros; \u201cMukaddes &hellip; <a href=\"https:\/\/akdenizolaygazetesi.com\/?p=34821\" class=\"more-link\">Devam\u0131n\u0131 Oku&#8230;<\/a><\/p>\n","protected":false},"author":2,"featured_media":0,"comment_status":"open","ping_status":"open","sticky":false,"template":"","format":"standard","meta":[],"categories":[1,2,3],"tags":[],"_links":{"self":[{"href":"https:\/\/akdenizolaygazetesi.com\/index.php?rest_route=\/wp\/v2\/posts\/34821"}],"collection":[{"href":"https:\/\/akdenizolaygazetesi.com\/index.php?rest_route=\/wp\/v2\/posts"}],"about":[{"href":"https:\/\/akdenizolaygazetesi.com\/index.php?rest_route=\/wp\/v2\/types\/post"}],"author":[{"embeddable":true,"href":"https:\/\/akdenizolaygazetesi.com\/index.php?rest_route=\/wp\/v2\/users\/2"}],"replies":[{"embeddable":true,"href":"https:\/\/akdenizolaygazetesi.com\/index.php?rest_route=%2Fwp%2Fv2%2Fcomments&post=34821"}],"version-history":[{"count":1,"href":"https:\/\/akdenizolaygazetesi.com\/index.php?rest_route=\/wp\/v2\/posts\/34821\/revisions"}],"predecessor-version":[{"id":34822,"href":"https:\/\/akdenizolaygazetesi.com\/index.php?rest_route=\/wp\/v2\/posts\/34821\/revisions\/34822"}],"wp:attachment":[{"href":"https:\/\/akdenizolaygazetesi.com\/index.php?rest_route=%2Fwp%2Fv2%2Fmedia&parent=34821"}],"wp:term":[{"taxonomy":"category","embeddable":true,"href":"https:\/\/akdenizolaygazetesi.com\/index.php?rest_route=%2Fwp%2Fv2%2Fcategories&post=34821"},{"taxonomy":"post_tag","embeddable":true,"href":"https:\/\/akdenizolaygazetesi.com\/index.php?rest_route=%2Fwp%2Fv2%2Ftags&post=34821"}],"curies":[{"name":"wp","href":"https:\/\/api.w.org\/{rel}","templated":true}]}}