{"id":34833,"date":"2025-03-12T15:47:43","date_gmt":"2025-03-12T12:47:43","guid":{"rendered":"http:\/\/akdenizolaygazetesi.com\/?p=34833"},"modified":"2025-03-12T15:47:43","modified_gmt":"2025-03-12T12:47:43","slug":"bankalar-kazandi-halk-borclandi-enflasyon-vatandasi-ezerek-devam-ediyor","status":"publish","type":"post","link":"https:\/\/akdenizolaygazetesi.com\/?p=34833","title":{"rendered":"Bankalar Kazand\u0131, Halk Bor\u00e7land\u0131: Enflasyon Vatanda\u015f\u0131 Ezerek Devam Ediyor!"},"content":{"rendered":"<p>CHP Mersin Milletvekili G\u00fclcan K\u0131\u015f, ekonomik krizin her ge\u00e7en g\u00fcn derinle\u015fti\u011fini, vatanda\u015f\u0131n, \u00e7ift\u00e7inin, esnaf\u0131n ve emeklilerin bor\u00e7 i\u00e7inde ezildi\u011fini vurgulad\u0131. &#8220;\u0130ktidar h\u00e2l\u00e2 &#8216;Enflasyona ezdirmeyece\u011fiz&#8217; diyor ama ac\u0131 ger\u00e7ek ortada! Bankalar k\u00e2rlar\u0131na k\u00e2r katarken, halk bor\u00e7 bata\u011f\u0131na sapland\u0131, enflasyon vatanda\u015f\u0131n al\u0131m g\u00fcc\u00fcn\u00fc yok ediyor&#8221; dedi.<\/p>\n<p>Bankalar Rekor K\u00e2r A\u00e7\u0131klad\u0131, Halk\u0131n Borcu Katland\u0131<\/p>\n<p>Bankac\u0131l\u0131k sekt\u00f6r\u00fc, 2025 y\u0131l\u0131 Ocak ay\u0131nda net k\u00e2r\u0131n\u0131 y\u00fczde 48,2 art\u0131rarak 47,3 milyar liraya \u00e7\u0131kard\u0131. Kamu bankalar\u0131n\u0131n k\u00e2r art\u0131\u015f\u0131 y\u00fczde 198,3 olarak ger\u00e7ekle\u015firken, \u00f6zel ve yabanc\u0131 sermayeli bankalar y\u00fczde 19&#8217;luk bir art\u0131\u015fla daha s\u0131n\u0131rl\u0131 kald\u0131. G\u00fclcan K\u0131\u015f, bu duruma tepki g\u00f6stererek, &#8220;Bankalar k\u00e2r a\u00e7\u0131kl\u0131yor, vatanda\u015f bor\u00e7 bata\u011f\u0131nda! B\u00fct\u00fcn y\u00fck halk\u0131n omuzlar\u0131nda, kazanan yine bankalar&#8221; dedi.<\/p>\n<p>\u00c7ift\u00e7i, Esnaf, KOB\u0130&#8217;ler Bor\u00e7 K\u0131skac\u0131nda<\/p>\n<p>Ekonomik darbo\u011faz, \u00fcreticileri de vurdu. KOB\u0130&#8217;lerin bankalara olan kredi borcu Ocak ay\u0131nda 114,8 milyar lira daha artarak 4 trilyon 487 milyar liraya y\u00fckseldi. 6 binden fazla KOB\u0130 kredi bor\u00e7lar\u0131n\u0131 \u00f6deyemedi\u011fi i\u00e7in icra takibine d\u00fc\u015ft\u00fc.<\/p>\n<p>Benzer \u015fekilde, tar\u0131m sekt\u00f6r\u00fc de b\u00fcy\u00fck bir bor\u00e7 sarmal\u0131 i\u00e7inde:<\/p>\n<p>\u2022 \u00c7ift\u00e7ilerin bankalara olan borcu 21,1 milyar lira artarak 890 milyar liraya y\u00fckseldi.<\/p>\n<p>\u2022 Tar\u0131m kredilerinin 705 milyar liras\u0131 kamu bankalar\u0131na, 184 milyar liras\u0131 \u00f6zel bankalara olan bor\u00e7lardan olu\u015fuyor.<\/p>\n<p>\u2022 \u00c7ift\u00e7inin bankalara olan icral\u0131k bor\u00e7lar\u0131 Ocak ay\u0131nda 1 milyar lira artarak 4,5 milyar liraya ula\u015ft\u0131.<\/p>\n<p>CHP Mersin Milletvekili G\u00fclcan K\u0131\u015f, tar\u0131m\u0131n i\u00e7inde bulundu\u011fu durumu \u015fu s\u00f6zlerle de\u011ferlendirdi: &#8220;\u00c7ift\u00e7i tarlas\u0131na de\u011fil, borcuna \u00e7al\u0131\u015f\u0131yor. Mazot, g\u00fcbre, ila\u00e7 fiyatlar\u0131 u\u00e7mu\u015f, iktidar ise sadece seyrediyor. Tar\u0131m\u0131 yok ederek, g\u0131da krizine zemin haz\u0131rl\u0131yorlar.&#8221;<\/p>\n<p>Vatanda\u015f\u0131n Borcu 4,3 Trilyon Liray\u0131 A\u015ft\u0131, \u0130cralar Patlad\u0131<\/p>\n<p>Bireysel kredi ve kredi kart\u0131 bor\u00e7lar\u0131 da h\u0131zla art\u0131yor. Son bir ayda vatanda\u015flar\u0131n bankalara olan borcu 78,8 milyar lira artarak 4 trilyon 206 milyar liraya ula\u015ft\u0131.<\/p>\n<p>\u2022 Bireysel krediler 2 trilyon 209 milyar liraya \u00e7\u0131karken, kredi kart\u0131 bor\u00e7lar\u0131 1 trilyon 997 milyar liraya dayand\u0131.<\/p>\n<p>\u2022 \u0130craya d\u00fc\u015fen bireysel kredi ve kart bor\u00e7lar\u0131 144 milyar liraya y\u00fckseldi.<\/p>\n<p>\u2022 Son bir ayda 303 bin ki\u015fi icral\u0131k oldu.<\/p>\n<p>\u2022 \u0130cra takibinde toplamda 4 milyon vatanda\u015f bulunuyor.<\/p>\n<p>CHP&#8217;li G\u00fclcan K\u0131\u015f, &#8220;Bu ekonomik sistem halk\u0131 soyup so\u011fana \u00e7eviriyor. \u0130ktidar\u0131n tek derdi bankalar\u0131n ve yanda\u015f \u015firketlerin k\u00e2rlar\u0131n\u0131 art\u0131rmak. Halk\u0131n borcu ise \u00e7\u0131\u011f gibi b\u00fcy\u00fcyor&#8221; dedi.<\/p>\n<p>Enflasyon Ezerek Devam Ediyor!<\/p>\n<p>\u0130ktidar\u0131n &#8220;Vatanda\u015f\u0131 enflasyona ezdirmeyece\u011fiz&#8221; s\u00f6yleminin halk\u0131 kand\u0131rmaya y\u00f6nelik oldu\u011funu belirten G\u00fclcan K\u0131\u015f, ger\u00e7eklerin ortada oldu\u011funu s\u00f6yledi.<\/p>\n<p>\u2022 T\u00dc\u0130K, \u015eubat ay\u0131 enflasyonunu y\u00fczde 2,27 olarak a\u00e7\u0131klarken, ENAG y\u00fczde 3,37, \u0130stanbul Ticaret Odas\u0131 (\u0130TO) y\u00fczde 3,19 olarak hesaplad\u0131.<\/p>\n<p>\u2022 Y\u0131ll\u0131k enflasyon T\u00dc\u0130K&#8217;e g\u00f6re y\u00fczde 39,05, ancak ENAG y\u00fczde 79,51, \u0130TO y\u00fczde 45,35 olarak a\u00e7\u0131klad\u0131.<\/p>\n<p>\u2022 2021 Eyl\u00fcl ay\u0131nda 100 lira olan bir mal sepeti bug\u00fcn 505 liraya \u00e7\u0131kt\u0131. Yani enflasyonun d\u00fc\u015fmesi fiyatlar\u0131n d\u00fc\u015ft\u00fc\u011f\u00fc anlam\u0131na gelmiyor, hayat her ge\u00e7en g\u00fcn daha pahal\u0131 hale geliyor.<\/p>\n<p>\u2022 Asgari \u00fccretlinin al\u0131m g\u00fcc\u00fc iki ayda 1.527 lira eridi.<\/p>\n<p>\u2022 En d\u00fc\u015f\u00fck emekli ayl\u0131\u011f\u0131n\u0131n al\u0131m g\u00fcc\u00fc 999 lira d\u00fc\u015ft\u00fc.<\/p>\n<p>\u2022 T\u00fcrkiye, d\u00fcnyada en y\u00fcksek enflasyona sahip 5. \u00fclke, G-20 i\u00e7inde ise Arjantin&#8217;den sonra ikinci s\u0131rada.<\/p>\n<p>G\u00fclcan K\u0131\u015f, &#8220;T\u00fcrkiye&#8217;nin enflasyonu Avrupa&#8217;da a\u00e7\u0131k ara birinci. \u0130kinci s\u0131radaki Ukrayna ile aram\u0131zda 26 puan fark var! Bu ekonomi politikas\u0131, halka sefalet getiren bir y\u0131k\u0131m politikas\u0131d\u0131r&#8221; dedi.<\/p>\n<p>&#8220;Bu Krizin Tek \u00c7\u00f6z\u00fcm\u00fc Erken Se\u00e7imdir!&#8221;<\/p>\n<p>Ekonomik tablonun i\u00e7 a\u00e7\u0131c\u0131 olmad\u0131\u011f\u0131n\u0131 vurgulayan G\u00fclcan K\u0131\u015f, halk\u0131n giderek daha da yoksulla\u015ft\u0131\u011f\u0131n\u0131 belirterek, h\u00fck\u00fcmetin bu politikalarla devam edemeyece\u011fini s\u00f6yledi.<\/p>\n<p>&#8220;Kazanan bankalar, kaybeden halk! \u0130ktidar h\u00e2l\u00e2 masallar anlat\u0131yor ama ger\u00e7ekler ortada. Bu sistem devam edemez. Erken se\u00e7im ka\u00e7\u0131n\u0131lmazd\u0131r! Halk\u0131 de\u011fil, bankalar\u0131 d\u00fc\u015f\u00fcnen bu iktidar\u0131n gitme vakti geldi!&#8221; dedi.<\/p>\n","protected":false},"excerpt":{"rendered":"<p>CHP Mersin Milletvekili G\u00fclcan K\u0131\u015f, ekonomik krizin her ge\u00e7en g\u00fcn derinle\u015fti\u011fini, vatanda\u015f\u0131n, \u00e7ift\u00e7inin, esnaf\u0131n ve emeklilerin bor\u00e7 i\u00e7inde ezildi\u011fini vurgulad\u0131. &#8220;\u0130ktidar h\u00e2l\u00e2 &#8216;Enflasyona ezdirmeyece\u011fiz&#8217; diyor ama ac\u0131 ger\u00e7ek ortada! Bankalar &hellip; <a href=\"https:\/\/akdenizolaygazetesi.com\/?p=34833\" class=\"more-link\">Devam\u0131n\u0131 Oku&#8230;<\/a><\/p>\n","protected":false},"author":2,"featured_media":34834,"comment_status":"open","ping_status":"open","sticky":false,"template":"","format":"standard","meta":[],"categories":[1,2,3],"tags":[],"_links":{"self":[{"href":"https:\/\/akdenizolaygazetesi.com\/index.php?rest_route=\/wp\/v2\/posts\/34833"}],"collection":[{"href":"https:\/\/akdenizolaygazetesi.com\/index.php?rest_route=\/wp\/v2\/posts"}],"about":[{"href":"https:\/\/akdenizolaygazetesi.com\/index.php?rest_route=\/wp\/v2\/types\/post"}],"author":[{"embeddable":true,"href":"https:\/\/akdenizolaygazetesi.com\/index.php?rest_route=\/wp\/v2\/users\/2"}],"replies":[{"embeddable":true,"href":"https:\/\/akdenizolaygazetesi.com\/index.php?rest_route=%2Fwp%2Fv2%2Fcomments&post=34833"}],"version-history":[{"count":1,"href":"https:\/\/akdenizolaygazetesi.com\/index.php?rest_route=\/wp\/v2\/posts\/34833\/revisions"}],"predecessor-version":[{"id":34835,"href":"https:\/\/akdenizolaygazetesi.com\/index.php?rest_route=\/wp\/v2\/posts\/34833\/revisions\/34835"}],"wp:featuredmedia":[{"embeddable":true,"href":"https:\/\/akdenizolaygazetesi.com\/index.php?rest_route=\/wp\/v2\/media\/34834"}],"wp:attachment":[{"href":"https:\/\/akdenizolaygazetesi.com\/index.php?rest_route=%2Fwp%2Fv2%2Fmedia&parent=34833"}],"wp:term":[{"taxonomy":"category","embeddable":true,"href":"https:\/\/akdenizolaygazetesi.com\/index.php?rest_route=%2Fwp%2Fv2%2Fcategories&post=34833"},{"taxonomy":"post_tag","embeddable":true,"href":"https:\/\/akdenizolaygazetesi.com\/index.php?rest_route=%2Fwp%2Fv2%2Ftags&post=34833"}],"curies":[{"name":"wp","href":"https:\/\/api.w.org\/{rel}","templated":true}]}}