{"id":34839,"date":"2025-03-12T15:50:12","date_gmt":"2025-03-12T12:50:12","guid":{"rendered":"http:\/\/akdenizolaygazetesi.com\/?p=34839"},"modified":"2025-03-12T15:50:12","modified_gmt":"2025-03-12T12:50:12","slug":"toroslarda-minik-eller-tohum-ekti","status":"publish","type":"post","link":"https:\/\/akdenizolaygazetesi.com\/?p=34839","title":{"rendered":"TOROSLAR\u2019DA M\u0130N\u0130K ELLER TOHUM EKT\u0130"},"content":{"rendered":"<p>Toroslar Belediye Ba\u015fkan\u0131 Abdurrahman Y\u0131ld\u0131z&#8217;\u0131n hayata ge\u00e7irdi\u011fi g\u00fcnd\u00fcz bak\u0131mevlerinde \u00e7ocuklar, uzman e\u011fitimcilerin g\u00f6zetiminde s\u0131n\u0131f ortam\u0131nda e\u011fitim deste\u011fi alman\u0131n yan\u0131 s\u0131ra ya\u015fayarak \u00f6\u011frenme etkinliklerine de kat\u0131l\u0131yor. Osmaniye G\u00fcnd\u00fcz Bak\u0131mevi&#8217;nde e\u011fitim g\u00f6ren \u00e7ocuklar bu kapsamda, do\u011fayla i\u00e7 i\u00e7e bir deneyim ya\u015fad\u0131. Minikler, Toroslar Belediyesi Park ve Bah\u00e7eler M\u00fcd\u00fcrl\u00fc\u011f\u00fc&#8217;n\u00fcn seralar\u0131nda toprakla oynad\u0131, \u00e7i\u00e7ek ekti, tohumlara can suyu verdi.<\/p>\n<p>Toroslar Belediye Ba\u015fkan\u0131 Abdurrahman Y\u0131ld\u0131z&#8217;\u0131n il\u00e7e halk\u0131na s\u00f6z verdi\u011fi g\u00fcnd\u00fcz bak\u0131mevleri ge\u00e7ti\u011fimiz aylarda a\u00e7\u0131ld\u0131 ve onlarca \u00e7ocu\u011fa e\u011fitim deste\u011fi hizmeti vermeye ba\u015flad\u0131.<\/p>\n<p>Alan\u0131nda uzman e\u011fitimcilerin g\u00f6zetiminde e\u011fitim deste\u011fi alan minikler s\u0131n\u0131f ortam\u0131nda e\u011fitim deste\u011fi alman\u0131n yan\u0131 s\u0131ra yine uzman e\u011fitimcilerin g\u00f6zetiminde \u00e7e\u015fitli aktivitelere de kat\u0131l\u0131yor.<\/p>\n<p>Osmaniye G\u00fcnd\u00fcz Bak\u0131mevi&#8217;nde e\u011fitim g\u00f6ren \u00e7ocuklar bu kapsamda, , Toroslar Belediyesi Park ve Bah\u00e7eler M\u00fcd\u00fcrl\u00fc\u011f\u00fc&#8217;n\u00fcn seralar\u0131n\u0131 ziyaret etti.<\/p>\n<p>\u00d6\u011fretmenlerin rehberli\u011finde ger\u00e7ekle\u015ftirilen etkinlikte \u00e7ocuklar toprakla oynad\u0131, saks\u0131lara \u00e7i\u00e7ek ekti, tohumlara can suyu verdi. \u00c7ocuklar, bitkilerin dikilmesi, ye\u015fermesi, bak\u0131m\u0131 hakk\u0131nda da sera \u00e7al\u0131\u015fanlar\u0131n\u0131n anlatt\u0131klar\u0131n\u0131 dinledi.<\/p>\n","protected":false},"excerpt":{"rendered":"<p>Toroslar Belediye Ba\u015fkan\u0131 Abdurrahman Y\u0131ld\u0131z&#8217;\u0131n hayata ge\u00e7irdi\u011fi g\u00fcnd\u00fcz bak\u0131mevlerinde \u00e7ocuklar, uzman e\u011fitimcilerin g\u00f6zetiminde s\u0131n\u0131f ortam\u0131nda e\u011fitim deste\u011fi alman\u0131n yan\u0131 s\u0131ra ya\u015fayarak \u00f6\u011frenme etkinliklerine de kat\u0131l\u0131yor. Osmaniye G\u00fcnd\u00fcz Bak\u0131mevi&#8217;nde e\u011fitim g\u00f6ren &hellip; <a href=\"https:\/\/akdenizolaygazetesi.com\/?p=34839\" class=\"more-link\">Devam\u0131n\u0131 Oku&#8230;<\/a><\/p>\n","protected":false},"author":2,"featured_media":34840,"comment_status":"open","ping_status":"open","sticky":false,"template":"","format":"standard","meta":[],"categories":[1,2,3],"tags":[],"_links":{"self":[{"href":"https:\/\/akdenizolaygazetesi.com\/index.php?rest_route=\/wp\/v2\/posts\/34839"}],"collection":[{"href":"https:\/\/akdenizolaygazetesi.com\/index.php?rest_route=\/wp\/v2\/posts"}],"about":[{"href":"https:\/\/akdenizolaygazetesi.com\/index.php?rest_route=\/wp\/v2\/types\/post"}],"author":[{"embeddable":true,"href":"https:\/\/akdenizolaygazetesi.com\/index.php?rest_route=\/wp\/v2\/users\/2"}],"replies":[{"embeddable":true,"href":"https:\/\/akdenizolaygazetesi.com\/index.php?rest_route=%2Fwp%2Fv2%2Fcomments&post=34839"}],"version-history":[{"count":1,"href":"https:\/\/akdenizolaygazetesi.com\/index.php?rest_route=\/wp\/v2\/posts\/34839\/revisions"}],"predecessor-version":[{"id":34841,"href":"https:\/\/akdenizolaygazetesi.com\/index.php?rest_route=\/wp\/v2\/posts\/34839\/revisions\/34841"}],"wp:featuredmedia":[{"embeddable":true,"href":"https:\/\/akdenizolaygazetesi.com\/index.php?rest_route=\/wp\/v2\/media\/34840"}],"wp:attachment":[{"href":"https:\/\/akdenizolaygazetesi.com\/index.php?rest_route=%2Fwp%2Fv2%2Fmedia&parent=34839"}],"wp:term":[{"taxonomy":"category","embeddable":true,"href":"https:\/\/akdenizolaygazetesi.com\/index.php?rest_route=%2Fwp%2Fv2%2Fcategories&post=34839"},{"taxonomy":"post_tag","embeddable":true,"href":"https:\/\/akdenizolaygazetesi.com\/index.php?rest_route=%2Fwp%2Fv2%2Ftags&post=34839"}],"curies":[{"name":"wp","href":"https:\/\/api.w.org\/{rel}","templated":true}]}}