{"id":34857,"date":"2025-03-13T15:31:05","date_gmt":"2025-03-13T12:31:05","guid":{"rendered":"http:\/\/akdenizolaygazetesi.com\/?p=34857"},"modified":"2025-03-13T15:31:05","modified_gmt":"2025-03-13T12:31:05","slug":"mersin-buyuksehir-cevre-dostu-ve-akilli-otobuslerle-ulasimda-ornek-oluyor","status":"publish","type":"post","link":"https:\/\/akdenizolaygazetesi.com\/?p=34857","title":{"rendered":"MERS\u0130N B\u00dcY\u00dcK\u015eEH\u0130R, \u00c7EVRE DOSTU VE AKILLI OTOB\u00dcSLERLE ULA\u015eIMDA \u00d6RNEK OLUYOR"},"content":{"rendered":"<p>Ba\u015fkan Vahap Se\u00e7er&#8217;in g\u00f6reve gelmesi ile birlikte toplu ta\u015f\u0131mada k\u00f6kten yenilikler yapan Mersin B\u00fcy\u00fck\u015fehir Belediyesi; g\u00fc\u00e7l\u00fc ara\u00e7 filosu, \u00e7evre dostu \u00e7\u00f6z\u00fcmleri ve ak\u0131ll\u0131 ula\u015f\u0131m sistemleri ile Mersinlilere konforlu, g\u00fcvenli ve h\u0131zl\u0131 ula\u015f\u0131m imkan\u0131 sunmaya devam ediyor. Vatanda\u015flar\u0131 toplu ta\u015f\u0131ma kullan\u0131m\u0131na sevk etmek, toplu ta\u015f\u0131may\u0131 daha cazip ve eri\u015filebilir hale getirmek i\u00e7in 430 ara\u00e7la hizmet veren B\u00fcy\u00fck\u015fehir, sabah erken saatlerden gece ge\u00e7 saatlere kadar vatanda\u015flar\u0131n ihtiya\u00e7lar\u0131na g\u00f6re esnek bir ula\u015f\u0131m sa\u011fl\u0131yor.<br \/>\nMersin&#8217;i ula\u015f\u0131mda \u00f6rnek bir \u015fehir haline getiren Mersin B\u00fcy\u00fck\u015fehir Belediyesi; g\u00fc\u00e7l\u00fc ara\u00e7 filosu, \u00e7evre dostu \u00e7\u00f6z\u00fcmleri ve ak\u0131ll\u0131 ula\u015f\u0131m sistemleri ile Mersinlilere konforlu, g\u00fcvenli ve h\u0131zl\u0131 ula\u015f\u0131m imkan\u0131 sunmaya devam ediyor. Ba\u015fkan Vahap Se\u00e7er&#8217;in g\u00f6reve gelmesi ile birlikte toplu ta\u015f\u0131mada k\u00f6kten yenilikler yapan B\u00fcy\u00fck\u015fehir; daha d\u00fc\u015f\u00fck emisyona sahip, di\u011fer ula\u015f\u0131m ara\u00e7lar\u0131na g\u00f6re hem ekonomik hem de \u00e7evreci olan CNG&#8217;li ara\u00e7 sistemleri ile zararl\u0131 gaz sal\u0131n\u0131m\u0131n\u0131 minimuma indirirken, yak\u0131t maliyetlerini de d\u00fc\u015f\u00fcrd\u00fc.<\/p>\n<p>Vatanda\u015flar\u0131 toplu ta\u015f\u0131ma kullan\u0131m\u0131na sevk etmek, toplu ta\u015f\u0131may\u0131 daha cazip ve eri\u015filebilir hale getirmek i\u00e7in \u015fehir merkezinden uzak noktalara kadar yeni g\u00fczergahlar ekleyerek \u015fehir i\u00e7i sefer say\u0131lar\u0131n\u0131 art\u0131ran B\u00fcy\u00fck\u015fehir, \u015fu anda 430 ara\u00e7 ile vatanda\u015flara hizmet sunuyor. Sabah erken saatlerden gece ge\u00e7 saatlere kadar hizmet veren toplu ta\u015f\u0131ma ara\u00e7lar\u0131, vatanda\u015flar\u0131n ihtiya\u00e7lar\u0131na g\u00f6re esnek bir ula\u015f\u0131m sa\u011fl\u0131yor. Engelli bireylerin ula\u015f\u0131mda kar\u015f\u0131la\u015ft\u0131klar\u0131 zorluklar\u0131 ortadan kald\u0131rmak ve her yurtta\u015f\u0131n toplu ta\u015f\u0131ma ara\u00e7lar\u0131ndan rahatl\u0131kla faydalanabilmesi amac\u0131yla, yeni nesil ara\u00e7lar\u0131n tamam\u0131 y\u00fczde 100 engellilik uyumu ta\u015f\u0131yor.<\/p>\n<p>Demir: &#8220;Yolcular\u0131n beklentilerini \u00f6n planda tutarak hizmetlerimizi s\u00fcrd\u00fcr\u00fcyoruz&#8221;<\/p>\n<p>Ba\u015fkan Vahap Se\u00e7er&#8217;in g\u00f6reve gelmesi ile birlikte bir\u00e7ok yenili\u011fe imza att\u0131klar\u0131n\u0131 s\u00f6yleyen Ula\u015f\u0131m Dairesi Ba\u015fkanl\u0131\u011f\u0131 Toplu Ta\u015f\u0131ma \u015eube M\u00fcd\u00fcr\u00fc Bayram Demir; yolcular\u0131n hijyen, maliyet, temizlik, konfor, g\u00fcvenlik gibi beklentilerini \u00f6n planda tutarak, ula\u015f\u0131m a\u011f\u0131n\u0131 daha da iyi hale getirdiklerini dile getirdi. Kent genelinde g\u00fcnde 200 bin yolcu ta\u015f\u0131d\u0131klar\u0131n\u0131 belirten Demir, vatanda\u015flar\u0131n sa\u011fl\u0131\u011f\u0131 i\u00e7in hijyenden asla taviz vermediklerini belirtti. 2019 y\u0131l\u0131nda yakla\u015f\u0131k 29 milyon olan yolcu say\u0131s\u0131n\u0131n, 2024 itibari ile 46,5 milyona ula\u015ft\u0131\u011f\u0131n\u0131, 2025 y\u0131l\u0131nda hedeflerinin 55 milyon yolcu oldu\u011funu s\u00f6zlerine ekleyen Demir, &#8220;Toplu ta\u015f\u0131madaki konforun artmas\u0131, yolcular\u0131n kendi ara\u00e7lar\u0131ndan ziyade toplu ta\u015f\u0131ma ara\u00e7lar\u0131na y\u00f6nelmesi, \u00e7evreye zararl\u0131 olan karbondioksit ve karbonmonoksit gibi gazlar\u0131n sal\u0131nmas\u0131n\u0131 da \u00f6nl\u00fcyor. Bu anlamda hem \u00e7evreyi, hem yolcular\u0131m\u0131z\u0131 koruyoruz&#8221; dedi.<\/p>\n<p>&#8220;Yolcu ta\u015f\u0131ma \u00fccretlerimiz, T\u00fcrkiye ortalamas\u0131n\u0131n alt\u0131nda&#8221;<\/p>\n<p>T\u00fcrkiye ortalamas\u0131na bak\u0131ld\u0131\u011f\u0131nda, \u00e7ok daha ekonomik bir \u00fccretle yolcu ta\u015f\u0131d\u0131klar\u0131n\u0131 kaydeden Demir, &#8220;\u00d6zellikle dar gelirli yurtta\u015flar\u0131m\u0131z otob\u00fcsleri daha \u00e7ok tercih etmekteler. \u00d6\u011frencilerimize, \u00f6\u011fretmenlerimize ve sivil yolcular\u0131m\u0131za abonman sistemi uyguluyoruz&#8221; diyerek, 65 ya\u015f \u00fcst\u00fc vatanda\u015flar\u0131n ise \u00fccretsiz bir \u015fekilde toplu ta\u015f\u0131ma ara\u00e7lar\u0131ndan faydaland\u0131\u011f\u0131n\u0131 s\u00f6yledi.<\/p>\n<p>430 arac\u0131n tamam\u0131, son teknolojik \u00f6zelliklere sahip<\/p>\n<p>Yolcular\u0131n \u00f6nemli beklentileri aras\u0131nda bulunan g\u00fcvenlik unsuru dolay\u0131s\u0131yla sabah erken saatlerde ba\u015flayan seferler, gece ge\u00e7 saatlere kadar devam ediyor. 430 adet toplu ta\u015f\u0131ma arac\u0131n\u0131n; hem yolcu hem de \u015fof\u00f6rlerin g\u00fcvenli\u011fini sa\u011flamak amac\u0131yla ara\u00e7 i\u00e7i kameralar\u0131 ile birlikte 7 g\u00fcn 24 saat izlendi\u011fi ara\u00e7larda, \u00e7arp\u0131\u015fmay\u0131 \u00f6nleme, \u015ferit takip \u00f6zelli\u011fi, k\u00f6r nokta alg\u0131lama, ara\u00e7 takip mesafesi gibi teknolojik \u00f6zellikler bulunuyor. G\u00f6rme, i\u015fitme, ortopedik engeli olan her bireyin kullan\u0131m\u0131na uygun olan toplu ta\u015f\u0131ma ara\u00e7lar\u0131mda daha \u00f6nce y\u00fczde 30 olan engelli uyumu, \u015fu anda y\u00fczde 100 seviyesi ula\u015fm\u0131\u015f durumda.<\/p>\n<p>Vatanda\u015flar\u0131n telefonlar\u0131n\u0131 \u015farj edilebilece\u011fi mekanizmalar ve wi-fi hizmetinin de bulundu\u011funu belirten ara\u00e7lar\u0131n hangi durakta oldu\u011fu, saat ve konum bilgisi, var\u0131\u015f noktalar\u0131 gibi pek \u00e7ok detay ise TEKS\u0130N uygulamas\u0131 \u00fczerinden takip edilir durumda. Vatanda\u015flar ayr\u0131ca, ak\u0131ll\u0131 durak sitemi sayesinde de dura\u011fa yakla\u015fmakta olan ara\u00e7lar hakk\u0131nda bilgi sahibi olabiliyor.<\/p>\n<p>Vatanda\u015flar; modern teknolojiyle uyumlu, \u00e7evre dostu otob\u00fcslerden memnun<\/p>\n<p>11. s\u0131n\u0131f \u00f6\u011frencisi Sudenaz Cemolar, &#8220;Hem daha ekonomik hem de evime yak\u0131n oldu\u011fu i\u00e7in ve saatleri bana uydu\u011fu i\u00e7in otob\u00fcsleri tercih ediyorum. TEKS\u0130N uygulamas\u0131nda otob\u00fcs\u00fcn saatlerini, nereden \u00e7\u0131kt\u0131\u011f\u0131n\u0131 ve nereye gidece\u011fini \u00f6\u011frenebiliyorum. Hem g\u00fczel, hem kullan\u0131\u015fl\u0131 bir uygulama&#8221; dedi.<\/p>\n<p>10. s\u0131n\u0131f \u00f6\u011frencisi Muhammed Emre Akbulut; sabahlar\u0131 okula giderken ve okul d\u00f6n\u00fc\u015flerinde B\u00fcy\u00fck\u015fehir&#8217;in toplu ta\u015f\u0131ma ara\u00e7lar\u0131n\u0131 kulland\u0131\u011f\u0131n\u0131 belirterek, &#8220;\u00c7ok g\u00fczel ve \u00e7ok uygun. Abonman da g\u00fczel ve cebimize katk\u0131 sa\u011fl\u0131yor. Ba\u015fkan\u0131m\u0131z Vahap Se\u00e7er, biz gen\u00e7leri d\u00fc\u015f\u00fcn\u00fcyor. Okuldan \u00e7\u0131karken hep TEKS\u0130N&#8217;i takip ediyorum. \u00c7ok g\u00fczel ve \u00e7ok kullan\u0131\u015fl\u0131. Wi-fi sayesinde otob\u00fcs i\u00e7inde de internette vakit ge\u00e7irebiliyoruz&#8221; dedi.<\/p>\n<p>Esra Acet ise toplu ta\u015f\u0131ma ara\u00e7lar\u0131n\u0131 \u00e7ok s\u0131k kulland\u0131\u011f\u0131n\u0131 s\u00f6yleyerek, &#8220;\u0130\u015fe gidip gelirken kullan\u0131yorum. \u0130stedi\u011fimiz yere saatinde ve dakikas\u0131nda varabiliyoruz. G\u00fcnl\u00fck temizliklerin yap\u0131ld\u0131\u011f\u0131 belli oluyor. Konforlu ve rahat bir \u015fekilde her yere ula\u015fabiliyoruz. \u0130nsan rahatl\u0131\u011f\u0131na g\u00f6re yap\u0131lm\u0131\u015f ve her \u015fey d\u00fc\u015f\u00fcn\u00fclm\u00fc\u015f. \u00c7ok memnunuz&#8221; ifadelerini kulland\u0131.<\/p>\n<p>Lise \u00f6\u011frencisi Furkan B\u00fcy\u00fck\u00e7elebi de &#8220;\u00d6\u011frenciler i\u00e7in ta\u015f\u0131ma \u00fccretinin 5 lira olmas\u0131n\u0131 \u00e7ok seviyoruz. Ula\u015f\u0131m a\u00e7\u0131s\u0131ndan bana \u00e7ok yarar\u0131 oluyor. Belediye otob\u00fcslerinin ekonomik olmas\u0131 b\u00fct\u00e7emize katk\u0131 sa\u011fl\u0131yor. Ba\u015fkan\u0131m\u0131z\u0131n bize sundu\u011fu hizmetler \u00e7ok fazla ve halk olarak bundan yararlan\u0131yoruz. Ba\u015fkan\u0131m\u0131z olarak devam etmesini isteriz&#8221; diye konu\u015ftu.<\/p>\n","protected":false},"excerpt":{"rendered":"<p>Ba\u015fkan Vahap Se\u00e7er&#8217;in g\u00f6reve gelmesi ile birlikte toplu ta\u015f\u0131mada k\u00f6kten yenilikler yapan Mersin B\u00fcy\u00fck\u015fehir Belediyesi; g\u00fc\u00e7l\u00fc ara\u00e7 filosu, \u00e7evre dostu \u00e7\u00f6z\u00fcmleri ve ak\u0131ll\u0131 ula\u015f\u0131m sistemleri ile Mersinlilere konforlu, g\u00fcvenli ve &hellip; <a href=\"https:\/\/akdenizolaygazetesi.com\/?p=34857\" class=\"more-link\">Devam\u0131n\u0131 Oku&#8230;<\/a><\/p>\n","protected":false},"author":2,"featured_media":34859,"comment_status":"open","ping_status":"open","sticky":false,"template":"","format":"standard","meta":[],"categories":[1,2,3],"tags":[],"_links":{"self":[{"href":"https:\/\/akdenizolaygazetesi.com\/index.php?rest_route=\/wp\/v2\/posts\/34857"}],"collection":[{"href":"https:\/\/akdenizolaygazetesi.com\/index.php?rest_route=\/wp\/v2\/posts"}],"about":[{"href":"https:\/\/akdenizolaygazetesi.com\/index.php?rest_route=\/wp\/v2\/types\/post"}],"author":[{"embeddable":true,"href":"https:\/\/akdenizolaygazetesi.com\/index.php?rest_route=\/wp\/v2\/users\/2"}],"replies":[{"embeddable":true,"href":"https:\/\/akdenizolaygazetesi.com\/index.php?rest_route=%2Fwp%2Fv2%2Fcomments&post=34857"}],"version-history":[{"count":1,"href":"https:\/\/akdenizolaygazetesi.com\/index.php?rest_route=\/wp\/v2\/posts\/34857\/revisions"}],"predecessor-version":[{"id":34860,"href":"https:\/\/akdenizolaygazetesi.com\/index.php?rest_route=\/wp\/v2\/posts\/34857\/revisions\/34860"}],"wp:featuredmedia":[{"embeddable":true,"href":"https:\/\/akdenizolaygazetesi.com\/index.php?rest_route=\/wp\/v2\/media\/34859"}],"wp:attachment":[{"href":"https:\/\/akdenizolaygazetesi.com\/index.php?rest_route=%2Fwp%2Fv2%2Fmedia&parent=34857"}],"wp:term":[{"taxonomy":"category","embeddable":true,"href":"https:\/\/akdenizolaygazetesi.com\/index.php?rest_route=%2Fwp%2Fv2%2Fcategories&post=34857"},{"taxonomy":"post_tag","embeddable":true,"href":"https:\/\/akdenizolaygazetesi.com\/index.php?rest_route=%2Fwp%2Fv2%2Ftags&post=34857"}],"curies":[{"name":"wp","href":"https:\/\/api.w.org\/{rel}","templated":true}]}}