{"id":34861,"date":"2025-03-13T15:32:34","date_gmt":"2025-03-13T12:32:34","guid":{"rendered":"http:\/\/akdenizolaygazetesi.com\/?p=34861"},"modified":"2025-03-13T15:32:34","modified_gmt":"2025-03-13T12:32:34","slug":"atigini-getir-altinini-gotur","status":"publish","type":"post","link":"https:\/\/akdenizolaygazetesi.com\/?p=34861","title":{"rendered":"At\u0131\u011f\u0131n\u0131 Getir, Alt\u0131n\u0131n\u0131 G\u00f6t\u00fcr\u201d"},"content":{"rendered":"<p>Mersin Erdemli Belediyesi S\u0131f\u0131r At\u0131k Projesi kapsam\u0131nda &#8216;At\u0131\u011f\u0131n\u0131 Getir, Alt\u0131n\u0131n\u0131 G\u00f6t\u00fcr&#8217; kampanyas\u0131 ba\u015flatt\u0131. Kampanya ile vatanda\u015flar\u0131n geri d\u00f6n\u00fc\u015ft\u00fcr\u00fclebilen at\u0131klar\u0131n\u0131 \u00f6d\u00fcllendirme sistemi ile toplay\u0131p hane ve \u00fclke ekonomisine katk\u0131da bulunmak ama\u00e7lan\u0131yor.<\/p>\n<p>Erdemli Belediyesi \u0130klim De\u011fi\u015fikli\u011fi ve S\u0131f\u0131r At\u0131k M\u00fcd\u00fcrl\u00fc\u011f\u00fc taraf\u0131ndan hayata ge\u00e7irilen kampanya kapsam\u0131nda, geri d\u00f6n\u00fc\u015ft\u00fcr\u00fclebilen at\u0131klar; ka\u011f\u0131t, karton, cam, plastik, metal, bitkisel at\u0131k, ya\u011f at\u0131k, pil at\u0131k, elektrikli elektronik at\u0131klar, k\u0131yafet at\u0131klar\u0131 8 farkl\u0131 grup olarak ekipler taraf\u0131ndan toplan\u0131l\u0131yor. Her bir at\u0131\u011f\u0131n kendi aralar\u0131nda puanlama sistemi bulunuyor, her bir at\u0131\u011f\u0131n kilogram\u0131na kar\u015f\u0131l\u0131k gelen puan\u0131 hesaplan\u0131yor.<\/p>\n<p>4 ay s\u00fcrmesi planlanan kampanyada, her ay bir \u00e7eyrek alt\u0131n verilecek \u015fekilde planlan\u0131yor. Toplanan at\u0131klar ay sonunda kampanya bitiminde j\u00fcri taraf\u0131ndan de\u011ferlendiriliyor ve en \u00e7ok puan\u0131 alan vatanda\u015f her ay\u0131n sonunda 1 adet \u00e7eyrek alt\u0131n ile \u00f6d\u00fcllendiriliyor. Toplanan at\u0131klar lisanl\u0131 firmalar arac\u0131l\u0131\u011f\u0131yla geri d\u00f6n\u00fc\u015f\u00fcme kazand\u0131r\u0131l\u0131yor.<\/p>\n<p>Gelecek nesillere daha ye\u015fil ve temiz bir \u00e7evre b\u0131rakmak i\u00e7in \u00e7al\u0131\u015fmalar y\u00fcr\u00fctt\u00fcklerini ifade eden Erdemli Belediye Ba\u015fkan\u0131 Mustafa Kara, &#8221; Erdemli Belediyesi olarak S\u0131f\u0131r At\u0131k Projesi&#8217;ni ba\u015flatm\u0131\u015f bulunmaktay\u0131z. &#8216;At\u0131\u011f\u0131n\u0131 Getir, Alt\u0131n\u0131n\u0131 G\u00f6t\u00fcr&#8217; projesi kapsam\u0131nda daha temiz bir Erdemli hedefiyle \u00e7al\u0131\u015fmaya devam etmekteyiz. Projemize kat\u0131lmak isteyenler Merkez Otoparktaki S\u0131f\u0131r At\u0131k Nokta&#8217;m\u0131za at\u0131klar\u0131n\u0131 getirebilirler&#8221; diye konu\u015ftu.<\/p>\n<p>Gelecek nesiller i\u00e7in \u00e7ok g\u00fczel bir kampanya oldu\u011funu ifade eden Ay\u015fenur Kalkan, &#8220;Erdemli Belediyesi&#8217;nin at\u0131k kampanyas\u0131n\u0131 duydum &#8216;At\u0131\u011f\u0131n\u0131 Getir, Alt\u0131n\u0131n\u0131 G\u00f6t\u00fcr&#8217;. \u00c7ok g\u00fczel bir kampanya. \u0130leriki nesillere temiz bir \u00e7evre b\u0131rakmak, insanlara g\u00fczel bir \u00f6rnek olmak. Projenin ileriki y\u0131llarda da devam etmesini diliyorum. Alt\u0131n kazan\u0131p kazanmamak \u00fcmidi de\u011fil ama ileriki nesillere temiz bir \u00e7evre b\u0131rakmak \u00fcmidiyle&#8221; diye konu\u015ftu.<\/p>\n<p>Hem \u00e7evreye katk\u0131 sa\u011flamak hem de alt\u0131n kazanmak istedi\u011fini ifade eden Tu\u011fba G\u00f6ktepe &#8221; Erdemli Belediyemizin S\u0131f\u0131r At\u0131k Projesini duydum geri d\u00f6n\u00fc\u015f\u00fcm ad\u0131na. Ben de \u00e7evreme katk\u0131 sa\u011flamak i\u00e7in, g\u00fczelle\u015ftirmek i\u00e7in s\u0131f\u0131r at\u0131\u011f\u0131m\u0131 getirdim. Hem \u00e7evreme katk\u0131da bulunaca\u011f\u0131m hem de alt\u0131n\u0131m\u0131 alaca\u011f\u0131m diye \u00fcmit ediyorum&#8221; diye konu\u015ftu.<\/p>\n<p>S\u0131f\u0131r At\u0131k projesini \u00e7ok faydal\u0131 buldu\u011funu ifade eden \u015eifa Koyuncu, &#8221; At\u0131klar\u0131m\u0131 getirdim ve buraya teslim ettim. Bu projenin \u00e7ok faydal\u0131 oldu\u011funu d\u00fc\u015f\u00fcn\u00fcyorum&#8221; diye konu\u015ftu.<\/p>\n<p>Uygulamay\u0131 \u00e7ok be\u011fendi\u011fini ifade eden Cennet \u00c7etin, &#8221; Bu uygulamay\u0131 \u00e7ok be\u011feniyoruz. Arkada\u015flar\u0131m da tavsiye etti, uygulamay\u0131 g\u00f6sterdi. Evdeki e\u015fyalar\u0131m\u0131z\u0131, at\u0131klar\u0131m\u0131z\u0131 ayr\u0131\u015ft\u0131rarak getirip ayr\u0131 bir \u015fekilde buraya at\u0131yoruz. Ayr\u0131ca alt\u0131n veriyormu\u015f bu uygulama \u00e7ok g\u00fczel bir \u015fey herkesi de te\u015fvik eder. Memnunuz devam\u0131n\u0131 bekliyoruz, herkese tavsiye ediyoruz&#8221; diye konu\u015ftu.<\/p>\n<p>\u00d6te yandan kampanya hakk\u0131nda detayl\u0131 bilgi almak isteyen vatanda\u015flar 444 5 609 ileti\u015fim hatt\u0131, Erdemli Belediyesi kurumsal web sayfas\u0131 ve \u0130klim De\u011fi\u015fikli\u011fi ve S\u0131f\u0131r At\u0131k M\u00fcd\u00fcrl\u00fc\u011f\u00fc ile ileti\u015fime ge\u00e7ebiliyor.<\/p>\n","protected":false},"excerpt":{"rendered":"<p>Mersin Erdemli Belediyesi S\u0131f\u0131r At\u0131k Projesi kapsam\u0131nda &#8216;At\u0131\u011f\u0131n\u0131 Getir, Alt\u0131n\u0131n\u0131 G\u00f6t\u00fcr&#8217; kampanyas\u0131 ba\u015flatt\u0131. Kampanya ile vatanda\u015flar\u0131n geri d\u00f6n\u00fc\u015ft\u00fcr\u00fclebilen at\u0131klar\u0131n\u0131 \u00f6d\u00fcllendirme sistemi ile toplay\u0131p hane ve \u00fclke ekonomisine katk\u0131da bulunmak ama\u00e7lan\u0131yor. &hellip; <a href=\"https:\/\/akdenizolaygazetesi.com\/?p=34861\" class=\"more-link\">Devam\u0131n\u0131 Oku&#8230;<\/a><\/p>\n","protected":false},"author":2,"featured_media":34862,"comment_status":"open","ping_status":"open","sticky":false,"template":"","format":"standard","meta":[],"categories":[1,2,3],"tags":[],"_links":{"self":[{"href":"https:\/\/akdenizolaygazetesi.com\/index.php?rest_route=\/wp\/v2\/posts\/34861"}],"collection":[{"href":"https:\/\/akdenizolaygazetesi.com\/index.php?rest_route=\/wp\/v2\/posts"}],"about":[{"href":"https:\/\/akdenizolaygazetesi.com\/index.php?rest_route=\/wp\/v2\/types\/post"}],"author":[{"embeddable":true,"href":"https:\/\/akdenizolaygazetesi.com\/index.php?rest_route=\/wp\/v2\/users\/2"}],"replies":[{"embeddable":true,"href":"https:\/\/akdenizolaygazetesi.com\/index.php?rest_route=%2Fwp%2Fv2%2Fcomments&post=34861"}],"version-history":[{"count":1,"href":"https:\/\/akdenizolaygazetesi.com\/index.php?rest_route=\/wp\/v2\/posts\/34861\/revisions"}],"predecessor-version":[{"id":34863,"href":"https:\/\/akdenizolaygazetesi.com\/index.php?rest_route=\/wp\/v2\/posts\/34861\/revisions\/34863"}],"wp:featuredmedia":[{"embeddable":true,"href":"https:\/\/akdenizolaygazetesi.com\/index.php?rest_route=\/wp\/v2\/media\/34862"}],"wp:attachment":[{"href":"https:\/\/akdenizolaygazetesi.com\/index.php?rest_route=%2Fwp%2Fv2%2Fmedia&parent=34861"}],"wp:term":[{"taxonomy":"category","embeddable":true,"href":"https:\/\/akdenizolaygazetesi.com\/index.php?rest_route=%2Fwp%2Fv2%2Fcategories&post=34861"},{"taxonomy":"post_tag","embeddable":true,"href":"https:\/\/akdenizolaygazetesi.com\/index.php?rest_route=%2Fwp%2Fv2%2Ftags&post=34861"}],"curies":[{"name":"wp","href":"https:\/\/api.w.org\/{rel}","templated":true}]}}