{"id":34888,"date":"2025-03-17T15:23:56","date_gmt":"2025-03-17T12:23:56","guid":{"rendered":"http:\/\/akdenizolaygazetesi.com\/?p=34888"},"modified":"2025-03-17T15:23:56","modified_gmt":"2025-03-17T12:23:56","slug":"mezitlide-soli-kent-yuruyus-parkinin-temeli-atiliyor","status":"publish","type":"post","link":"https:\/\/akdenizolaygazetesi.com\/?p=34888","title":{"rendered":"MEZ\u0130TL\u0130&#8217;DE SOL\u0130 KENT Y\u00dcR\u00dcY\u00dc\u015e PARKI&#8217;NIN TEMEL\u0130 ATILIYOR"},"content":{"rendered":"<p>Mezitli Belediye Ba\u015fkan\u0131 Ahmet Serkan Tuncer&#8217;in Mezitli&#8217;nin g\u00f6z al\u0131c\u0131 sahil alan\u0131nda hayata ge\u00e7irece\u011fi projelerden olan Soli Kent Y\u00fcr\u00fcy\u00fc\u015f Park\u0131 projesinin 1. Etap temel atma t\u00f6reni 18 Mart Sal\u0131 g\u00fcn\u00fc saat 16:00&#8217;da, Denizhan 2 Sitesi Biti\u015f Noktas\u0131 -Soli Sahili&#8217;nde ger\u00e7ekle\u015ftirilecek. Ba\u015fkan Tuncer; &#8221;Temel atma t\u00f6renimize t\u00fcm vatanda\u015flar\u0131m\u0131z davetlidir&#8221; dedi.<\/p>\n<p>Ba\u015fkan Tuncer, se\u00e7im \u00f6ncesinde vaat etti\u011fi projeleri bir bir yerine getiriyor. Ba\u015fkan Tuncer&#8217;in se\u00e7im \u00f6ncesinde hayata ge\u00e7irece\u011fi projeler aras\u0131nda yer alan olan Soli Kent Y\u00fcr\u00fcy\u00fc\u015f Park\u0131 projesinin 1. Etap temeli at\u0131l\u0131yor.  Mezitli Belediyesi, Mezitli&#8217;nin g\u00f6z al\u0131c\u0131 sahilini daha da g\u00fczelle\u015ftirmek ve vatanda\u015flara keyifli vakit ge\u00e7irebilecekleri yeni bir ya\u015fam alan\u0131 sunmak amac\u0131yla hayata ge\u00e7irdi\u011fi Soli Kent Y\u00fcr\u00fcy\u00fc\u015f Park\u0131 projesiyle sahile yepyeni g\u00f6r\u00fcn\u00fcm kazand\u0131racak.<\/p>\n<p>18 Mart Sal\u0131 g\u00fcn\u00fc saat 16:00&#8217;da, Denizhan 2 Sitesi Biti\u015f Noktas\u0131 -Soli Sahili&#8217;nde d\u00fczenlenecek t\u00f6rene t\u00fcm halk davetlidir.<\/p>\n<p>&#8212;<br \/>\nMezitli Belediyesi<\/p>\n","protected":false},"excerpt":{"rendered":"<p>Mezitli Belediye Ba\u015fkan\u0131 Ahmet Serkan Tuncer&#8217;in Mezitli&#8217;nin g\u00f6z al\u0131c\u0131 sahil alan\u0131nda hayata ge\u00e7irece\u011fi projelerden olan Soli Kent Y\u00fcr\u00fcy\u00fc\u015f Park\u0131 projesinin 1. Etap temel atma t\u00f6reni 18 Mart Sal\u0131 g\u00fcn\u00fc saat &hellip; <a href=\"https:\/\/akdenizolaygazetesi.com\/?p=34888\" class=\"more-link\">Devam\u0131n\u0131 Oku&#8230;<\/a><\/p>\n","protected":false},"author":2,"featured_media":34889,"comment_status":"open","ping_status":"open","sticky":false,"template":"","format":"standard","meta":[],"categories":[1,2,3],"tags":[],"_links":{"self":[{"href":"https:\/\/akdenizolaygazetesi.com\/index.php?rest_route=\/wp\/v2\/posts\/34888"}],"collection":[{"href":"https:\/\/akdenizolaygazetesi.com\/index.php?rest_route=\/wp\/v2\/posts"}],"about":[{"href":"https:\/\/akdenizolaygazetesi.com\/index.php?rest_route=\/wp\/v2\/types\/post"}],"author":[{"embeddable":true,"href":"https:\/\/akdenizolaygazetesi.com\/index.php?rest_route=\/wp\/v2\/users\/2"}],"replies":[{"embeddable":true,"href":"https:\/\/akdenizolaygazetesi.com\/index.php?rest_route=%2Fwp%2Fv2%2Fcomments&post=34888"}],"version-history":[{"count":1,"href":"https:\/\/akdenizolaygazetesi.com\/index.php?rest_route=\/wp\/v2\/posts\/34888\/revisions"}],"predecessor-version":[{"id":34890,"href":"https:\/\/akdenizolaygazetesi.com\/index.php?rest_route=\/wp\/v2\/posts\/34888\/revisions\/34890"}],"wp:featuredmedia":[{"embeddable":true,"href":"https:\/\/akdenizolaygazetesi.com\/index.php?rest_route=\/wp\/v2\/media\/34889"}],"wp:attachment":[{"href":"https:\/\/akdenizolaygazetesi.com\/index.php?rest_route=%2Fwp%2Fv2%2Fmedia&parent=34888"}],"wp:term":[{"taxonomy":"category","embeddable":true,"href":"https:\/\/akdenizolaygazetesi.com\/index.php?rest_route=%2Fwp%2Fv2%2Fcategories&post=34888"},{"taxonomy":"post_tag","embeddable":true,"href":"https:\/\/akdenizolaygazetesi.com\/index.php?rest_route=%2Fwp%2Fv2%2Ftags&post=34888"}],"curies":[{"name":"wp","href":"https:\/\/api.w.org\/{rel}","templated":true}]}}