{"id":34927,"date":"2025-03-19T15:49:25","date_gmt":"2025-03-19T12:49:25","guid":{"rendered":"http:\/\/akdenizolaygazetesi.com\/?p=34927"},"modified":"2025-03-19T15:49:25","modified_gmt":"2025-03-19T12:49:25","slug":"canakkale-ruhu-okul-koridorlarinda-yeniden-canlandi","status":"publish","type":"post","link":"https:\/\/akdenizolaygazetesi.com\/?p=34927","title":{"rendered":"\u00c7ANAKKALE RUHU OKUL KOR\u0130DORLARINDA YEN\u0130DEN CANLANDI"},"content":{"rendered":"<p>Yeni\u015fehir \u0130lkokulu \u00f6\u011frencilerinin haz\u0131rlad\u0131\u011f\u0131 &#8220;18 Mart \u00c7anakkale Zaferi ve \u015eehitleri Anma G\u00fcn\u00fc Sergisi&#8221;, ziyaret edenleri bir zaman yolculu\u011funa \u00e7\u0131kard\u0131. \u00c7anakkale&#8217;nin destans\u0131 ruhunu yans\u0131tan serginin a\u00e7\u0131l\u0131\u015f\u0131 \u0130l Mill\u00ee E\u011fitim M\u00fcd\u00fcr\u00fc Fazilet Durmu\u015f&#8217;un kat\u0131l\u0131m\u0131yla yap\u0131ld\u0131.<\/p>\n<p>Sergide, \u00f6\u011frencilerimizin kendi elleriyle haz\u0131rlad\u0131\u011f\u0131, \u00c7anakkale Zaferi&#8217;ni anlatan resimler, maketler ve o d\u00f6neme ait tarihi objeler yer ald\u0131. Her bir eser, ziyaret\u00e7ilere o zorlu g\u00fcnlerin kahramanl\u0131k destan\u0131n\u0131 yeniden ya\u015fatt\u0131.<\/p>\n<p>\u0130l Mill\u00ee E\u011fitim M\u00fcd\u00fcr\u00fc Fazilet Durmu\u015f, sergiyi gezerken \u00f6\u011frencilerimizin \u00e7al\u0131\u015fmalar\u0131na \u00e7ok be\u011fendi\u011fini ifade ederek onlar\u0131n tarih bilincinin ne kadar g\u00fc\u00e7l\u00fc oldu\u011funu g\u00f6rmekten duydu\u011fu memnuniyeti dile getirdi.<\/p>\n<p>Serginin ard\u0131ndan \u00f6\u011fretmenler odas\u0131nda \u00f6\u011fretmenlerimizle bir araya gelen Fazilet Durmu\u015f, \u00f6\u011fretmenlik mesle\u011finin \u00f6nemine de\u011findi, \u00f6\u011fretmenlerin mesuliyetlerinin \u00e7ok b\u00fcy\u00fck oldu\u011funu da ifade eden Durmu\u015f, T\u00fcrkiye Y\u00fczy\u0131l\u0131&#8217;n\u0131n mimar\u0131 olacak evlatlar\u0131m\u0131z\u0131 \u00f6\u011fretmenlerimizin yeti\u015ftirdi\u011fini vurgulad\u0131. <\/p>\n<p>Ziyarette \u0130l Mill\u00ee E\u011fitim M\u00fcd\u00fcr\u00fc Fazilet Durmu\u015f&#8217;a \u0130l Mill\u00ee E\u011fitim M\u00fcd\u00fcr Yard\u0131mc\u0131s\u0131 Fatih Bur\u011fut e\u015flik etti.<\/p>\n","protected":false},"excerpt":{"rendered":"<p>Yeni\u015fehir \u0130lkokulu \u00f6\u011frencilerinin haz\u0131rlad\u0131\u011f\u0131 &#8220;18 Mart \u00c7anakkale Zaferi ve \u015eehitleri Anma G\u00fcn\u00fc Sergisi&#8221;, ziyaret edenleri bir zaman yolculu\u011funa \u00e7\u0131kard\u0131. \u00c7anakkale&#8217;nin destans\u0131 ruhunu yans\u0131tan serginin a\u00e7\u0131l\u0131\u015f\u0131 \u0130l Mill\u00ee E\u011fitim M\u00fcd\u00fcr\u00fc Fazilet &hellip; <a href=\"https:\/\/akdenizolaygazetesi.com\/?p=34927\" class=\"more-link\">Devam\u0131n\u0131 Oku&#8230;<\/a><\/p>\n","protected":false},"author":2,"featured_media":34928,"comment_status":"open","ping_status":"open","sticky":false,"template":"","format":"standard","meta":[],"categories":[1,2,3],"tags":[],"_links":{"self":[{"href":"https:\/\/akdenizolaygazetesi.com\/index.php?rest_route=\/wp\/v2\/posts\/34927"}],"collection":[{"href":"https:\/\/akdenizolaygazetesi.com\/index.php?rest_route=\/wp\/v2\/posts"}],"about":[{"href":"https:\/\/akdenizolaygazetesi.com\/index.php?rest_route=\/wp\/v2\/types\/post"}],"author":[{"embeddable":true,"href":"https:\/\/akdenizolaygazetesi.com\/index.php?rest_route=\/wp\/v2\/users\/2"}],"replies":[{"embeddable":true,"href":"https:\/\/akdenizolaygazetesi.com\/index.php?rest_route=%2Fwp%2Fv2%2Fcomments&post=34927"}],"version-history":[{"count":1,"href":"https:\/\/akdenizolaygazetesi.com\/index.php?rest_route=\/wp\/v2\/posts\/34927\/revisions"}],"predecessor-version":[{"id":34929,"href":"https:\/\/akdenizolaygazetesi.com\/index.php?rest_route=\/wp\/v2\/posts\/34927\/revisions\/34929"}],"wp:featuredmedia":[{"embeddable":true,"href":"https:\/\/akdenizolaygazetesi.com\/index.php?rest_route=\/wp\/v2\/media\/34928"}],"wp:attachment":[{"href":"https:\/\/akdenizolaygazetesi.com\/index.php?rest_route=%2Fwp%2Fv2%2Fmedia&parent=34927"}],"wp:term":[{"taxonomy":"category","embeddable":true,"href":"https:\/\/akdenizolaygazetesi.com\/index.php?rest_route=%2Fwp%2Fv2%2Fcategories&post=34927"},{"taxonomy":"post_tag","embeddable":true,"href":"https:\/\/akdenizolaygazetesi.com\/index.php?rest_route=%2Fwp%2Fv2%2Ftags&post=34927"}],"curies":[{"name":"wp","href":"https:\/\/api.w.org\/{rel}","templated":true}]}}