{"id":34933,"date":"2025-03-19T15:51:26","date_gmt":"2025-03-19T12:51:26","guid":{"rendered":"http:\/\/akdenizolaygazetesi.com\/?p=34933"},"modified":"2025-03-19T15:51:26","modified_gmt":"2025-03-19T12:51:26","slug":"plastiksiz-mersin-sahili-icin-brukselde-adim-atildi","status":"publish","type":"post","link":"https:\/\/akdenizolaygazetesi.com\/?p=34933","title":{"rendered":"PLAST\u0130KS\u0130Z MERS\u0130N SAH\u0130L\u0130 \u0130\u00c7\u0130N BR\u00dcKSEL&#8217;DE ADIM ATILDI"},"content":{"rendered":"<p>Mersin B\u00fcy\u00fck\u015fehir Belediyesi, Akdeniz ve Mersin&#8217;in k\u0131y\u0131 restorasyonuna y\u00f6nelik y\u00fcr\u00fctt\u00fc\u011f\u00fc ve gelecekte y\u00fcr\u00fctmeyi planlad\u0131\u011f\u0131 projeler ile Avrupa Komisyonu&#8217;nun &#8216;2030 Okyanuslar ve Sular\u0131n Restorasyonu Misyon&#8217; t\u00fcz\u00fc\u011f\u00fc resmi destek\u00e7ilerinden biri oldu.<\/p>\n<p>Mersin B\u00fcy\u00fck\u015fehir Belediyesi, Akdeniz ve Mersin&#8217;in k\u0131y\u0131 restorasyonuna y\u00f6nelik y\u00fcr\u00fctt\u00fc\u011f\u00fc ve gelecekte y\u00fcr\u00fctmeyi planlad\u0131\u011f\u0131 projeler ile Avrupa Komisyonu&#8217;nun &#8216;2030 Okyanuslar ve Sular\u0131n Restorasyonu Misyon&#8217; t\u00fcz\u00fc\u011f\u00fc resmi destek\u00e7ilerinden biri oldu. Afet \u0130\u015fleri Dairesi Ba\u015fkan\u0131 Dr. Kemal Zorlu, &#8216;Horizon Europe 2021-2027&#8217; kapsam\u0131nda Avrupa Komisyonu taraf\u0131ndan REMEDIES konsorsiyumu arac\u0131l\u0131\u011f\u0131yla fonlanan &#8216;Plastiksiz Mersin Sahilleri i\u00e7in Birle\u015fiyoruz Projesi&#8217;ni Br\u00fcksel&#8217;de anlatt\u0131.<\/p>\n<p>Mersin, iklim de\u011fi\u015fikli\u011fine daha diren\u00e7li bir kent haline gelecek<\/p>\n<p>Mersin B\u00fcy\u00fck\u015fehir Belediyesi&#8217;nin y\u00fcr\u00fctt\u00fc\u011f\u00fc k\u0131y\u0131 ekosistemini koruma, iyile\u015ftirme ve iklim de\u011fi\u015fikli\u011fine dayan\u0131kl\u0131 bir k\u0131y\u0131 kenti olma y\u00f6n\u00fcndeki faaliyetleri, Avrupa \u00f6l\u00e7e\u011finde g\u00f6r\u00fcn\u00fcr hale geldi. T\u00fcz\u00fc\u011f\u00fcn destek\u00e7ilerinden birisi olan Afet \u0130\u015fleri Dairesi Ba\u015fkanl\u0131\u011f\u0131, Mersin&#8217;in k\u0131y\u0131 ekosisteminin korunmas\u0131na y\u00f6nelik kentsel dayan\u0131kl\u0131l\u0131\u011f\u0131 artt\u0131racak projeler i\u00e7in de fon f\u0131rsatlar\u0131 yaratt\u0131.<\/p>\n<p>2030 Okyanuslar ve Sular\u0131n Restorasyonu Misyon t\u00fcz\u00fc\u011f\u00fc kapsam\u0131nda her y\u0131l destek\u00e7i kurumlar bir araya geliyor. Bu y\u0131l 3.&#8217;s\u00fc Br\u00fcksel&#8217;de d\u00fczenlenen &#8216;Y\u0131ll\u0131k Avrupa Okyanuslar ve Sular\u0131n Restorasyonu Forumu&#8217;na, Mersin B\u00fcy\u00fck\u015fehir Belediyesi de davet edildi. Toplant\u0131; t\u00fcz\u00fck destek\u00e7ileri ve payda\u015flarla ba\u011flant\u0131 kurmak, misyonun stratejik oda\u011f\u0131n\u0131 ve geli\u015ftirilen yenilik\u00e7i \u00e7\u00f6z\u00fcmlerin \u00f6l\u00e7eklendirilmesi, \u00e7o\u011falt\u0131lmas\u0131 ve yayg\u0131nla\u015ft\u0131r\u0131lmas\u0131 i\u00e7in gerekli ad\u0131mlar\u0131 tart\u0131\u015fmak i\u00e7in her y\u0131l farkl\u0131 bir \u00fclkede yap\u0131lmakta.<\/p>\n<p>Forum kapsam\u0131nda; proje koordinat\u00f6rleri, kurum ve \u015fehir temsilcilerinin kat\u0131laca\u011f\u0131 \u00f6zel toplant\u0131lardan, bal\u0131k\u00e7\u0131l\u0131k ve s\u00fcrd\u00fcr\u00fclebilirlik diyaloglar\u0131na ve Avrupa Birli\u011fi&#8217;nin su direnci stratejisine y\u00f6nelik \u00fcst d\u00fczey toplant\u0131lara kadar bir\u00e7ok \u00f6nemli etkinlik de ger\u00e7ekle\u015ftirildi.<\/p>\n","protected":false},"excerpt":{"rendered":"<p>Mersin B\u00fcy\u00fck\u015fehir Belediyesi, Akdeniz ve Mersin&#8217;in k\u0131y\u0131 restorasyonuna y\u00f6nelik y\u00fcr\u00fctt\u00fc\u011f\u00fc ve gelecekte y\u00fcr\u00fctmeyi planlad\u0131\u011f\u0131 projeler ile Avrupa Komisyonu&#8217;nun &#8216;2030 Okyanuslar ve Sular\u0131n Restorasyonu Misyon&#8217; t\u00fcz\u00fc\u011f\u00fc resmi destek\u00e7ilerinden biri oldu. Mersin &hellip; <a href=\"https:\/\/akdenizolaygazetesi.com\/?p=34933\" class=\"more-link\">Devam\u0131n\u0131 Oku&#8230;<\/a><\/p>\n","protected":false},"author":2,"featured_media":34934,"comment_status":"open","ping_status":"open","sticky":false,"template":"","format":"standard","meta":[],"categories":[1,2,3],"tags":[],"_links":{"self":[{"href":"https:\/\/akdenizolaygazetesi.com\/index.php?rest_route=\/wp\/v2\/posts\/34933"}],"collection":[{"href":"https:\/\/akdenizolaygazetesi.com\/index.php?rest_route=\/wp\/v2\/posts"}],"about":[{"href":"https:\/\/akdenizolaygazetesi.com\/index.php?rest_route=\/wp\/v2\/types\/post"}],"author":[{"embeddable":true,"href":"https:\/\/akdenizolaygazetesi.com\/index.php?rest_route=\/wp\/v2\/users\/2"}],"replies":[{"embeddable":true,"href":"https:\/\/akdenizolaygazetesi.com\/index.php?rest_route=%2Fwp%2Fv2%2Fcomments&post=34933"}],"version-history":[{"count":1,"href":"https:\/\/akdenizolaygazetesi.com\/index.php?rest_route=\/wp\/v2\/posts\/34933\/revisions"}],"predecessor-version":[{"id":34935,"href":"https:\/\/akdenizolaygazetesi.com\/index.php?rest_route=\/wp\/v2\/posts\/34933\/revisions\/34935"}],"wp:featuredmedia":[{"embeddable":true,"href":"https:\/\/akdenizolaygazetesi.com\/index.php?rest_route=\/wp\/v2\/media\/34934"}],"wp:attachment":[{"href":"https:\/\/akdenizolaygazetesi.com\/index.php?rest_route=%2Fwp%2Fv2%2Fmedia&parent=34933"}],"wp:term":[{"taxonomy":"category","embeddable":true,"href":"https:\/\/akdenizolaygazetesi.com\/index.php?rest_route=%2Fwp%2Fv2%2Fcategories&post=34933"},{"taxonomy":"post_tag","embeddable":true,"href":"https:\/\/akdenizolaygazetesi.com\/index.php?rest_route=%2Fwp%2Fv2%2Ftags&post=34933"}],"curies":[{"name":"wp","href":"https:\/\/api.w.org\/{rel}","templated":true}]}}