{"id":34939,"date":"2025-03-19T15:52:59","date_gmt":"2025-03-19T12:52:59","guid":{"rendered":"http:\/\/akdenizolaygazetesi.com\/?p=34939"},"modified":"2025-03-19T15:52:59","modified_gmt":"2025-03-19T12:52:59","slug":"soli-kent-yuruyus-parki-temel-atma-toreni-gerceklestirildi","status":"publish","type":"post","link":"https:\/\/akdenizolaygazetesi.com\/?p=34939","title":{"rendered":"SOL\u0130 KENT Y\u00dcR\u00dcY\u00dc\u015e PARKI TEMEL ATMA T\u00d6REN\u0130 GER\u00c7EKLE\u015eT\u0130R\u0130LD\u0130"},"content":{"rendered":"<p>Ba\u015fkan Tuncer&#8217;in se\u00e7im \u00f6ncesi s\u00f6z verilen projelerden biri daha hayata ge\u00e7iyor. Mezitli sahillerini daha modern ve kullan\u0131\u015fl\u0131 hale getirecek olan Soli Kent Y\u00fcr\u00fcy\u00fc\u015f Park\u0131 Projesi i\u00e7in temel atma t\u00f6reni yo\u011fun bir kat\u0131l\u0131mla ger\u00e7ekle\u015ftirildi. Ba\u015fkan Tuncer, &#8220;Daha g\u00f6reve geldi\u011fimiz ilk zamanlardan itibaren bir\u00e7ok projeyi hayata ge\u00e7irmenin, s\u00f6zlerimizi bir bir tutuyor olmam\u0131z\u0131n mutlulu\u011funu ve gururunu ya\u015f\u0131yoruz.&#8221; dedi.<\/p>\n<p>Temel atma t\u00f6reninde konu\u015fan Mezitli Belediye Ba\u015fkan\u0131 Ahmet Serkan Tuncer, vatanda\u015flardan gelen yo\u011fun ilgiye te\u015fekk\u00fcr ederek, g\u00f6reve geldikleri ilk g\u00fcnden itibaren Mezitli&#8217;nin daha ya\u015fanabilir ve modern bir kent olmas\u0131 i\u00e7in \u00e7al\u0131\u015ft\u0131klar\u0131n\u0131 belirtti. Ba\u015fkan Tuncer, bu projeyle sahil \u015feridini hem koruyup hem de g\u00fczelle\u015ftirdiklerini ifade ederek, se\u00e7im \u00f6ncesi verdikleri projeleri birer birer hayata ge\u00e7irmenin mutlulu\u011funu ya\u015fad\u0131klar\u0131n\u0131 s\u00f6yledi. Soli Kent Y\u00fcr\u00fcy\u00fc\u015f Park\u0131&#8217;n\u0131n sadece bug\u00fcne de\u011fil, Mezitli&#8217;nin gelece\u011fine de yat\u0131r\u0131m oldu\u011funu vurgulayan Ba\u015fkan Tuncer, projelerinin h\u0131z kesmeden devam edece\u011fini belirtti.<\/p>\n<p>8200 METREL\u0130K Y\u00dcR\u00dcY\u00dc\u015e VE YA\u015eAM ALANI<\/p>\n<p>Toplamda 8200 metre uzunlu\u011fa sahip olan Soli Kent Y\u00fcr\u00fcy\u00fc\u015f Park\u0131 Projesi, iki etap halinde planland\u0131. \u0130lk etap, 2100 metre uzunlu\u011funda olup Denizhan 2 Sitesi&#8217;nden ba\u015flayarak Kandak Deresi&#8217;ne kadar uzan\u0131yor. \u0130kinci etap ise 6100 metre uzunlu\u011fundaki k\u0131sm\u0131yla Davultepe&#8217;den ba\u015flay\u0131p, \u00c7e\u015fmeli&#8217;ye kadar devam edecek.<\/p>\n<p>SOSYAL DONATILAR MEZ\u0130TL\u0130&#8217;YE YEN\u0130 YA\u015eAM ALANI SUNACAK<\/p>\n<p>Proje kapsam\u0131nda sahil boyunca geni\u015f \u00e7apl\u0131 bir d\u00fczenleme ger\u00e7ekle\u015ftirilecek. \u00c7evre d\u00fczenlemesi ile alan daha kullan\u0131\u015fl\u0131 hale getirilecek. Ye\u015fil alanlar korunarak do\u011fal g\u00fczelliklerle uyumlu peyzaj d\u00fczenlemeleri yap\u0131lacak. Plaj d\u00fczenlemeleriyle deniz kenarlar\u0131 sosyal tesis alanlar\u0131na d\u00f6n\u00fc\u015ft\u00fcr\u00fclecek. \u00c7ocuklar i\u00e7in g\u00fcvenle oyun oynayabilecekleri alanlar kurulacak. Y\u00fcr\u00fcy\u00fc\u015f parkuru boyunca sabit kafeler ve maksimum 200 metre aral\u0131klarla du\u015f alanlar\u0131 yer alacak. Y\u00fcr\u00fcy\u00fc\u015f yollar\u0131 sahilin g\u00fcney k\u0131sm\u0131nda, bisiklet yollar\u0131 ise kuzey k\u0131sm\u0131nda planlanarak vatanda\u015flar\u0131n hizmetine sunulacak.<\/p>\n<p>VATANDA\u015eLARDAN PROJEYE TAM PUAN<\/p>\n<p>Temel atma t\u00f6renine kat\u0131lan vatanda\u015flar, Mezitli sahillerinin modern bir g\u00f6r\u00fcn\u00fcme kavu\u015facak olmas\u0131ndan duyduklar\u0131 memnuniyeti dile getirdi. Uzun y\u0131llard\u0131r bu b\u00f6lgede ya\u015fayan vatanda\u015flar bu projeyi uzun zamand\u0131r beklediklerini belirterek, sahillerin hem daha g\u00fczel hem de daha kullan\u0131\u015fl\u0131 hale gelece\u011fi i\u00e7in memnun olduklar\u0131n\u0131 ifade etti.<\/p>\n<p>&#8220;MEZ\u0130TL\u0130 TUR\u0130ZM\u0130N G\u00d6Z BEBE\u011e\u0130 OLACAK&#8221;<\/p>\n<p>Ba\u015fkan Tuncer, t\u00f6renin ard\u0131ndan yapt\u0131\u011f\u0131 a\u00e7\u0131klamada projeye olan yo\u011fun ilgiden duydu\u011fu memnuniyeti dile getirerek, Mezitli&#8217;nin sahillerini sadece Mersin&#8217;e de\u011fil, t\u00fcm T\u00fcrkiye&#8217;ye \u00f6rnek hale getireceklerini s\u00f6yledi. Turizmin g\u00f6z bebe\u011fi olacak sahil d\u00fczenlemeleriyle vatanda\u015flar\u0131n huzurla vakit ge\u00e7irebilece\u011fi alanlar olu\u015fturduklar\u0131n\u0131 belirten Ba\u015fkan Tuncer, bu projenin yaln\u0131zca bir ba\u015flang\u0131\u00e7 oldu\u011funu ve sahil d\u00fczenlemelerinin h\u0131z kesmeden devam edece\u011fini vurgulad\u0131.<\/p>\n","protected":false},"excerpt":{"rendered":"<p>Ba\u015fkan Tuncer&#8217;in se\u00e7im \u00f6ncesi s\u00f6z verilen projelerden biri daha hayata ge\u00e7iyor. Mezitli sahillerini daha modern ve kullan\u0131\u015fl\u0131 hale getirecek olan Soli Kent Y\u00fcr\u00fcy\u00fc\u015f Park\u0131 Projesi i\u00e7in temel atma t\u00f6reni yo\u011fun &hellip; <a href=\"https:\/\/akdenizolaygazetesi.com\/?p=34939\" class=\"more-link\">Devam\u0131n\u0131 Oku&#8230;<\/a><\/p>\n","protected":false},"author":2,"featured_media":34940,"comment_status":"open","ping_status":"open","sticky":false,"template":"","format":"standard","meta":[],"categories":[1,2,3],"tags":[],"_links":{"self":[{"href":"https:\/\/akdenizolaygazetesi.com\/index.php?rest_route=\/wp\/v2\/posts\/34939"}],"collection":[{"href":"https:\/\/akdenizolaygazetesi.com\/index.php?rest_route=\/wp\/v2\/posts"}],"about":[{"href":"https:\/\/akdenizolaygazetesi.com\/index.php?rest_route=\/wp\/v2\/types\/post"}],"author":[{"embeddable":true,"href":"https:\/\/akdenizolaygazetesi.com\/index.php?rest_route=\/wp\/v2\/users\/2"}],"replies":[{"embeddable":true,"href":"https:\/\/akdenizolaygazetesi.com\/index.php?rest_route=%2Fwp%2Fv2%2Fcomments&post=34939"}],"version-history":[{"count":1,"href":"https:\/\/akdenizolaygazetesi.com\/index.php?rest_route=\/wp\/v2\/posts\/34939\/revisions"}],"predecessor-version":[{"id":34941,"href":"https:\/\/akdenizolaygazetesi.com\/index.php?rest_route=\/wp\/v2\/posts\/34939\/revisions\/34941"}],"wp:featuredmedia":[{"embeddable":true,"href":"https:\/\/akdenizolaygazetesi.com\/index.php?rest_route=\/wp\/v2\/media\/34940"}],"wp:attachment":[{"href":"https:\/\/akdenizolaygazetesi.com\/index.php?rest_route=%2Fwp%2Fv2%2Fmedia&parent=34939"}],"wp:term":[{"taxonomy":"category","embeddable":true,"href":"https:\/\/akdenizolaygazetesi.com\/index.php?rest_route=%2Fwp%2Fv2%2Fcategories&post=34939"},{"taxonomy":"post_tag","embeddable":true,"href":"https:\/\/akdenizolaygazetesi.com\/index.php?rest_route=%2Fwp%2Fv2%2Ftags&post=34939"}],"curies":[{"name":"wp","href":"https:\/\/api.w.org\/{rel}","templated":true}]}}