{"id":34951,"date":"2025-03-20T14:57:45","date_gmt":"2025-03-20T11:57:45","guid":{"rendered":"http:\/\/akdenizolaygazetesi.com\/?p=34951"},"modified":"2025-03-20T14:57:45","modified_gmt":"2025-03-20T11:57:45","slug":"buyuksehirden-iklim-degisikligine-karsi-onemli-adim","status":"publish","type":"post","link":"https:\/\/akdenizolaygazetesi.com\/?p=34951","title":{"rendered":"B\u00dcY\u00dcK\u015eEH\u0130R&#8217;DEN \u0130KL\u0130M DE\u011e\u0130\u015e\u0130KL\u0130\u011e\u0130NE KAR\u015eI \u00d6NEML\u0130 ADIM"},"content":{"rendered":"<p>Mersin B\u00fcy\u00fck\u015fehir Belediyesi \u00c7evre Koruma ve Kontrol Dairesi Ba\u015fkanl\u0131\u011f\u0131&#8217;n\u0131n &#8220;\u0130klim De\u011fi\u015fikli\u011fine Adaptasyon \u0130\u00e7in Harekete Ge\u00e7&#8221; projesinin faaliyetlerinden biri olan &#8216;\u0130klim Eylem Plan\u0131&#8217;n\u0131n Haz\u0131rlanmas\u0131&#8217; kapsam\u0131nda, payda\u015flar\u0131n kat\u0131l\u0131m\u0131yla \u00e7evrimi\u00e7i ortamda \u00e7al\u0131\u015ftay ger\u00e7ekle\u015ftirildi. Mersin&#8217;deki kamu kurum ve kurulu\u015flar\u0131, \u00fcniversiteler, sivil toplum kurulu\u015flar\u0131, il m\u00fcd\u00fcrl\u00fckleri ve meslek odalar\u0131n\u0131n kat\u0131l\u0131m sa\u011flad\u0131\u011f\u0131 \u00e7al\u0131\u015ftayda, Mersin&#8217;in iklim de\u011fi\u015fikli\u011fine kar\u015f\u0131 daha diren\u00e7li hale getirilmesi i\u00e7in at\u0131lacak ad\u0131mlar ele al\u0131nd\u0131.<\/p>\n<p> Mersin B\u00fcy\u00fck\u015fehir Belediyesi \u00c7evre Koruma ve Kontrol Dairesi Ba\u015fkanl\u0131\u011f\u0131&#8217;n\u0131n &#8220;\u0130klim De\u011fi\u015fikli\u011fine Adaptasyon \u0130\u00e7in Harekete Ge\u00e7&#8221; projesinin faaliyetlerinden biri olan &#8216;\u0130klim Eylem Plan\u0131&#8217;n\u0131n Haz\u0131rlanmas\u0131&#8217; kapsam\u0131nda, \u00e7evrim i\u00e7i ortamda \u00e7al\u0131\u015ftay ger\u00e7ekle\u015ftirildi. T\u00dcB\u0130TAK Marmara Ara\u015ft\u0131rma Merkezi&#8217;nin (MAM) moderat\u00f6rl\u00fc\u011f\u00fcnde d\u00fczenlenen \u00e7al\u0131\u015ftaya; Mersin&#8217;deki kamu kurum ve kurulu\u015flar\u0131, \u00fcniversiteler, sivil toplum kurulu\u015flar\u0131, il m\u00fcd\u00fcrl\u00fckleri ve meslek odalar\u0131 kat\u0131l\u0131m sa\u011flad\u0131.<\/p>\n<p>Mersin&#8217;in iklim de\u011fi\u015fikli\u011fine kar\u015f\u0131 daha diren\u00e7li hale getirilmesi i\u00e7in at\u0131lacak ad\u0131mlar ele al\u0131nd\u0131<\/p>\n<p>Toplant\u0131n\u0131n a\u00e7\u0131l\u0131\u015f konu\u015fmas\u0131, Mersin B\u00fcy\u00fck\u015fehir Belediyesi \u00c7evre Koruma ve Kontrol Dairesi Ba\u015fkan\u0131 ve Proje Koordinat\u00f6r\u00fc Dr. B\u00fclent Halisdemir taraf\u0131ndan ger\u00e7ekle\u015ftirildi. A\u00e7\u0131l\u0131\u015f konu\u015fmas\u0131nda, Mersin&#8217;in iklim de\u011fi\u015fikli\u011fine uyum kapasitesini art\u0131rmaya y\u00f6nelik bir eylem plan\u0131n\u0131n haz\u0131rlanmas\u0131n\u0131n hedeflendi\u011fi vurguland\u0131. Ard\u0131ndan, T\u00dcB\u0130TAK MAM&#8217;dan K\u0131demli Ba\u015fuzman Ara\u015ft\u0131rmac\u0131 Dr. Deniz Sar\u0131, proje bilgilendirme sunumu yapt\u0131. \u00c7al\u0131\u015ftay\u0131n devam\u0131nda, sekt\u00f6rel oturumlara ayr\u0131larak her oturumda &#8220;Kritik Sekt\u00f6rlerin ve Alanlar\u0131n \u00d6nceliklendirilmesi&#8221;ne y\u00f6nelik de\u011ferlendirmeler yap\u0131ld\u0131.<\/p>\n<p>Ger\u00e7ekle\u015ftirilen \u00e7evrim i\u00e7i \u00e7al\u0131\u015ftayda, Mersin&#8217;in iklim de\u011fi\u015fikli\u011fine kar\u015f\u0131 daha diren\u00e7li hale getirilmesi i\u00e7in at\u0131lacak ad\u0131mlar ele al\u0131nd\u0131. Mersin B\u00fcy\u00fck\u015fehir Belediyesi, iklim de\u011fi\u015fikli\u011fi ile m\u00fccadele ve uyum konusundaki \u00e7al\u0131\u015fmalar\u0131n\u0131 kararl\u0131l\u0131kla s\u00fcrd\u00fcrmeye devam edecek.<\/p>\n","protected":false},"excerpt":{"rendered":"<p>Mersin B\u00fcy\u00fck\u015fehir Belediyesi \u00c7evre Koruma ve Kontrol Dairesi Ba\u015fkanl\u0131\u011f\u0131&#8217;n\u0131n &#8220;\u0130klim De\u011fi\u015fikli\u011fine Adaptasyon \u0130\u00e7in Harekete Ge\u00e7&#8221; projesinin faaliyetlerinden biri olan &#8216;\u0130klim Eylem Plan\u0131&#8217;n\u0131n Haz\u0131rlanmas\u0131&#8217; kapsam\u0131nda, payda\u015flar\u0131n kat\u0131l\u0131m\u0131yla \u00e7evrimi\u00e7i ortamda \u00e7al\u0131\u015ftay ger\u00e7ekle\u015ftirildi. &hellip; <a href=\"https:\/\/akdenizolaygazetesi.com\/?p=34951\" class=\"more-link\">Devam\u0131n\u0131 Oku&#8230;<\/a><\/p>\n","protected":false},"author":2,"featured_media":34952,"comment_status":"open","ping_status":"open","sticky":false,"template":"","format":"standard","meta":[],"categories":[1,2,3],"tags":[],"_links":{"self":[{"href":"https:\/\/akdenizolaygazetesi.com\/index.php?rest_route=\/wp\/v2\/posts\/34951"}],"collection":[{"href":"https:\/\/akdenizolaygazetesi.com\/index.php?rest_route=\/wp\/v2\/posts"}],"about":[{"href":"https:\/\/akdenizolaygazetesi.com\/index.php?rest_route=\/wp\/v2\/types\/post"}],"author":[{"embeddable":true,"href":"https:\/\/akdenizolaygazetesi.com\/index.php?rest_route=\/wp\/v2\/users\/2"}],"replies":[{"embeddable":true,"href":"https:\/\/akdenizolaygazetesi.com\/index.php?rest_route=%2Fwp%2Fv2%2Fcomments&post=34951"}],"version-history":[{"count":1,"href":"https:\/\/akdenizolaygazetesi.com\/index.php?rest_route=\/wp\/v2\/posts\/34951\/revisions"}],"predecessor-version":[{"id":34953,"href":"https:\/\/akdenizolaygazetesi.com\/index.php?rest_route=\/wp\/v2\/posts\/34951\/revisions\/34953"}],"wp:featuredmedia":[{"embeddable":true,"href":"https:\/\/akdenizolaygazetesi.com\/index.php?rest_route=\/wp\/v2\/media\/34952"}],"wp:attachment":[{"href":"https:\/\/akdenizolaygazetesi.com\/index.php?rest_route=%2Fwp%2Fv2%2Fmedia&parent=34951"}],"wp:term":[{"taxonomy":"category","embeddable":true,"href":"https:\/\/akdenizolaygazetesi.com\/index.php?rest_route=%2Fwp%2Fv2%2Fcategories&post=34951"},{"taxonomy":"post_tag","embeddable":true,"href":"https:\/\/akdenizolaygazetesi.com\/index.php?rest_route=%2Fwp%2Fv2%2Ftags&post=34951"}],"curies":[{"name":"wp","href":"https:\/\/api.w.org\/{rel}","templated":true}]}}