{"id":35018,"date":"2025-03-26T15:43:56","date_gmt":"2025-03-26T12:43:56","guid":{"rendered":"http:\/\/akdenizolaygazetesi.com\/?p=35018"},"modified":"2025-03-26T15:43:56","modified_gmt":"2025-03-26T12:43:56","slug":"chpli-gulcan-kis-hukuk-sessiz-kalinca-ahlaksizlik-cesaret-buluyor","status":"publish","type":"post","link":"https:\/\/akdenizolaygazetesi.com\/?p=35018","title":{"rendered":"CHP\u2019li G\u00fclcan K\u0131\u015f: \u201cHukuk Sessiz Kal\u0131nca Ahlaks\u0131zl\u0131k Cesaret Buluyor\u201d"},"content":{"rendered":"<p>CHP Mersin Milletvekili G\u00fclcan K\u0131\u015f, TBMM Genel Kurulu&#8217;nda yapt\u0131\u011f\u0131 konu\u015fmada \u0130stanbul B\u00fcy\u00fck\u015fehir Belediye Ba\u015fkan\u0131 Ekrem \u0130mamo\u011flu&#8217;nun tutuklanmas\u0131na tepki g\u00f6sterdi. &#8220;Bu karar demokrasiye vurulmu\u015f bir darbedir&#8221; diyen G\u00fclcan K\u0131\u015f, pazar g\u00fcn\u00fc yap\u0131lan cumhurba\u015fkan\u0131 adayl\u0131\u011f\u0131 \u00f6nse\u00e7iminde 15 milyon vatanda\u015f\u0131n oyunu alan \u0130stanbul B\u00fcy\u00fck\u015fehir Belediye Ba\u015fkan\u0131 ve Cumhuriyet Halk Partisi&#8217;nin Cumhurba\u015fkan\u0131 aday\u0131 Ekrem \u0130mamo\u011flu&#8217;nun e\u015fi Dilek \u0130mamo\u011flu&#8217;na y\u00f6nelik sosyal medya \u00fczerinden yap\u0131lan sald\u0131r\u0131lara da dikkat \u00e7ekti.<\/p>\n<p>CHP&#8217;li G\u00fclcan K\u0131\u015f, &#8220;Siyasi rekabetin ilkesizle\u015ferek kad\u0131nlar\u0131 hedef almas\u0131, g\u00fc\u00e7 kaybedenlerin \u00e7aresizli\u011fini ve siyasetin nas\u0131l kirli bir araca d\u00f6n\u00fc\u015ft\u00fc\u011f\u00fcn\u00fc a\u00e7\u0131k\u00e7a g\u00f6stermektedir&#8221; ifadelerini kulland\u0131.<\/p>\n<p>Aileyi hedef alan sald\u0131r\u0131lar\u0131n, muhalif siyaset\u00e7ileri susturmak i\u00e7in kullan\u0131lan bir y\u00f6ntem haline geldi\u011fini vurgulayan G\u00fclcan K\u0131\u015f, &#8220;Fikirleri susturman\u0131n yolu aileye dil uzatmak de\u011fildir. Bu ahlaks\u0131zl\u0131\u011fa sessiz kalanlar su\u00e7a ortakt\u0131r. Hukukun \u00fcst\u00fcnl\u00fc\u011f\u00fc i\u00e7in insan onuru korunmal\u0131d\u0131r. Siyasi ahlak bu seviyesizli\u011fi reddetmeyi gerektirir&#8221; dedi.<\/p>\n<p>G\u00fclcan K\u0131\u015f, konu\u015fmas\u0131nda hukuktaki \u00e7ifte standarda da dikkat \u00e7ekti. Cumhurba\u015fkan\u0131n\u0131n ailesine y\u00f6nelik s\u00f6zler kar\u015f\u0131s\u0131nda jet h\u0131z\u0131nda soru\u015fturma ba\u015flatan yarg\u0131n\u0131n, Ekrem \u0130mamo\u011flu&#8217;nun e\u015fine yap\u0131lan ahlaks\u0131z sald\u0131r\u0131lar kar\u015f\u0131s\u0131nda sessizli\u011fe g\u00f6m\u00fcld\u00fc\u011f\u00fcn\u00fc belirterek, &#8220;Cumhurba\u015fkan\u0131na hakaret konusunda g\u00f6sterilen hassasiyet, muhalefet liderlerinin aileleri i\u00e7in de g\u00f6sterilmelidir. Hukuk ki\u015fiye g\u00f6re i\u015flememelidir&#8221; ifadelerini kulland\u0131.<\/p>\n<p>CHP Mersin Milletvekili G\u00fclcan K\u0131\u015f, &#8220;Biz iktidara geldi\u011fimizde size yap\u0131lanlar\u0131 aynen yapmayaca\u011f\u0131z. \u00c7\u00fcnk\u00fc bizim anlay\u0131\u015f\u0131m\u0131zda adalet herkes i\u00e7indir. Hukuk herkesin can ve mal g\u00fcvenli\u011fini sa\u011flar; kimse kimsenin onuruna, \u015ferefine, haysiyetine el uzatamaz. Bu \u00fclkenin gelece\u011fini belirleyecek olanlar iftirac\u0131lar de\u011fil, onurlu duru\u015f sergileyenler olacakt\u0131r&#8221; diyerek s\u00f6zlerini tamamlad\u0131.<\/p>\n","protected":false},"excerpt":{"rendered":"<p>CHP Mersin Milletvekili G\u00fclcan K\u0131\u015f, TBMM Genel Kurulu&#8217;nda yapt\u0131\u011f\u0131 konu\u015fmada \u0130stanbul B\u00fcy\u00fck\u015fehir Belediye Ba\u015fkan\u0131 Ekrem \u0130mamo\u011flu&#8217;nun tutuklanmas\u0131na tepki g\u00f6sterdi. &#8220;Bu karar demokrasiye vurulmu\u015f bir darbedir&#8221; diyen G\u00fclcan K\u0131\u015f, pazar g\u00fcn\u00fc &hellip; <a href=\"https:\/\/akdenizolaygazetesi.com\/?p=35018\" class=\"more-link\">Devam\u0131n\u0131 Oku&#8230;<\/a><\/p>\n","protected":false},"author":2,"featured_media":35019,"comment_status":"open","ping_status":"open","sticky":false,"template":"","format":"standard","meta":[],"categories":[1,2,3],"tags":[],"_links":{"self":[{"href":"https:\/\/akdenizolaygazetesi.com\/index.php?rest_route=\/wp\/v2\/posts\/35018"}],"collection":[{"href":"https:\/\/akdenizolaygazetesi.com\/index.php?rest_route=\/wp\/v2\/posts"}],"about":[{"href":"https:\/\/akdenizolaygazetesi.com\/index.php?rest_route=\/wp\/v2\/types\/post"}],"author":[{"embeddable":true,"href":"https:\/\/akdenizolaygazetesi.com\/index.php?rest_route=\/wp\/v2\/users\/2"}],"replies":[{"embeddable":true,"href":"https:\/\/akdenizolaygazetesi.com\/index.php?rest_route=%2Fwp%2Fv2%2Fcomments&post=35018"}],"version-history":[{"count":1,"href":"https:\/\/akdenizolaygazetesi.com\/index.php?rest_route=\/wp\/v2\/posts\/35018\/revisions"}],"predecessor-version":[{"id":35020,"href":"https:\/\/akdenizolaygazetesi.com\/index.php?rest_route=\/wp\/v2\/posts\/35018\/revisions\/35020"}],"wp:featuredmedia":[{"embeddable":true,"href":"https:\/\/akdenizolaygazetesi.com\/index.php?rest_route=\/wp\/v2\/media\/35019"}],"wp:attachment":[{"href":"https:\/\/akdenizolaygazetesi.com\/index.php?rest_route=%2Fwp%2Fv2%2Fmedia&parent=35018"}],"wp:term":[{"taxonomy":"category","embeddable":true,"href":"https:\/\/akdenizolaygazetesi.com\/index.php?rest_route=%2Fwp%2Fv2%2Fcategories&post=35018"},{"taxonomy":"post_tag","embeddable":true,"href":"https:\/\/akdenizolaygazetesi.com\/index.php?rest_route=%2Fwp%2Fv2%2Ftags&post=35018"}],"curies":[{"name":"wp","href":"https:\/\/api.w.org\/{rel}","templated":true}]}}