{"id":35026,"date":"2025-04-07T15:49:14","date_gmt":"2025-04-07T12:49:14","guid":{"rendered":"http:\/\/akdenizolaygazetesi.com\/?p=35026"},"modified":"2025-04-07T15:49:14","modified_gmt":"2025-04-07T12:49:14","slug":"buyuksehirin-iklimle-ilgili-calismalarina-gcomdan-rozet","status":"publish","type":"post","link":"https:\/\/akdenizolaygazetesi.com\/?p=35026","title":{"rendered":"B\u00dcY\u00dcK\u015eEH\u0130R&#8217;\u0130N \u0130KL\u0130MLE \u0130LG\u0130L\u0130 \u00c7ALI\u015eMALARINA GCoM&#8217;DAN ROZET"},"content":{"rendered":"\n<p>Mersin B\u00fcy\u00fck\u015fehir Belediyesi \u0130klim De\u011fi\u015fikli\u011fi ve S\u0131f\u0131r At\u0131k Dairesi Ba\u015fkanl\u0131\u011f\u0131, iklim de\u011fi\u015fikli\u011fi ile m\u00fccadelede y\u00fcr\u00fctt\u00fc\u011f\u00fc uyum ve azalt\u0131m \u00e7al\u0131\u015fmalar\u0131 ile 3 adet uluslararas\u0131 ba\u015far\u0131 rozetine lay\u0131k g\u00f6r\u00fcld\u00fc. Belediye Ba\u015fkanlar\u0131 K\u00fcresel \u0130klim ve Enerji S\u00f6zle\u015fmesi&#8217;ne (GCoM) \u00fcyeli\u011fi kapsam\u0131nda \u00f6d\u00fcl alan B\u00fcy\u00fck\u015fehir; azalt\u0131m ve uyum \u00e7al\u0131\u015fmalar\u0131na y\u00f6nelik haz\u0131rlanan eylem plan\u0131 ile &#8220;Azaltma&#8221;, &#8220;Adaptasyon&#8221;, &#8220;Enerji Eri\u015fimi ve Yoksulluk&#8221; rozetlerini kazand\u0131.<\/p>\n<p>Mersin B\u00fcy\u00fck\u015fehir Belediyesi \u0130klim De\u011fi\u015fikli\u011fi ve S\u0131f\u0131r At\u0131k Dairesi Ba\u015fkanl\u0131\u011f\u0131, iklim de\u011fi\u015fikli\u011fi ile m\u00fccadelede y\u00fcr\u00fctt\u00fc\u011f\u00fc uyum ve azalt\u0131m \u00e7al\u0131\u015fmalar\u0131 ile 3 adet uluslararas\u0131 ba\u015far\u0131 rozetine lay\u0131k g\u00f6r\u00fcld\u00fc. Belediye Ba\u015fkanlar\u0131 K\u00fcresel \u0130klim ve Enerji S\u00f6zle\u015fmesi&#8217;ne (GCoM) \u00fcyeli\u011fi kapsam\u0131nda \u00f6d\u00fcl alan B\u00fcy\u00fck\u015fehir; azalt\u0131m ve uyum \u00e7al\u0131\u015fmalar\u0131na y\u00f6nelik haz\u0131rlanan eylem plan\u0131 ile &#8220;Azaltma&#8221;, &#8220;Adaptasyon&#8221;, &#8220;Enerji Eri\u015fimi ve Yoksulluk&#8221; rozetlerini kazand\u0131.<\/p>\n<p>\u0130klim de\u011fi\u015fikli\u011fiyle m\u00fccadeleye kendini adam\u0131\u015f \u015fehirler, yerel y\u00f6netimler ve ortaklardan olu\u015fan en b\u00fcy\u00fck uluslararas\u0131 ittifak olan GCoM&#8217;a \u00fcye olan Mersin B\u00fcy\u00fck\u015fehir Belediyesi; iklime diren\u00e7li bir kent yaratmak i\u00e7in \u00e7al\u0131\u015fmalar\u0131na h\u0131z kesmeden devam ediyor. Gelecek nesillere ya\u015fan\u0131labilir bir kent b\u0131rakmak ad\u0131na \u00e7al\u0131\u015fmalar y\u00fcr\u00fcten \u0130klim De\u011fi\u015fikli\u011fi ve S\u0131f\u0131r At\u0131k Dairesi Ba\u015fkanl\u0131\u011f\u0131, 9 etkili de\u011ferlendirme a\u015famas\u0131n\u0131n 7&#8217;sinde ba\u015far\u0131 sa\u011flayarak 3 adet rozete hak kazand\u0131. B\u00f6ylelikle Mersin B\u00fcy\u00fck\u015fehir, T\u00fcrkiye&#8217;deki b\u00fcy\u00fck\u015fehir belediyeleri aras\u0131nda en y\u00fcksek puanlamaya sahip 4 belediyeden birisi oldu.<\/p>\n<p>Mersin Emisyon Envanteri Raporu (2019-2023), Mersin \u0130klim De\u011fi\u015fikli\u011fi Risk ve K\u0131r\u0131lganl\u0131k Analizi Raporu, Mersin S\u00fcrd\u00fcr\u00fclebilir Enerji ve \u0130klim Eylem Plan\u0131 (SECAP) projelerini GCoM&#8217;a sunan B\u00fcy\u00fck\u015fehir; &#8220;Azaltma&#8221; ve &#8220;Adaptasyon&#8221; rozetlerinden tam puan ald\u0131. &#8220;Enerji ve Yoksulluk&#8221; rozetinde enerji ile ilgili hedef olmamas\u0131 nedeniyle B\u00fcy\u00fck\u015fehir, enerjiyi iyile\u015ftirmeye a\u00e7\u0131k alan olarak belirleyerek ana g\u00fcndem haline getirdi. B\u00fcy\u00fck\u015fehir ayr\u0131ca; Mersin&#8217;in k\u00fcresel iklim krizi ile m\u00fccadelesinde g\u00f6r\u00fcn\u00fcrl\u00fc\u011f\u00fcn\u00fcn art\u0131r\u0131lmas\u0131 ve yapm\u0131\u015f oldu\u011fu projelerle, kentlinin en \u00fcst d\u00fczeyde fayda sa\u011flamas\u0131 i\u00e7in yapt\u0131\u011f\u0131 projelere yenilerini ekleyece\u011fi mesaj\u0131n\u0131 da verdi.<\/p>\n<p>Dr. Ku\u015fatan: &#8220;B\u00fcy\u00fck\u015fehir, uluslararas\u0131 fon ve kredilere daha kolay eri\u015febilecek&#8221;<\/p>\n<p>6 k\u0131tadan 144 \u00fclkenin i\u00e7inde bulundu\u011fu GCoM&#8217;da Mersin&#8217;in b\u00fcy\u00fck bir ba\u015far\u0131 elde etti\u011fini s\u00f6yleyen \u0130klim De\u011fi\u015fikli\u011fi ve Yenilebilir Enerji \u015eube M\u00fcd\u00fcr\u00fc Dr. Zafer Ku\u015fatan, &#8220;Mersin B\u00fcy\u00fck\u015fehir Belediyesi olarak 2021 y\u0131l\u0131nda bu \u00e7al\u0131\u015fmalar\u0131m\u0131za ba\u015flayarak, platforma \u00fcye olduk. GCoM&#8217;un alt \u00e7al\u0131\u015fmalar\u0131nda SECAP ile iklim risk ve k\u0131r\u0131lganl\u0131k raporlar\u0131m\u0131z\u0131 haz\u0131rlad\u0131k. B\u00f6ylece kentimiz uluslararas\u0131 platformda \u00e7evreye duyarl\u0131l\u0131kla ilgili bir ba\u015far\u0131 elde etti&#8221; dedi.<\/p>\n<p>GCoM&#8217; un kenti ve insan\u0131 odak alarak 3 ana ba\u015fl\u0131kta de\u011ferlendirmeler yapt\u0131\u011f\u0131n\u0131 ve sosyolojik olarak da de\u011ferlendirmelerde bulundu\u011funun alt\u0131n\u0131 \u00e7izen Dr. Ku\u015fatan, &#8220;Mersin B\u00fcy\u00fck\u015fehir Belediyesi, 9 kriterden 7&#8217;sini sa\u011flayarak ba\u015far\u0131 elde etmi\u015f olup, T\u00fcrkiye&#8217;deki b\u00fcy\u00fck\u015fehirler aras\u0131nda \u00fcst s\u0131ralarda yerini alm\u0131\u015ft\u0131r.&#8221; dedi. Yap\u0131lan \u00e7al\u0131\u015fmalar sayesinde Mersin B\u00fcy\u00fck\u015fehir&#8217;in uluslararas\u0131 fon ve kredilere de eri\u015fiminin kolayla\u015faca\u011f\u0131na dikkat \u00e7eken Dr. Ku\u015fatan, projelerin daha etkin ve h\u0131zl\u0131 y\u00fcr\u00fct\u00fclmesini sa\u011flayacakt\u0131r dedi.<\/p>\n<p>\u0130klim de\u011fi\u015fikli\u011finin etkilerinin k\u00fcresel boyutta ya\u015fand\u0131\u011f\u0131na de\u011finen Ku\u015fatan, &#8220;Yapt\u0131\u011f\u0131m\u0131z projeler ile iklim de\u011fi\u015fikli\u011finin dolayl\u0131 etkilerinden en az etkilenebilecek \u015fekilde bertaraf\u0131n\u0131 sa\u011flam\u0131\u015f olaca\u011f\u0131z. Bu sayede de vatanda\u015flar\u0131m\u0131z daha huzurlu ve ya\u015fanabilir, kaliteli bir kentte bulunmu\u015f olacaklar&#8221; s\u00f6zlerine yer verdi.<\/p>\n<p>Belediye Ba\u015fkanlar\u0131 K\u00fcresel \u0130klim ve Enerji S\u00f6zle\u015fmesi (GCoM) nedir?<\/p>\n<p>Belediye Ba\u015fkanlar\u0131 K\u00fcresel  \u0130klim ve Enerji S\u00f6zle\u015fmesi, vatanda\u015flar\u0131 i\u00e7in daha iyi bir gelecek g\u00fcvence alt\u0131na almak isteyen binlerce yerel y\u00f6netimi bir araya getiren Avrupa Komisyonu taraf\u0131ndan desteklenen bir giri\u015fimdir. Yerel y\u00f6netimler GCoM&#8217;a kat\u0131larak, AB iklim ve enerji hedeflerini g\u00f6n\u00fcll\u00fc olarak uygulamaya koymay\u0131 taahh\u00fct ederler. (https:\/\/www.globalcovenantofmayors.org\/cities\/middle-east-and-north-africa\/turkey\/mersin-metropolitan-municipality\/).<\/p>\n","protected":false},"excerpt":{"rendered":"<p>Mersin B\u00fcy\u00fck\u015fehir Belediyesi \u0130klim De\u011fi\u015fikli\u011fi ve S\u0131f\u0131r At\u0131k Dairesi Ba\u015fkanl\u0131\u011f\u0131, iklim de\u011fi\u015fikli\u011fi ile m\u00fccadelede y\u00fcr\u00fctt\u00fc\u011f\u00fc uyum ve azalt\u0131m \u00e7al\u0131\u015fmalar\u0131 ile 3 adet uluslararas\u0131 ba\u015far\u0131 rozetine lay\u0131k g\u00f6r\u00fcld\u00fc. Belediye Ba\u015fkanlar\u0131 K\u00fcresel &hellip; <a href=\"https:\/\/akdenizolaygazetesi.com\/?p=35026\" class=\"more-link\">Devam\u0131n\u0131 Oku&#8230;<\/a><\/p>\n","protected":false},"author":2,"featured_media":35027,"comment_status":"open","ping_status":"open","sticky":false,"template":"","format":"standard","meta":[],"categories":[1,2,3],"tags":[],"_links":{"self":[{"href":"https:\/\/akdenizolaygazetesi.com\/index.php?rest_route=\/wp\/v2\/posts\/35026"}],"collection":[{"href":"https:\/\/akdenizolaygazetesi.com\/index.php?rest_route=\/wp\/v2\/posts"}],"about":[{"href":"https:\/\/akdenizolaygazetesi.com\/index.php?rest_route=\/wp\/v2\/types\/post"}],"author":[{"embeddable":true,"href":"https:\/\/akdenizolaygazetesi.com\/index.php?rest_route=\/wp\/v2\/users\/2"}],"replies":[{"embeddable":true,"href":"https:\/\/akdenizolaygazetesi.com\/index.php?rest_route=%2Fwp%2Fv2%2Fcomments&post=35026"}],"version-history":[{"count":1,"href":"https:\/\/akdenizolaygazetesi.com\/index.php?rest_route=\/wp\/v2\/posts\/35026\/revisions"}],"predecessor-version":[{"id":35028,"href":"https:\/\/akdenizolaygazetesi.com\/index.php?rest_route=\/wp\/v2\/posts\/35026\/revisions\/35028"}],"wp:featuredmedia":[{"embeddable":true,"href":"https:\/\/akdenizolaygazetesi.com\/index.php?rest_route=\/wp\/v2\/media\/35027"}],"wp:attachment":[{"href":"https:\/\/akdenizolaygazetesi.com\/index.php?rest_route=%2Fwp%2Fv2%2Fmedia&parent=35026"}],"wp:term":[{"taxonomy":"category","embeddable":true,"href":"https:\/\/akdenizolaygazetesi.com\/index.php?rest_route=%2Fwp%2Fv2%2Fcategories&post=35026"},{"taxonomy":"post_tag","embeddable":true,"href":"https:\/\/akdenizolaygazetesi.com\/index.php?rest_route=%2Fwp%2Fv2%2Ftags&post=35026"}],"curies":[{"name":"wp","href":"https:\/\/api.w.org\/{rel}","templated":true}]}}