{"id":35066,"date":"2025-04-16T15:16:38","date_gmt":"2025-04-16T12:16:38","guid":{"rendered":"http:\/\/akdenizolaygazetesi.com\/?p=35066"},"modified":"2025-04-16T15:16:38","modified_gmt":"2025-04-16T12:16:38","slug":"avadan-mahallesinin-icme-suyu-ihtiyaci-artik-berdandan-karsilanacak","status":"publish","type":"post","link":"https:\/\/akdenizolaygazetesi.com\/?p=35066","title":{"rendered":"AVADAN MAHALLES\u0130&#8217;N\u0130N \u0130\u00c7ME SUYU \u0130HT\u0130YACI ARTIK BERDAN&#8217;DAN KAR\u015eILANACAK"},"content":{"rendered":"<p>Altyap\u0131 \u00e7al\u0131\u015fmalar\u0131n\u0131 t\u00fcm il\u00e7elerde titizlikle s\u00fcrd\u00fcren MESK\u0130, Tarsus il\u00e7esi Avadan Mahallesi&#8217;nin i\u00e7me suyu altyap\u0131s\u0131n\u0131 yeniliyor. \u00c7al\u0131\u015fma kapsam\u0131nda Berdan \u0130\u00e7me Suyu Ar\u0131tma Tesisi&#8217;nden yakla\u015f\u0131k 3 bin metre uzunlu\u011funda terfili i\u00e7me suyu hatt\u0131 d\u00f6\u015fenecek. Bu sayede Avadan sakinlerinin i\u00e7me suyu ihtiyac\u0131 art\u0131k Berdan kayna\u011f\u0131ndan kar\u015f\u0131lanacak.<\/p>\n<p>Mersin B\u00fcy\u00fck\u015fehir Belediyesi Mersin Su ve Kanalizasyon \u0130daresi (MESK\u0130) Genel M\u00fcd\u00fcrl\u00fc\u011f\u00fc, Tarsus il\u00e7esi Avadan Mahallesi&#8217;nin i\u00e7me suyu altyap\u0131s\u0131n\u0131 yeniliyor.<\/p>\n<p>MESK\u0130, Tarsus il\u00e7esi Avadan Mahallesi&#8217;nde ekonomik \u00f6mr\u00fcn\u00fc dolduran i\u00e7me suyu borular\u0131n\u0131, Berdan \u0130\u00e7me Suyu Ar\u0131tma Tesisi&#8217;nden yakla\u015f\u0131k 3 bin metre uzunlu\u011fundaki terfili i\u00e7me suyu hatt\u0131 ile yeniliyor. Uzun y\u0131llard\u0131r sondaj suyu kullanan Avadan sakinleri, \u00e7al\u0131\u015fman\u0131n tamamlanmas\u0131yla birlikte Berdan kayna\u011f\u0131ndan daha temiz ve kesintisiz i\u00e7me suyuna kavu\u015fmu\u015f olacak.<\/p>\n<p>Avadan Mahallesi Muhtar\u0131 Mustafa Al\u00e7\u0131, i\u00e7me suyunu art\u0131k Berdan&#8217;dan kullanacaklar\u0131 i\u00e7in sevin\u00e7li oldu\u011funu belirterek; &#8220;K\u00f6y\u00fcm\u00fcz\u00fcn 40 y\u0131ll\u0131k su sorununu \u00e7\u00f6zd\u00fc\u011f\u00fc i\u00e7in Vahap Se\u00e7er Ba\u015fkan\u0131m\u0131za k\u00f6y\u00fcm\u00fcz ad\u0131na te\u015fekk\u00fcr ediyorum&#8221; dedi.<\/p>\n<p>Mahalle sakini Harun \u015eahin, \u00f6\u011fretmenlikten emekli olduktan sonra k\u00f6y\u00fcne yerle\u015fti\u011fini ve \u00e7ok uzun zamand\u0131r su sorunu ya\u015fad\u0131klar\u0131n\u0131 belirterek; &#8220;Say\u0131n Ba\u015fkan\u0131m\u0131z Vahap Bey&#8217;e ilettiler. Onlar da 40 y\u0131ll\u0131k bu sorunumuzu bitirmek \u00fczereler. Dolay\u0131s\u0131yla hizmet yar\u0131\u015f\u0131nda Vahap Ba\u015fkan&#8217;a te\u015fekk\u00fcr ediyorum. Bu yap\u0131lan hizmet k\u00f6ye yap\u0131lm\u0131\u015ft\u0131r. Atat\u00fcrk; &#8216;k\u00f6yl\u00fc milletin efendisidir&#8217; demi\u015f. O zaman milletin efendisine hizmet eden ba\u015fta B\u00fcy\u00fck\u015fehir Belediye Ba\u015fkan\u0131m\u0131za, MESK\u0130 \u00e7al\u0131\u015fanlar\u0131na te\u015fekk\u00fcr ediyorum&#8221; diye konu\u015ftu.<\/p>\n","protected":false},"excerpt":{"rendered":"<p>Altyap\u0131 \u00e7al\u0131\u015fmalar\u0131n\u0131 t\u00fcm il\u00e7elerde titizlikle s\u00fcrd\u00fcren MESK\u0130, Tarsus il\u00e7esi Avadan Mahallesi&#8217;nin i\u00e7me suyu altyap\u0131s\u0131n\u0131 yeniliyor. \u00c7al\u0131\u015fma kapsam\u0131nda Berdan \u0130\u00e7me Suyu Ar\u0131tma Tesisi&#8217;nden yakla\u015f\u0131k 3 bin metre uzunlu\u011funda terfili i\u00e7me suyu &hellip; <a href=\"https:\/\/akdenizolaygazetesi.com\/?p=35066\" class=\"more-link\">Devam\u0131n\u0131 Oku&#8230;<\/a><\/p>\n","protected":false},"author":2,"featured_media":0,"comment_status":"open","ping_status":"open","sticky":false,"template":"","format":"standard","meta":[],"categories":[1,2,3],"tags":[],"_links":{"self":[{"href":"https:\/\/akdenizolaygazetesi.com\/index.php?rest_route=\/wp\/v2\/posts\/35066"}],"collection":[{"href":"https:\/\/akdenizolaygazetesi.com\/index.php?rest_route=\/wp\/v2\/posts"}],"about":[{"href":"https:\/\/akdenizolaygazetesi.com\/index.php?rest_route=\/wp\/v2\/types\/post"}],"author":[{"embeddable":true,"href":"https:\/\/akdenizolaygazetesi.com\/index.php?rest_route=\/wp\/v2\/users\/2"}],"replies":[{"embeddable":true,"href":"https:\/\/akdenizolaygazetesi.com\/index.php?rest_route=%2Fwp%2Fv2%2Fcomments&post=35066"}],"version-history":[{"count":1,"href":"https:\/\/akdenizolaygazetesi.com\/index.php?rest_route=\/wp\/v2\/posts\/35066\/revisions"}],"predecessor-version":[{"id":35068,"href":"https:\/\/akdenizolaygazetesi.com\/index.php?rest_route=\/wp\/v2\/posts\/35066\/revisions\/35068"}],"wp:attachment":[{"href":"https:\/\/akdenizolaygazetesi.com\/index.php?rest_route=%2Fwp%2Fv2%2Fmedia&parent=35066"}],"wp:term":[{"taxonomy":"category","embeddable":true,"href":"https:\/\/akdenizolaygazetesi.com\/index.php?rest_route=%2Fwp%2Fv2%2Fcategories&post=35066"},{"taxonomy":"post_tag","embeddable":true,"href":"https:\/\/akdenizolaygazetesi.com\/index.php?rest_route=%2Fwp%2Fv2%2Ftags&post=35066"}],"curies":[{"name":"wp","href":"https:\/\/api.w.org\/{rel}","templated":true}]}}