{"id":35107,"date":"2025-04-22T15:04:27","date_gmt":"2025-04-22T12:04:27","guid":{"rendered":"http:\/\/akdenizolaygazetesi.com\/?p=35107"},"modified":"2025-04-22T15:04:27","modified_gmt":"2025-04-22T12:04:27","slug":"sizlerin-basarisindan-mutlu-oluyoruz","status":"publish","type":"post","link":"https:\/\/akdenizolaygazetesi.com\/?p=35107","title":{"rendered":"&#8220;S\u0130ZLER\u0130N BA\u015eARISINDAN MUTLU OLUYORUZ&#8221;"},"content":{"rendered":"<p>K\u0131r \u00c7i\u00e7ekleri projesinden yeti\u015fen ve 9 Nisan&#8217;da S\u0131rbistan&#8217;da d\u00fczenlenen Liseleraras\u0131 D\u00fcnya \u015eampiyonas\u0131&#8217;nda g\u00fclle atma bran\u015f\u0131nda 2. olan Nidanur Turhan, Mersin B\u00fcy\u00fck\u015fehir Belediyesi Gen\u00e7lik ve Spor Hizmetleri Dairesi Ba\u015fkanl\u0131\u011f\u0131 yetkilileri ve K\u0131r \u00c7i\u00e7ekleri antren\u00f6rleri ile beraber Mersin B\u00fcy\u00fck\u015fehir Belediye Ba\u015fkan\u0131 Vahap Se\u00e7er&#8217;i ziyaret etti.<\/p>\n<p>K\u0131r \u00c7i\u00e7e\u011fi Nidanur&#8217;u tebrik eden ve ba\u015far\u0131lar\u0131n\u0131n devam\u0131n\u0131 dileyen Ba\u015fkan Se\u00e7er, &#8220;Disiplinli \u00e7al\u0131\u015fma ba\u015far\u0131y\u0131 getiriyor. Bizler de sizlerin ba\u015far\u0131s\u0131ndan mutlu oluyoruz. Bu ba\u015far\u0131 asl\u0131nda, disiplinli \u00e7al\u0131\u015fman\u0131n ve yapt\u0131\u011f\u0131n\u0131z i\u015fi sevmenin \u00fcr\u00fcn\u00fc&#8221; dedi.<\/p>\n<p>Se\u00e7er, Nidanur&#8217;un daha g\u00fczel ba\u015far\u0131lar elde edece\u011finden emin oldu\u011funu da ifade ederken, &#8220;Ayn\u0131 \u015fekilde \u00e7al\u0131\u015fmaya devam edersen hem Mersinimizi hem de \u00fclkemizi ulusal ve uluslararas\u0131 platformda da gayet g\u00fczel temsil edersin. Ger\u00e7ekten do\u011fdu\u011fu yere, vatan\u0131na, ait oldu\u011fu \u00fclkesine ve milletine bu tip bir gurur ya\u015fatmak \u00e7ok b\u00fcy\u00fck bir ayr\u0131cal\u0131k olsa gerek&#8221; diye belirtti.<\/p>\n<p>K\u0131r \u00c7i\u00e7ekleri projesinden yeti\u015fen ve 9 Nisan&#8217;da S\u0131rbistan&#8217;da d\u00fczenlenen Liseleraras\u0131 D\u00fcnya \u015eampiyonas\u0131&#8217;nda g\u00fclle atma bran\u015f\u0131nda 2. olan Nidanur Turhan, Mersin B\u00fcy\u00fck\u015fehir Belediyesi Gen\u00e7lik ve Spor Hizmetleri Dairesi Ba\u015fkan\u0131 Emrullah Ta\u015fk\u0131n, Gen\u00e7lik ve Spor Hizmetleri Dairesi Ba\u015fkanl\u0131\u011f\u0131 Gen\u00e7lik ve Spor Hizmetleri \u015eube M\u00fcd\u00fcr\u00fc B\u00fcnyamin G\u00f6kayaz, K\u0131r \u00c7i\u00e7ekleri Antren\u00f6rleri Ali Kilisli ile Nezir Ergin ve K\u0131r \u00c7i\u00e7ekleri Projesi Sorumlu Y\u00f6neticisi Ayper \u00c7i\u011fdem Toraman Mersin B\u00fcy\u00fck\u015fehir Belediye Ba\u015fkan\u0131 Vahap Se\u00e7er&#8217;i ziyaret etti.<\/p>\n<p>Ba\u015fkan Se\u00e7er: &#8220;Disiplinli \u00e7al\u0131\u015fma ba\u015far\u0131y\u0131 getiriyor&#8221;<\/p>\n<p>Ba\u015fkan Se\u00e7er konu\u015fmas\u0131na, K\u0131r \u00c7i\u00e7e\u011fi Nidanur&#8217;u tebrik ederek ba\u015flad\u0131 ve Nidanur&#8217;un spor hayat\u0131ndaki ba\u015far\u0131lar\u0131n\u0131 dinledi. Ba\u015fkan Se\u00e7er, Nidanur&#8217;a ba\u015far\u0131lar\u0131n\u0131n devam\u0131n\u0131 dilerken, &#8220;Disiplinli \u00e7al\u0131\u015fma ba\u015far\u0131y\u0131 getiriyor. Bizler de sizlerin ba\u015far\u0131s\u0131ndan mutlu oluyoruz. Bu ba\u015far\u0131 asl\u0131nda, disiplinli \u00e7al\u0131\u015fman\u0131n ve yapt\u0131\u011f\u0131n\u0131z i\u015fi sevmenin \u00fcr\u00fcn\u00fc&#8221; dedi ve K\u0131r \u00c7i\u00e7ekleri&#8217;nin ba\u015far\u0131s\u0131na katk\u0131 sunan di\u011fer bir unsurun da iyi e\u011fitmenler, antren\u00f6rler, teknik heyet ve konusuna hakim bilgili, becerikli insanlarla \u00e7al\u0131\u015fmak oldu\u011funu vurgulad\u0131.<\/p>\n<p>&#8220;Daha g\u00fczel ba\u015far\u0131lara imza ataca\u011f\u0131na can\u0131 y\u00fcrekten inan\u0131yorum&#8221;<\/p>\n<p>Bu unsurlar\u0131n da bir araya gelerek ba\u015far\u0131y\u0131 getirdi\u011fini ifade eden Se\u00e7er, &#8220;Kutluyorum. Daha g\u00fczel ba\u015far\u0131lara imza ataca\u011f\u0131na can\u0131 y\u00fcrekten inan\u0131yorum. Ayn\u0131 \u015fekilde \u00e7al\u0131\u015fmaya devam edersen hem Mersinimizi hem de \u00fclkemizi ulusal ve uluslararas\u0131 platformda da gayet g\u00fczel temsil edersin. Bu da bir insan i\u00e7in \u00e7ok b\u00fcy\u00fck bir onur. Ger\u00e7ekten do\u011fdu\u011fu yere, vatan\u0131na, ait oldu\u011fu \u00fclkesine ve milletine bu tip bir gurur ya\u015fatmak \u00e7ok b\u00fcy\u00fck bir ayr\u0131cal\u0131k olsa gerek&#8221; diye belirtti.<\/p>\n<p>Elde edilen ba\u015far\u0131lar\u0131n her birinin hayatta birer deneyim oldu\u011funu da s\u00f6zlerine ekleyen Se\u00e7er, &#8220;\u015eimdi asl\u0131nda spora belki de hobi olarak ba\u015flad\u0131n ama belki art\u0131k profesyonel hayata bak\u0131\u015f\u0131n da spor olabilir. Bu, zamanla evrilecek ve ortaya \u00e7\u0131kacak ama genel anlamda bir i\u015fi hakikaten iyi, ciddiyetle ve disiplinle yapmak, belli bir tertip, d\u00fczen i\u00e7erisinde yapman\u0131n ne kadar \u00f6nemli oldu\u011funu g\u00f6rd\u00fcn. Zaten K\u0131r \u00c7i\u00e7ekleri Projesi&#8217;nde de as\u0131l \u00f6nemli olan temel, o proje b\u00fct\u00fcn\u00fc i\u00e7erisinde disiplinli, ne yapt\u0131\u011f\u0131n\u0131 ve nereye dokunaca\u011f\u0131n\u0131 bilen, konusunda iyi insanlarla bu \u00e7ocuklar\u0131 bir araya getirmek ve ke\u015ffetti\u011fimiz o \u00f6zellikleri geli\u015ftirmek. Do\u011fru birer ke\u015fif ise onlar\u0131 ihya etmek, b\u00fcy\u00fctmek ve geli\u015ftirmek&#8221; ifadelerini kulland\u0131.<\/p>\n<p>Nidanur&#8217;un da K\u0131r \u00c7i\u00e7ekleri Projesi sayesinde elde edilen ba\u015far\u0131lara iyi bir \u00f6rnek oldu\u011funun alt\u0131n\u0131 \u00e7izen Se\u00e7er, &#8220;K\u0131r \u00c7i\u00e7ekleri Projesi; iyi bir \u00e7al\u0131\u015fma ve proje. Di\u011fer \u00f6\u011frencilerimizin de tabi ki ba\u015far\u0131l\u0131 olmas\u0131n\u0131 arzu ediyoruz ve diliyoruz. Umar\u0131m bu da bir \u00f6rnek olur. Bu uluslararas\u0131 ba\u015far\u0131 bundan sonraki s\u00fcre\u00e7te de sana itici bir g\u00fc\u00e7 verir ve bu motivasyonunu sa\u011flar. Marifet iltifata tabidir. Bundan sonra da yar\u0131\u015fmalara gireceksin, dereceler elde edeceksin, orada \u00f6d\u00fcllendirileceksin ve bu da seni do\u011fal olarak gelece\u011fe dair kam\u00e7\u0131lar. Bunlar o a\u00e7\u0131dan son derece iyi&#8221; dedi ve eme\u011fi ge\u00e7enlere te\u015fekk\u00fcrlerini iletti.<\/p>\n<p>Se\u00e7er, s\u00f6zlerine son verirken; Nidanur&#8217;a ba\u015far\u0131 dileklerinde bulunarak, &#8220;Hayatta hep istedi\u011fin gibi olaylar geli\u015fsin, hep istedi\u011fin olsun, mutlu ol. G\u00fczel g\u00fcnler senin olsun, huzurlu ol&#8221; temennilerinde bulundu.<\/p>\n<p>Ta\u015fk\u0131n: &#8220;En b\u00fcy\u00fck hedefi olimpiyatlar&#8221;<\/p>\n<p>Gen\u00e7lik ve Spor Hizmetleri Dairesi Ba\u015fkan\u0131 Emrullah Ta\u015fk\u0131n, K\u0131r \u00c7i\u00e7e\u011fi Nidanur&#8217;un 2021 y\u0131l\u0131nda projeye dahil oldu\u011funu, antren\u00f6rlerinin de deste\u011fiyle b\u00fcy\u00fck ba\u015far\u0131 elde etti\u011fini anlatt\u0131. Ta\u015fk\u0131n, &#8220;Grup \u00e7al\u0131\u015fmas\u0131yla beraber her t\u00fcrl\u00fc deste\u011fimiz ve sizlerin sayesinde k\u0131z\u0131m\u0131z k\u0131sa bir zaman i\u00e7erisinde bu ba\u015far\u0131y\u0131 yakalad\u0131. En b\u00fcy\u00fck hedefi olimpiyatlar&#8221; dedi.<\/p>\n<p>Nidanur Turhan: &#8220;K\u0131r \u00c7i\u00e7ekleri&#8217;ne geldikten sonra g\u00fczel imkanlarla birlikte dereceyi ald\u0131m&#8221;<\/p>\n<p>Ba\u015fkan Se\u00e7er&#8217;in spor hayat\u0131nda elde etti\u011fi ba\u015far\u0131lar\u0131n\u0131 sormas\u0131 \u00fczerine K\u0131r \u00c7i\u00e7e\u011fi Nidanur Turhan, &#8220;Hepsi sizin bize verdi\u011finiz imkanlar sayenizde. En b\u00fcy\u00fck destek sizin. Bunun i\u00e7in \u00f6ncelikle \u00e7ok te\u015fekk\u00fcr ediyorum. K\u0131r \u00c7i\u00e7ekleri Projesi&#8217;ne gelmeden \u00f6nce asla bu kadar ciddi ve bu kadar y\u00fckseklere bakm\u0131yordum. K\u0131r \u00c7i\u00e7ekleri&#8217;ne geldikten sonra ger\u00e7ekten \u00e7ok daha ciddi antrenman ve g\u00fczel imkanlarla birlikte dereceyi ald\u0131m&#8221; dedi.<\/p>\n<p>K\u0131r \u00c7i\u00e7e\u011fi Nidanur, S\u0131rbistan&#8217;da d\u00fczenlenen Liseleraras\u0131 D\u00fcnya \u015eampiyonas\u0131&#8217;nda giymi\u015f oldu\u011fu formay\u0131, &#8220;En b\u00fcy\u00fck destek sizindi&#8221; diyerek Se\u00e7er&#8217;e takdim etti.<\/p>\n","protected":false},"excerpt":{"rendered":"<p>K\u0131r \u00c7i\u00e7ekleri projesinden yeti\u015fen ve 9 Nisan&#8217;da S\u0131rbistan&#8217;da d\u00fczenlenen Liseleraras\u0131 D\u00fcnya \u015eampiyonas\u0131&#8217;nda g\u00fclle atma bran\u015f\u0131nda 2. olan Nidanur Turhan, Mersin B\u00fcy\u00fck\u015fehir Belediyesi Gen\u00e7lik ve Spor Hizmetleri Dairesi Ba\u015fkanl\u0131\u011f\u0131 yetkilileri ve &hellip; <a href=\"https:\/\/akdenizolaygazetesi.com\/?p=35107\" class=\"more-link\">Devam\u0131n\u0131 Oku&#8230;<\/a><\/p>\n","protected":false},"author":2,"featured_media":35108,"comment_status":"open","ping_status":"open","sticky":false,"template":"","format":"standard","meta":[],"categories":[1,2,3],"tags":[],"_links":{"self":[{"href":"https:\/\/akdenizolaygazetesi.com\/index.php?rest_route=\/wp\/v2\/posts\/35107"}],"collection":[{"href":"https:\/\/akdenizolaygazetesi.com\/index.php?rest_route=\/wp\/v2\/posts"}],"about":[{"href":"https:\/\/akdenizolaygazetesi.com\/index.php?rest_route=\/wp\/v2\/types\/post"}],"author":[{"embeddable":true,"href":"https:\/\/akdenizolaygazetesi.com\/index.php?rest_route=\/wp\/v2\/users\/2"}],"replies":[{"embeddable":true,"href":"https:\/\/akdenizolaygazetesi.com\/index.php?rest_route=%2Fwp%2Fv2%2Fcomments&post=35107"}],"version-history":[{"count":1,"href":"https:\/\/akdenizolaygazetesi.com\/index.php?rest_route=\/wp\/v2\/posts\/35107\/revisions"}],"predecessor-version":[{"id":35109,"href":"https:\/\/akdenizolaygazetesi.com\/index.php?rest_route=\/wp\/v2\/posts\/35107\/revisions\/35109"}],"wp:featuredmedia":[{"embeddable":true,"href":"https:\/\/akdenizolaygazetesi.com\/index.php?rest_route=\/wp\/v2\/media\/35108"}],"wp:attachment":[{"href":"https:\/\/akdenizolaygazetesi.com\/index.php?rest_route=%2Fwp%2Fv2%2Fmedia&parent=35107"}],"wp:term":[{"taxonomy":"category","embeddable":true,"href":"https:\/\/akdenizolaygazetesi.com\/index.php?rest_route=%2Fwp%2Fv2%2Fcategories&post=35107"},{"taxonomy":"post_tag","embeddable":true,"href":"https:\/\/akdenizolaygazetesi.com\/index.php?rest_route=%2Fwp%2Fv2%2Ftags&post=35107"}],"curies":[{"name":"wp","href":"https:\/\/api.w.org\/{rel}","templated":true}]}}