{"id":35134,"date":"2025-04-28T15:04:44","date_gmt":"2025-04-28T12:04:44","guid":{"rendered":"http:\/\/akdenizolaygazetesi.com\/?p=35134"},"modified":"2025-04-28T15:04:44","modified_gmt":"2025-04-28T12:04:44","slug":"chp-mersin-milletvekili-gulcan-kis-koltuk-ugruna-ekonomiyi-ve-is-dunyasini-feda-ettiniz","status":"publish","type":"post","link":"https:\/\/akdenizolaygazetesi.com\/?p=35134","title":{"rendered":"CHP MERS\u0130N M\u0130LLETVEK\u0130L\u0130 G\u00dcLCAN KI\u015e:  &#8220;KOLTUK U\u011eRUNA EKONOM\u0130Y\u0130 VE \u0130\u015e D\u00dcNYASINI FEDA ETT\u0130N\u0130Z!&#8221;"},"content":{"rendered":"<p>CHP Mersin Milletvekili G\u00fclcan K\u0131\u015f, ekonomide ya\u015fanan \u00e7\u00f6k\u00fc\u015f\u00fc sert s\u00f6zlerle ele\u015ftirdi: &#8220;\u0130\u015f d\u00fcnyas\u0131n\u0131, \u00fcretimi, eme\u011fi bitirdiniz. Yabanc\u0131 yat\u0131r\u0131mc\u0131y\u0131 ka\u00e7\u0131rd\u0131n\u0131z, halk\u0131 borca bo\u011fdunuz. \u015eim\u015fek&#8217;in, Merkez Bankas\u0131&#8217;n\u0131n d\u00fcmeni yok; ekonomiyi kapal\u0131 kap\u0131lar ard\u0131nda bat\u0131r\u0131yorsunuz!&#8221;<\/p>\n<p>Cumhuriyet Halk Partisi (CHP) Mersin Milletvekili G\u00fclcan K\u0131\u015f, son ekonomik veriler \u0131\u015f\u0131\u011f\u0131nda i\u015f d\u00fcnyas\u0131n\u0131n i\u00e7ine s\u00fcr\u00fcklendi\u011fi kriz tablosunu de\u011ferlendirdi. \u0130\u015f d\u00fcnyas\u0131n\u0131n, \u00f6zellikle KOB\u0130&#8217;lerin a\u011f\u0131r bir bor\u00e7 y\u00fck\u00fc ve \u00fcretim krizi ile kar\u015f\u0131 kar\u015f\u0131ya oldu\u011funu s\u00f6yledi.<\/p>\n<p>&#8220;\u0130\u015e D\u00dcNYASI CAN \u00c7EK\u0130\u015e\u0130YOR, \u00dcRET\u0130M DURMA NOKTASINDA&#8221;<\/p>\n<p>\u0130malat sanayinde kapasite kullan\u0131m oran\u0131n\u0131n y\u00fczde 74,3&#8217;e d\u00fc\u015ft\u00fc\u011f\u00fcn\u00fc , her d\u00f6rt tezgahtan birinin art\u0131k \u00e7al\u0131\u015famaz hale geldi\u011fini belirten G\u00fclcan K\u0131\u015f, &#8220;\u00dcreten T\u00fcrkiye yok oluyor. KOB\u0130&#8217;ler y\u00fcksek faizler, artan bor\u00e7 y\u00fck\u00fc ve finansman krizinde nefes alam\u0131yor. Bug\u00fcn faiz oranlar\u0131 y\u00fczde 70&#8217;lere dayand\u0131ysa, bunun sorumlusu sizsiniz!&#8221; dedi.<\/p>\n<p>&#8220;19 MART M\u00dcDAHALES\u0130: \u0130KT\u0130DAR KEND\u0130 KOLTU\u011eU \u0130\u00c7\u0130N HERKES\u0130 EZD\u0130&#8221;<\/p>\n<p>G\u00fclcan K\u0131\u015f, Cumhuriyet Halk Partisi&#8217;nin Cumhurba\u015fkan\u0131 Aday\u0131 ve \u0130stanbul B\u00fcy\u00fck\u015fehir Belediye Ba\u015fkan\u0131 Ekrem \u0130mamo\u011flu ba\u015fta olmak \u00fczere \u0130stanbul&#8217;un se\u00e7ilmi\u015f belediye ba\u015fkanlar\u0131na y\u00f6nelik 19 Mart m\u00fcdahalesinin yaln\u0131zca siyaseti de\u011fil, ekonomiyi de y\u0131kt\u0131\u011f\u0131n\u0131 vurgulad\u0131:<\/p>\n<p>&#8220;Siyasi rakiplerinizi yok etmek i\u00e7in hukuksuzlu\u011fa ba\u015fvurdunuz. Adaleti rafa kald\u0131rd\u0131n\u0131z. Bunun bedelini i\u015f d\u00fcnyas\u0131, emek\u00e7i, sanayici \u00f6d\u00fcyor. Bu ekonomi g\u00fcven isterdi; siz \u00fclkeye korku verdiniz. Koltuk sevdas\u0131 u\u011fruna halk\u0131 da i\u015f d\u00fcnyas\u0131n\u0131 da bat\u0131r\u0131yorsunuz.&#8221;<\/p>\n<p>&#8220;REEL SEKT\u00d6R KUR \u015eOKUYLA YIKILDI&#8221;<\/p>\n<p>Reel sekt\u00f6r\u00fcn d\u00f6viz a\u00e7\u0131\u011f\u0131n\u0131n 155,4 milyar dolara \u00e7\u0131kt\u0131\u011f\u0131n\u0131 ve sadece son bir ayda sekt\u00f6re yakla\u015f\u0131k 300 milyar liral\u0131k kur zarar\u0131 yans\u0131d\u0131\u011f\u0131n\u0131 aktaran G\u00fclcan K\u0131\u015f, &#8220;\u00dcretim \u00e7arklar\u0131n\u0131 d\u00f6nd\u00fcren reel sekt\u00f6r bug\u00fcn kur felaketinin alt\u0131nda eziliyor. T\u00fcrkiye \u00fcretemiyor, \u00e7al\u0131\u015fam\u0131yor!&#8221; dedi.<\/p>\n<p>&#8220;MEHMET \u015e\u0130M\u015eEK&#8217;E Y\u00dcKLEND\u0130: BU MU RASYONEL POL\u0130T\u0130KA?&#8221;<\/p>\n<p>Ekonominin ba\u015f\u0131ndaki Mehmet \u015eim\u015fek&#8217;i de sert s\u00f6zlerle hedef alan CHP&#8217;li G\u00fclcan K\u0131\u015f, &#8220;Hani &#8216;rasyonel zemine d\u00f6n\u00fcyoruz&#8217; diyordunuz? \u015eimdi sormak laz\u0131m: Bor\u00e7 10 trilyon liray\u0131 a\u015fm\u0131\u015f , i\u015f d\u00fcnyas\u0131 bat\u0131yor, \u00fcretim d\u00fc\u015f\u00fcyor, yat\u0131r\u0131mc\u0131 ka\u00e7\u0131yor. Bu mu sizin rasyonel ekonomi politikan\u0131z? \u015eim\u015fek de susarak bu \u00e7\u00f6k\u00fc\u015fe ortak olmu\u015ftur,&#8221; ifadelerini kulland\u0131.<\/p>\n<p>&#8220;MERKEZ BANKASI, G\u00dcVENS\u0130ZL\u0130\u011e\u0130N S\u0130MGES\u0130 HAL\u0130NE GELD\u0130&#8221;<\/p>\n<p>G\u00fclcan K\u0131\u015f, Merkez Bankas\u0131&#8217;n\u0131n 2025 y\u0131l\u0131 i\u00e7in &#8220;d\u00f6viz kuru piyasaya b\u0131rak\u0131lacak&#8221; dedi\u011fi halde son be\u015f haftada dolar kurunu tutmak i\u00e7in en az 52 milyar dolar satt\u0131\u011f\u0131n\u0131 belirtti ve \u015funlar\u0131 s\u00f6yledi:<\/p>\n<p>&#8220;Dalgal\u0131 kur dediniz, sonra gizli kapakl\u0131 52 milyar dolar\u0131 \u00e7ar\u00e7ur ettiniz. Ne \u015feffafl\u0131k kald\u0131, ne g\u00fcven. Arka kap\u0131 operasyonlar\u0131yla Merkez Bankas\u0131&#8217;n\u0131 bir g\u00fcven bunal\u0131m\u0131n\u0131n oda\u011f\u0131 haline getirdiniz. Bu milletin paras\u0131n\u0131 gizli oyunlarla eritiyorsunuz.&#8221;<\/p>\n<p>&#8220;YABANCI YATIRIMCI KA\u00c7TI, SERMAYE T\u00dcKEN\u0130YOR&#8221;<\/p>\n<p>Yabanc\u0131 yat\u0131r\u0131mc\u0131lar\u0131n 19 Mart&#8217;tan sonra 13,7 milyar dolarl\u0131k \u00e7\u0131k\u0131\u015f yapt\u0131\u011f\u0131n\u0131 hat\u0131rlatan G\u00fclcan K\u0131\u015f, &#8220;Yat\u0131r\u0131mc\u0131 \u00fclkeye gelmiyor, \u00e7\u00fcnk\u00fc adalet yok. \u00c7\u00fcnk\u00fc demokrasi yok. \u00c7\u00fcnk\u00fc y\u00f6netim, kendi koltu\u011funu korumaktan ba\u015fka hi\u00e7bir \u015feyi d\u00fc\u015f\u00fcnm\u00fcyor,&#8221; diyerek iktidara y\u00fcklendi.<\/p>\n<p>&#8220;\u00dcRET\u0130M\u0130, GELECE\u011e\u0130, UMUDU SATIYORSUNUZ&#8221;<\/p>\n<p>CHP Mersin Milletvekili G\u00fclcan K\u0131\u015f s\u00f6zlerini \u015f\u00f6yle tamamlad\u0131:<\/p>\n<p>&#8220;Bu y\u00f6netim, i\u015f d\u00fcnyas\u0131na, \u00fcretime, eme\u011fe d\u00fc\u015fman bir y\u00f6netimdir. Her siyasi hatan\u0131z\u0131n bedelini sanayici \u00f6d\u00fcyor, \u00e7ift\u00e7i \u00f6d\u00fcyor, esnaf \u00f6d\u00fcyor. Bu \u00fclkenin yar\u0131nlar\u0131n\u0131 satt\u0131n\u0131z! Ama unutmay\u0131n: Ne demokrasi m\u00fccadelesi, ne ekonomik ba\u011f\u0131ms\u0131zl\u0131k m\u00fccadelesi pes eder. Biz halk\u0131m\u0131z\u0131n yan\u0131nda, eme\u011fin yan\u0131nda, \u00fcretimin yan\u0131nda olmaya devam edece\u011fiz.&#8221;<\/p>\n","protected":false},"excerpt":{"rendered":"<p>CHP Mersin Milletvekili G\u00fclcan K\u0131\u015f, ekonomide ya\u015fanan \u00e7\u00f6k\u00fc\u015f\u00fc sert s\u00f6zlerle ele\u015ftirdi: &#8220;\u0130\u015f d\u00fcnyas\u0131n\u0131, \u00fcretimi, eme\u011fi bitirdiniz. Yabanc\u0131 yat\u0131r\u0131mc\u0131y\u0131 ka\u00e7\u0131rd\u0131n\u0131z, halk\u0131 borca bo\u011fdunuz. \u015eim\u015fek&#8217;in, Merkez Bankas\u0131&#8217;n\u0131n d\u00fcmeni yok; ekonomiyi kapal\u0131 kap\u0131lar &hellip; <a href=\"https:\/\/akdenizolaygazetesi.com\/?p=35134\" class=\"more-link\">Devam\u0131n\u0131 Oku&#8230;<\/a><\/p>\n","protected":false},"author":2,"featured_media":35135,"comment_status":"open","ping_status":"open","sticky":false,"template":"","format":"standard","meta":[],"categories":[1,2,3],"tags":[],"_links":{"self":[{"href":"https:\/\/akdenizolaygazetesi.com\/index.php?rest_route=\/wp\/v2\/posts\/35134"}],"collection":[{"href":"https:\/\/akdenizolaygazetesi.com\/index.php?rest_route=\/wp\/v2\/posts"}],"about":[{"href":"https:\/\/akdenizolaygazetesi.com\/index.php?rest_route=\/wp\/v2\/types\/post"}],"author":[{"embeddable":true,"href":"https:\/\/akdenizolaygazetesi.com\/index.php?rest_route=\/wp\/v2\/users\/2"}],"replies":[{"embeddable":true,"href":"https:\/\/akdenizolaygazetesi.com\/index.php?rest_route=%2Fwp%2Fv2%2Fcomments&post=35134"}],"version-history":[{"count":1,"href":"https:\/\/akdenizolaygazetesi.com\/index.php?rest_route=\/wp\/v2\/posts\/35134\/revisions"}],"predecessor-version":[{"id":35136,"href":"https:\/\/akdenizolaygazetesi.com\/index.php?rest_route=\/wp\/v2\/posts\/35134\/revisions\/35136"}],"wp:featuredmedia":[{"embeddable":true,"href":"https:\/\/akdenizolaygazetesi.com\/index.php?rest_route=\/wp\/v2\/media\/35135"}],"wp:attachment":[{"href":"https:\/\/akdenizolaygazetesi.com\/index.php?rest_route=%2Fwp%2Fv2%2Fmedia&parent=35134"}],"wp:term":[{"taxonomy":"category","embeddable":true,"href":"https:\/\/akdenizolaygazetesi.com\/index.php?rest_route=%2Fwp%2Fv2%2Fcategories&post=35134"},{"taxonomy":"post_tag","embeddable":true,"href":"https:\/\/akdenizolaygazetesi.com\/index.php?rest_route=%2Fwp%2Fv2%2Ftags&post=35134"}],"curies":[{"name":"wp","href":"https:\/\/api.w.org\/{rel}","templated":true}]}}