{"id":35179,"date":"2025-04-30T14:21:22","date_gmt":"2025-04-30T11:21:22","guid":{"rendered":"http:\/\/akdenizolaygazetesi.com\/?p=35179"},"modified":"2025-04-30T14:21:22","modified_gmt":"2025-04-30T11:21:22","slug":"toroslar-belediyesi-cocuklara-binlerce-fide-dagitti","status":"publish","type":"post","link":"https:\/\/akdenizolaygazetesi.com\/?p=35179","title":{"rendered":"TOROSLAR BELED\u0130YES\u0130 \u00c7OCUKLARA B\u0130NLERCE F\u0130DE DA\u011eITTI"},"content":{"rendered":"<p>Toroslar Belediyesi binlerce \u00e7ocu\u011fa sebze fidesi da\u011f\u0131tt\u0131, evlerinin balkonlar\u0131nda, bah\u00e7elerinde kendi bostanlar\u0131n\u0131 olu\u015fturmalar\u0131n\u0131 te\u015fvik etti. Toroslar Belediyesinin kurdu\u011fu g\u00fcnd\u00fcz bak\u0131mevinin bah\u00e7esinde de \u00e7ocuklar kendi elleriyle fide dikti, bostan olu\u015fturdu.<\/p>\n<p>Toroslar Belediyesi Tar\u0131msal Hizmetler M\u00fcd\u00fcrl\u00fc\u011f\u00fc&#8217;n\u00fcn, \u00e7ocuklar\u0131 kentsel tar\u0131mla tan\u0131\u015ft\u0131rmak i\u00e7in ba\u015flatt\u0131\u011f\u0131 fide da\u011f\u0131t\u0131m\u0131 projesi devam ediyor. Belediye ekipleri, il\u00e7edeki muhtarl\u0131k binalar\u0131n\u0131n yan\u0131 s\u0131ra okul \u00f6nlerinde stantlar kurdu, mahalle mahalle dola\u015farak binlerce sebze fidesi da\u011f\u0131tt\u0131.<\/p>\n<p>\u0130\u00e7erisinde domates, biber, patl\u0131can, salatal\u0131k, kekik ve mor reyhan\u0131n yer ald\u0131\u011f\u0131 sebze fideleri, bir hafta i\u00e7erisinde binlerce \u00e7ocu\u011fa ula\u015ft\u0131r\u0131l\u0131rken, \u00e7ocuklar bah\u00e7elerinde ya da balkonlar\u0131nda fideleri ekerek kendi k\u00fc\u00e7\u00fck bostanlar\u0131n\u0131 kurdu.<\/p>\n<p>\u00c7OCUKLAR SEBZE \u00dcRET\u0130M\u0130N\u0130N HER A\u015eAMASINI G\u00d6RECEK<\/p>\n<p>Osmaniye Mahallesi&#8217;nde hizmet veren Toroslar Belediyesi Osmaniye G\u00fcnd\u00fcz Bak\u0131mevi&#8217;nde e\u011fitim g\u00f6ren minikler de kendileri i\u00e7in \u00f6zel olarak haz\u0131rlanan fideleri \u00f6\u011fretmenleriyle birlikte kre\u015fin bah\u00e7esinde bostan alan\u0131na ekti, fidelerin ilk can sular\u0131n\u0131 verdi.<\/p>\n<p>Toroslar Belediyesi Osmaniye G\u00fcnd\u00fcz Bak\u0131mevi&#8217;nde kurulan bostan\u0131 \u00e7ocuklar sulayacak, bak\u0131m\u0131n\u0131 \u00e7ocuklar yapacak. Bir sebzenin yeti\u015ftirilmesinin t\u00fcm a\u015famalar\u0131na tan\u0131k olacak \u00e7ocuklar yeti\u015fen sebzeleri de kendileri hasat edecek.<\/p>\n<p>Toroslar Belediye Ba\u015fkan\u0131 Abdurrahman Y\u0131ld\u0131z, \u00e7ocuklar\u0131n do\u011fayla erken ya\u015fta ba\u011f kurmas\u0131n\u0131n \u00f6nemine dikkat \u00e7ekerek \u015funlar\u0131 s\u00f6yledi:<\/p>\n<p>&#8220;\u00c7ocuklar\u0131m\u0131z\u0131n do\u011fayla ba\u011f kurmas\u0131n\u0131 \u00e7ok \u00f6nemsiyoruz. Onlar\u0131n k\u00fc\u00e7\u00fck ya\u015fta fidan dikmesi, fide dikmesi sadece \u00e7evre bilinci a\u00e7\u0131s\u0131ndan de\u011fil, ayn\u0131 zamanda sorumluluk duygular\u0131n\u0131n geli\u015fmesi a\u00e7\u0131s\u0131ndan da \u00e7ok k\u0131ymetli&#8221; dedi.<\/p>\n","protected":false},"excerpt":{"rendered":"<p>Toroslar Belediyesi binlerce \u00e7ocu\u011fa sebze fidesi da\u011f\u0131tt\u0131, evlerinin balkonlar\u0131nda, bah\u00e7elerinde kendi bostanlar\u0131n\u0131 olu\u015fturmalar\u0131n\u0131 te\u015fvik etti. Toroslar Belediyesinin kurdu\u011fu g\u00fcnd\u00fcz bak\u0131mevinin bah\u00e7esinde de \u00e7ocuklar kendi elleriyle fide dikti, bostan olu\u015fturdu. Toroslar &hellip; <a href=\"https:\/\/akdenizolaygazetesi.com\/?p=35179\" class=\"more-link\">Devam\u0131n\u0131 Oku&#8230;<\/a><\/p>\n","protected":false},"author":2,"featured_media":35180,"comment_status":"open","ping_status":"open","sticky":false,"template":"","format":"standard","meta":[],"categories":[1,2,3],"tags":[],"_links":{"self":[{"href":"https:\/\/akdenizolaygazetesi.com\/index.php?rest_route=\/wp\/v2\/posts\/35179"}],"collection":[{"href":"https:\/\/akdenizolaygazetesi.com\/index.php?rest_route=\/wp\/v2\/posts"}],"about":[{"href":"https:\/\/akdenizolaygazetesi.com\/index.php?rest_route=\/wp\/v2\/types\/post"}],"author":[{"embeddable":true,"href":"https:\/\/akdenizolaygazetesi.com\/index.php?rest_route=\/wp\/v2\/users\/2"}],"replies":[{"embeddable":true,"href":"https:\/\/akdenizolaygazetesi.com\/index.php?rest_route=%2Fwp%2Fv2%2Fcomments&post=35179"}],"version-history":[{"count":1,"href":"https:\/\/akdenizolaygazetesi.com\/index.php?rest_route=\/wp\/v2\/posts\/35179\/revisions"}],"predecessor-version":[{"id":35181,"href":"https:\/\/akdenizolaygazetesi.com\/index.php?rest_route=\/wp\/v2\/posts\/35179\/revisions\/35181"}],"wp:featuredmedia":[{"embeddable":true,"href":"https:\/\/akdenizolaygazetesi.com\/index.php?rest_route=\/wp\/v2\/media\/35180"}],"wp:attachment":[{"href":"https:\/\/akdenizolaygazetesi.com\/index.php?rest_route=%2Fwp%2Fv2%2Fmedia&parent=35179"}],"wp:term":[{"taxonomy":"category","embeddable":true,"href":"https:\/\/akdenizolaygazetesi.com\/index.php?rest_route=%2Fwp%2Fv2%2Fcategories&post=35179"},{"taxonomy":"post_tag","embeddable":true,"href":"https:\/\/akdenizolaygazetesi.com\/index.php?rest_route=%2Fwp%2Fv2%2Ftags&post=35179"}],"curies":[{"name":"wp","href":"https:\/\/api.w.org\/{rel}","templated":true}]}}