{"id":35247,"date":"2025-05-09T15:07:22","date_gmt":"2025-05-09T12:07:22","guid":{"rendered":"http:\/\/akdenizolaygazetesi.com\/?p=35247"},"modified":"2025-05-09T15:07:22","modified_gmt":"2025-05-09T12:07:22","slug":"taner-isikbay-rakamlar-gercegi-soyler-sloganlar-degil","status":"publish","type":"post","link":"https:\/\/akdenizolaygazetesi.com\/?p=35247","title":{"rendered":"TANER I\u015eIKBAY: \u201cRAKAMLAR GER\u00c7E\u011e\u0130 S\u00d6YLER, SLOGANLAR DE\u011e\u0130L\u201d"},"content":{"rendered":"<p>TANER I\u015eIKBAY: &#8220;RAKAMLAR GER\u00c7E\u011e\u0130 S\u00d6YLER, SLOGANLAR DE\u011e\u0130L&#8221;<\/p>\n<p>DEVA Partisi Mersin \u0130l Ba\u015fkan\u0131 Taner I\u015f\u0131kbay, 2023 hedefleriyle ilgili kamuoyuna yans\u0131t\u0131lan a\u00e7\u0131klamalar\u0131n toplumda g\u00fcven kayb\u0131 yaratt\u0131\u011f\u0131n\u0131 belirterek, a\u00e7\u0131klanan ekonomik verilerin ger\u00e7eklerle \u00f6rt\u00fc\u015fmedi\u011fini s\u00f6yledi. I\u015f\u0131kbay, &#8216;Hayal satmakla kalk\u0131nma sa\u011flanmaz. T\u00fcrkiye&#8217;nin ihtiyac\u0131; ak\u0131lc\u0131 planlama, liyakatli kadrolar ve hesap verebilir y\u00f6netimdir&#8217; dedi.<\/p>\n<p>Taner I\u015f\u0131kbay yapt\u0131\u011f\u0131 de\u011ferlendirmede, 2011 y\u0131l\u0131nda ortaya konulan 2023 hedeflerinin bir vizyon olarak topluma umut verdi\u011fini, ancak uygulamada bu hedeflerin b\u00fcy\u00fck \u00f6l\u00e7\u00fcde ger\u00e7ekle\u015fmedi\u011fini vurgulad\u0131. &#8220;Ekonomik ba\u015far\u0131, \u00f6l\u00e7\u00fclebilir ve kar\u015f\u0131la\u015ft\u0131r\u0131labilir verilerle de\u011ferlendirilir. Bug\u00fcn a\u00e7\u0131klanan rakamlar, hedeflerle yan yana konuldu\u011funda b\u00fcy\u00fck bir hayal k\u0131r\u0131kl\u0131\u011f\u0131 ortaya \u00e7\u0131k\u0131yor&#8221; ifadelerini kulland\u0131.<\/p>\n<p>&#8220;ENFLASYONDA VAATLERLE GER\u00c7EKLER ARASINDA DER\u0130N U\u00c7URUM VAR&#8221;<\/p>\n<p>I\u015f\u0131kbay, 2023 y\u0131l\u0131 i\u00e7in a\u00e7\u0131klanan d\u00fc\u015f\u00fck enflasyon hedeflerinin tam tersi bir tabloyla sonu\u00e7land\u0131\u011f\u0131n\u0131 s\u00f6yledi. &#8220;Tek haneli enflasyon s\u00f6z\u00fc verilmi\u015fti; y\u0131l sonunda resmi enflasyon y\u00fczde 64 olarak a\u00e7\u0131kland\u0131. Bu, yaln\u0131zca ba\u015far\u0131s\u0131z bir ekonomik politikan\u0131n de\u011fil, ayn\u0131 zamanda toplumun al\u0131m g\u00fcc\u00fcn\u00fc do\u011frudan etkileyen bir y\u00f6netim zafiyetinin sonucudur&#8221; dedi.<br \/>\nGer\u00e7ek enflasyonun, T\u00dc\u0130K verileri ile dahi inand\u0131r\u0131c\u0131l\u0131\u011f\u0131n\u0131 yitirdi\u011fini ifade eden I\u015f\u0131kbay, &#8220;Bar\u0131nma ve e\u011fitim gibi temel ihtiya\u00e7 alanlar\u0131nda ya\u015fanan maliyet art\u0131\u015f\u0131, vatanda\u015f\u0131n hayat\u0131n\u0131 do\u011frudan etkiliyor. Enflasyon rakamlar\u0131 makyajlansa da, fatura markette, pazarda ve kira kontratlar\u0131nda ortaya \u00e7\u0131k\u0131yor&#8221; dedi.<\/p>\n<p>&#8220;M\u0130LL\u0130 GEL\u0130R VE \u0130HRACAT RAKAMLARI HEDEFLER\u0130N YARISINA B\u0130LE ULA\u015eMADI&#8221;<\/p>\n<p>Taner I\u015f\u0131kbay, 2023 hedefleri aras\u0131nda yer alan ki\u015fi ba\u015f\u0131na d\u00fc\u015fen gelir ve ihracat verilerinde de ciddi sapmalar ya\u015fand\u0131\u011f\u0131n\u0131 vurgulad\u0131. &#8220;Ki\u015fi ba\u015f\u0131 gelir hedefi 25 bin dolard\u0131. Bug\u00fcn geldi\u011fimiz nokta 13 bin dolar seviyelerinde. Ayn\u0131 \u015fekilde, 500 milyar dolar olarak duyurulan ihracat hedefinin ancak yar\u0131s\u0131 ger\u00e7ekle\u015fmi\u015ftir&#8221; dedi.<br \/>\nEkonomide s\u00fcrd\u00fcr\u00fclebilirlikten uzakla\u015f\u0131ld\u0131\u011f\u0131n\u0131 ve g\u00fcn\u00fc kurtarmaya y\u00f6nelik uygulamalar\u0131n sistematik hale geldi\u011fini s\u00f6yleyen I\u015f\u0131kbay, &#8220;Ger\u00e7ek\u00e7i olmayan vaatlerle vatanda\u015f kand\u0131r\u0131lamaz. Ekonomide ba\u015far\u0131; \u00fcretim, ihracat ve adil gelir da\u011f\u0131l\u0131m\u0131yla m\u00fcmk\u00fcnd\u00fcr&#8221; de\u011ferlendirmesinde bulundu.<\/p>\n<p>&#8220;BARINMA KR\u0130Z\u0130, SOSYAL DOKUYU DER\u0130NDEN SARSIYOR&#8221;<\/p>\n<p>DEVA Partili I\u015f\u0131kbay, \u00f6zellikle b\u00fcy\u00fck \u015fehirlerde ya\u015fanan konut sorununun art\u0131k sosyal bir felaket boyutuna ula\u015ft\u0131\u011f\u0131n\u0131 s\u00f6yledi. T\u00dc\u0130K&#8217;in a\u00e7\u0131klad\u0131\u011f\u0131 verilere g\u00f6re konut enflasyonunun y\u00fczde 70&#8217;in \u00fczerinde oldu\u011funu hat\u0131rlatan I\u015f\u0131kbay, &#8220;Gen\u00e7lerimiz art\u0131k evlenemiyor, aile kuram\u0131yor. Kira \u00f6demek ba\u015fl\u0131 ba\u015f\u0131na bir ge\u00e7im derdi haline gelmi\u015f durumda. Bar\u0131nma bir hakken, l\u00fcks haline getirildi&#8221; diye konu\u015ftu.<br \/>\n\u0130ktidar\u0131n arsa \u00fcretimini k\u0131s\u0131tlayarak rant alanlar\u0131 olu\u015fturdu\u011funu, imar d\u00fczenlemeleri \u00fczerinden dar \u00e7evrelere b\u00fcy\u00fck kazan\u00e7lar sa\u011fland\u0131\u011f\u0131n\u0131 savunan I\u015f\u0131kbay, &#8220;Bu yakla\u015f\u0131m hem konut fiyatlar\u0131n\u0131 art\u0131r\u0131yor hem de dar gelirli vatanda\u015flar\u0131 sistem d\u0131\u015f\u0131na itiyor&#8221; dedi.<\/p>\n<p>&#8220;G\u00dcVEN\u0130 KAYBEDEN Y\u00d6NET\u0130M, GELECE\u011e\u0130 PLANLAYAMAZ&#8221;<\/p>\n<p>I\u015f\u0131kbay a\u00e7\u0131klamas\u0131n\u0131n sonunda, T\u00fcrkiye&#8217;nin yeni bir y\u00f6netim anlay\u0131\u015f\u0131na ihtiya\u00e7 duydu\u011funu belirtti. Ger\u00e7ekleri g\u00f6rmezden gelen, halk\u0131n akl\u0131yla alay eden bir anlay\u0131\u015f\u0131n s\u00fcrd\u00fcr\u00fclebilir olmad\u0131\u011f\u0131n\u0131 ifade ederek \u015fu ifadeleri kulland\u0131:<br \/>\n&#8220;T\u00fcrkiye b\u00fcy\u00fck bir \u00fclke. Ancak b\u00fcy\u00fck \u00fclke olmak, b\u00fcy\u00fck hedefler koymakla de\u011fil; o hedeflere ula\u015facak kadrolar\u0131 ve zihniyeti g\u00f6reve getirmekle m\u00fcmk\u00fcnd\u00fcr. Biz DEVA Partisi olarak \u015feffaf, d\u00fcr\u00fcst ve hesap verebilir bir y\u00f6netim anlay\u0131\u015f\u0131n\u0131 savunuyoruz. \u00c7\u00fcnk\u00fc biz biliyoruz ki; rakamlar ger\u00e7ekleri anlat\u0131r, sloganlar de\u011fil.&#8221;<\/p>\n","protected":false},"excerpt":{"rendered":"<p>TANER I\u015eIKBAY: &#8220;RAKAMLAR GER\u00c7E\u011e\u0130 S\u00d6YLER, SLOGANLAR DE\u011e\u0130L&#8221; DEVA Partisi Mersin \u0130l Ba\u015fkan\u0131 Taner I\u015f\u0131kbay, 2023 hedefleriyle ilgili kamuoyuna yans\u0131t\u0131lan a\u00e7\u0131klamalar\u0131n toplumda g\u00fcven kayb\u0131 yaratt\u0131\u011f\u0131n\u0131 belirterek, a\u00e7\u0131klanan ekonomik verilerin ger\u00e7eklerle \u00f6rt\u00fc\u015fmedi\u011fini &hellip; <a href=\"https:\/\/akdenizolaygazetesi.com\/?p=35247\" class=\"more-link\">Devam\u0131n\u0131 Oku&#8230;<\/a><\/p>\n","protected":false},"author":2,"featured_media":35248,"comment_status":"open","ping_status":"open","sticky":false,"template":"","format":"standard","meta":[],"categories":[1,2,3],"tags":[],"_links":{"self":[{"href":"https:\/\/akdenizolaygazetesi.com\/index.php?rest_route=\/wp\/v2\/posts\/35247"}],"collection":[{"href":"https:\/\/akdenizolaygazetesi.com\/index.php?rest_route=\/wp\/v2\/posts"}],"about":[{"href":"https:\/\/akdenizolaygazetesi.com\/index.php?rest_route=\/wp\/v2\/types\/post"}],"author":[{"embeddable":true,"href":"https:\/\/akdenizolaygazetesi.com\/index.php?rest_route=\/wp\/v2\/users\/2"}],"replies":[{"embeddable":true,"href":"https:\/\/akdenizolaygazetesi.com\/index.php?rest_route=%2Fwp%2Fv2%2Fcomments&post=35247"}],"version-history":[{"count":1,"href":"https:\/\/akdenizolaygazetesi.com\/index.php?rest_route=\/wp\/v2\/posts\/35247\/revisions"}],"predecessor-version":[{"id":35249,"href":"https:\/\/akdenizolaygazetesi.com\/index.php?rest_route=\/wp\/v2\/posts\/35247\/revisions\/35249"}],"wp:featuredmedia":[{"embeddable":true,"href":"https:\/\/akdenizolaygazetesi.com\/index.php?rest_route=\/wp\/v2\/media\/35248"}],"wp:attachment":[{"href":"https:\/\/akdenizolaygazetesi.com\/index.php?rest_route=%2Fwp%2Fv2%2Fmedia&parent=35247"}],"wp:term":[{"taxonomy":"category","embeddable":true,"href":"https:\/\/akdenizolaygazetesi.com\/index.php?rest_route=%2Fwp%2Fv2%2Fcategories&post=35247"},{"taxonomy":"post_tag","embeddable":true,"href":"https:\/\/akdenizolaygazetesi.com\/index.php?rest_route=%2Fwp%2Fv2%2Ftags&post=35247"}],"curies":[{"name":"wp","href":"https:\/\/api.w.org\/{rel}","templated":true}]}}