{"id":35453,"date":"2025-06-16T16:20:19","date_gmt":"2025-06-16T13:20:19","guid":{"rendered":"http:\/\/akdenizolaygazetesi.com\/?p=35453"},"modified":"2025-06-16T16:20:19","modified_gmt":"2025-06-16T13:20:19","slug":"azerbaycanin-baskenti-bakuye-direkt-ucuslar-15-haziran-itibariyla-basladi","status":"publish","type":"post","link":"https:\/\/akdenizolaygazetesi.com\/?p=35453","title":{"rendered":"Azerbaycan\u2019\u0131n Ba\u015fkenti Bak\u00fc\u2019ye Direkt U\u00e7u\u015flar 15 Haziran \u0130tibar\u0131yla Ba\u015flad\u0131"},"content":{"rendered":"<p>\u00c7ukurova Uluslararas\u0131 Havaliman\u0131 (COV) uluslararas\u0131 u\u00e7u\u015f a\u011f\u0131na bir destinasyon daha ekledi. Azerbaijan Airlines (AZAL), 15 Haziran itibar\u0131yla \u00c7ukurova Uluslararas\u0131 Havaliman\u0131\u2019ndan Azerbaycan\u2019\u0131n ba\u015fkenti Bak\u00fc\u2019ye direkt seferlere ba\u015flad\u0131. U\u00e7u\u015flar Per\u015fembe ve Pazar g\u00fcnleri olmak \u00fczere haftada 2 kez ger\u00e7ekle\u015fecek.<\/p>\n<p>\u00c7ukurova Uluslararas\u0131 Havaliman\u0131 (COV) yeni rotalarla \u00c7ukurova\u2019dan d\u00fcnyan\u0131n farkl\u0131 noktalar\u0131na seyahat imk\u00e2n\u0131n\u0131 \u00e7e\u015fitlendiriyor. COV\u2019un i\u015f ortaklar\u0131ndan Azerbaijan Airlines (AZAL), 15 Haziran\u2019dan itibaren \u00c7ukurova Uluslararas\u0131 Havaliman\u0131\u2019ndan ilk kez Azerbaycan\u2019\u0131n ba\u015fkenti Bak\u00fc\u2019ye uluslararas\u0131 seferlere ba\u015flad\u0131.<\/p>\n<p><strong>\u00c7ukurova ve Bak\u00fc Aras\u0131nda Yeni Hava K\u00f6pr\u00fcs\u00fc Kuruldu<\/strong><\/p>\n<p>Bak\u00fc\u2019den \u00c7ukurova\u2019ya ilk seferini ger\u00e7ekle\u015ftiren Azerbaijan Airlines (AZAL) u\u00e7a\u011f\u0131, 15 Haziran\u2019da \u00c7ukurova Uluslararas\u0131 Havaliman\u0131\u2019na ini\u015f yapt\u0131.<\/p>\n<p>\u0130lk u\u00e7u\u015f t\u00f6renle kar\u015f\u0131land\u0131. Azerbaycan\u2019dan gelen u\u00e7ak, pistte su tak\u0131 g\u00f6sterisi ile kar\u015f\u0131land\u0131. U\u00e7a\u011fa apron boyunca \u00fc\u00e7l\u00fc Follow Me arac\u0131 e\u015flik ederek u\u00e7a\u011f\u0131n k\u00f6pr\u00fcye g\u00fcvenli \u015fekilde yana\u015fmas\u0131 sa\u011fland\u0131.<\/p>\n<p>D\u00fczenlenen t\u00f6rende, u\u00e7a\u011f\u0131n kabin ekibi ve yetkilileri \u00e7i\u00e7eklerle kar\u015f\u0131land\u0131. Yolcular, y\u00f6resel k\u0131yafetli hostesler taraf\u0131ndan k\u00f6pr\u00fc kap\u0131s\u0131nda y\u00f6resel ikramlarla kar\u015f\u0131land\u0131. Haz\u0131rlanan kutlama pastas\u0131 ile birlikte kurdele kesimi ger\u00e7ekle\u015ftirildi.<\/p>\n<p>Yeni ba\u015flayan seferlerle birlikte, \u00c7ukurova b\u00f6lgesinin turizm ve ticaret potansiyeline katk\u0131 sa\u011flanmas\u0131, ayr\u0131ca b\u00f6lge halk\u0131n\u0131n Azerbaycan\u2019a daha kolay ve konforlu ula\u015f\u0131m imkan\u0131na kavu\u015fmas\u0131 bekleniyor.<\/p>\n<p>Yaz sezonu itibar\u0131yla \u0130ngiltere (Londra), Makedonya (\u00dcsk\u00fcp) ve Karada\u011f (Podgorica)\u2019ya direkt u\u00e7u\u015f seferleri ba\u015flayan \u00c7ukurova Uluslararas\u0131 Havaliman\u0131 (COV)\u2019dan \u00f6n\u00fcm\u00fczdeki g\u00fcnlerde ise \u00c7ukurova Uluslararas\u0131 Havaliman\u0131\u2019ndan Amsterdam u\u00e7u\u015flar\u0131 29 Haziran\u2019da, Arnavutluk Tiran u\u00e7u\u015flar\u0131 ise 30 Haziran\u2019da ba\u015flayacak.<\/p>\n<p><strong>Orta Do\u011fu\u2019dan Avrupa\u2019ya: \u00c7ukurova\u2019dan 19 Uluslararas\u0131 Noktaya Direkt U\u00e7u\u015f<\/strong><\/p>\n<p>Uluslararas\u0131 standartlarda, t\u00fcm yeterliliklere sahip olarak tasarlanan \u00c7ukurova Uluslararas\u0131 Havaliman\u0131, yeni hatlar\u0131n eklenmesiyle birlikte i\u00e7 ve d\u0131\u015f hatlarda g\u00fc\u00e7l\u00fc bir ba\u011flant\u0131 a\u011f\u0131 sunuyor.<\/p>\n<p>\u0130\u00e7 hatlarda; Ankara, Antalya, Bodrum, \u0130stanbul, \u0130zmir, Trabzon ve Van olmak \u00fczere 7 \u015fehirde 8 farkl\u0131 noktaya u\u00e7u\u015flar d\u00fczenleniyor. D\u0131\u015f hatlarda ise <strong>Almanya<\/strong> (Berlin, D\u00fcsseldorf, Frankfurt, Hannover, K\u00f6ln, Stuttgart, M\u00fcnih), <strong>Azerbaycan<\/strong> (Bak\u00fc), <strong>Hollanda<\/strong> (Amsterdam), <strong>\u0130ngiltere<\/strong> (Londra), <strong>Kuzey K\u0131br\u0131s T\u00fcrk Cumhuriyeti<\/strong> (Lefko\u015fa), <strong>L\u00fcbnan<\/strong> (Beyrut), <strong>Makedonya<\/strong> (\u00dcsk\u00fcp), <strong>Karada\u011f<\/strong> (Podgorica), <strong>Arnavutluk<\/strong> (Tiran), <strong>Suudi Arabistan<\/strong> (Medine), <strong>M\u0131s\u0131r<\/strong> (Sharm El Sheikh), <strong>Birle\u015fik Arap Emirlikleri<\/strong> (Dubai) ve <strong>Rusya <\/strong>(Moskova) olmak \u00fczere 13 \u00fclkeye, toplam 19 farkl\u0131 uluslararas\u0131 noktaya direkt u\u00e7u\u015f ger\u00e7ekle\u015ftiriliyor.<\/p>\n<p>Mersin, Adana, Osmaniye, Hatay ve Ni\u011fde ba\u015fta olmak \u00fczere t\u00fcm b\u00f6lgeye hizmet vermek \u00fczere in\u015fa edilen ve KZV Havalimanlar\u0131 taraf\u0131ndan i\u015fletilen \u00c7ukurova Uluslararas\u0131 Havaliman\u0131, b\u00f6lgenin kalk\u0131nmas\u0131nda \u00f6nemli bir lokomotif rol \u00fcstlenmeye devam ediyor.<\/p>\n","protected":false},"excerpt":{"rendered":"<p>\u00c7ukurova Uluslararas\u0131 Havaliman\u0131 (COV) uluslararas\u0131 u\u00e7u\u015f a\u011f\u0131na bir destinasyon daha ekledi. Azerbaijan Airlines (AZAL), 15 Haziran itibar\u0131yla \u00c7ukurova Uluslararas\u0131 Havaliman\u0131\u2019ndan Azerbaycan\u2019\u0131n ba\u015fkenti Bak\u00fc\u2019ye direkt seferlere ba\u015flad\u0131. U\u00e7u\u015flar Per\u015fembe ve Pazar &hellip; <a href=\"https:\/\/akdenizolaygazetesi.com\/?p=35453\" class=\"more-link\">Devam\u0131n\u0131 Oku&#8230;<\/a><\/p>\n","protected":false},"author":2,"featured_media":35454,"comment_status":"open","ping_status":"open","sticky":false,"template":"","format":"standard","meta":[],"categories":[1,2,3],"tags":[],"_links":{"self":[{"href":"https:\/\/akdenizolaygazetesi.com\/index.php?rest_route=\/wp\/v2\/posts\/35453"}],"collection":[{"href":"https:\/\/akdenizolaygazetesi.com\/index.php?rest_route=\/wp\/v2\/posts"}],"about":[{"href":"https:\/\/akdenizolaygazetesi.com\/index.php?rest_route=\/wp\/v2\/types\/post"}],"author":[{"embeddable":true,"href":"https:\/\/akdenizolaygazetesi.com\/index.php?rest_route=\/wp\/v2\/users\/2"}],"replies":[{"embeddable":true,"href":"https:\/\/akdenizolaygazetesi.com\/index.php?rest_route=%2Fwp%2Fv2%2Fcomments&post=35453"}],"version-history":[{"count":1,"href":"https:\/\/akdenizolaygazetesi.com\/index.php?rest_route=\/wp\/v2\/posts\/35453\/revisions"}],"predecessor-version":[{"id":35455,"href":"https:\/\/akdenizolaygazetesi.com\/index.php?rest_route=\/wp\/v2\/posts\/35453\/revisions\/35455"}],"wp:featuredmedia":[{"embeddable":true,"href":"https:\/\/akdenizolaygazetesi.com\/index.php?rest_route=\/wp\/v2\/media\/35454"}],"wp:attachment":[{"href":"https:\/\/akdenizolaygazetesi.com\/index.php?rest_route=%2Fwp%2Fv2%2Fmedia&parent=35453"}],"wp:term":[{"taxonomy":"category","embeddable":true,"href":"https:\/\/akdenizolaygazetesi.com\/index.php?rest_route=%2Fwp%2Fv2%2Fcategories&post=35453"},{"taxonomy":"post_tag","embeddable":true,"href":"https:\/\/akdenizolaygazetesi.com\/index.php?rest_route=%2Fwp%2Fv2%2Ftags&post=35453"}],"curies":[{"name":"wp","href":"https:\/\/api.w.org\/{rel}","templated":true}]}}