{"id":35548,"date":"2025-06-25T17:16:58","date_gmt":"2025-06-25T14:16:58","guid":{"rendered":"http:\/\/akdenizolaygazetesi.com\/?p=35548"},"modified":"2025-06-25T17:16:58","modified_gmt":"2025-06-25T14:16:58","slug":"dem-parti-mersin-milletvekili-av-ali-bozan-gencleri-uyusturucu-ve-dolandiricilik-cukurundan-kurtaralim","status":"publish","type":"post","link":"https:\/\/akdenizolaygazetesi.com\/?p=35548","title":{"rendered":"DEM Parti Mersin Milletvekili Av. Ali Bozan: Gen\u00e7leri uyu\u015fturucu ve doland\u0131r\u0131c\u0131l\u0131k \u00e7ukurundan kurtaral\u0131m!"},"content":{"rendered":"<div>Milletvekili Ali Bozan: Gen\u00e7leri uyu\u015fturucu ve doland\u0131r\u0131c\u0131l\u0131k \u00e7ukurundan kurtaral\u0131m!<\/div>\n<div><\/div>\n<div>Milletvekili Bozan&#8217;dan Mersin&#8217;deki gen\u00e7ler i\u00e7in kent dinamiklerine \u00e7a\u011fr\u0131<\/div>\n<div><\/div>\n<div>DEM Parti Mersin Milletvekili Av. Ali Bozan, Mersin&#8217;deki gen\u00e7lerin uyu\u015fturucu, doland\u0131r\u0131c\u0131l\u0131k ve \u00e7etele\u015fme \u00e7ukurundan kurtulmas\u0131 i\u00e7in kent dinamiklerine \u00e7a\u011fr\u0131 yapt\u0131.<\/div>\n<div>Milletvekili Bozan, &#8220;Ba\u015fka bir gencimizin daha hayat\u0131na mal olmadan uyu\u015fturucu, doland\u0131r\u0131c\u0131l\u0131k ve \u00e7etele\u015fme \u00e7ukurunu el birli\u011fiyle kapatal\u0131m&#8221; dedi.<\/div>\n<div><\/div>\n<div>Halklar\u0131n E\u015fitlik ve Demokrasi Partisi (DEM Parti) Mersin Milletvekili Av. Ali Bozan, Mersin&#8217;in acil g\u00fcndemlerinden biri olan uyu\u015fturucu, doland\u0131r\u0131c\u0131l\u0131k ve \u00e7etele\u015fmeyi Meclis g\u00fcndemine ta\u015f\u0131d\u0131. Milletvekili Ali Bozan, Mersin&#8217;deki gen\u00e7lerin gelece\u011fini karartan bu sorunlarla m\u00fccadele edilmesi i\u00e7in kentin dinamiklerine seslendi.<\/div>\n<div><\/div>\n<div>&#8220;GEN\u00c7LER\u0130 BU \u00c7UKURDAN KURTARALIM&#8221;<\/div>\n<div><\/div>\n<div>Milletvekili Av. Ali Bozan, konu\u015fmas\u0131nda \u015fu ifadeleri kulland\u0131:<\/div>\n<div><\/div>\n<div>&#8220;Mersin&#8217;in en b\u00fcy\u00fck sorunu gen\u00e7lerin gelecek sorunu. Uyu\u015fturucu ve doland\u0131r\u0131c\u0131l\u0131k \u00e7emberine kap\u0131l\u0131p kurtulamamas\u0131d\u0131r. Gen\u00e7leri bu \u00e7ukurdan \u00e7ekip kurtarmadan Mersin&#8217;in hi\u00e7bir sorununu \u00e7\u00f6zemeyiz. Kime gitsek, kimin derdini dinlesek gen\u00e7lerimizi kurtar\u0131n diyor.<\/div>\n<div><\/div>\n<div>Buradan Mersin&#8217;in gelece\u011fini d\u00fc\u015f\u00fcnen t\u00fcm partilere, yerel y\u00f6netimlere, kurumlara, kanaat \u00f6nderlerine\u00a0 \u00e7a\u011fr\u0131da bulunuyoruz. Gelin, Mersin&#8217;i gen\u00e7lerimizi geleceksizlikten ar\u0131nd\u0131ral\u0131m. Ba\u015fka bir gencimizin daha hayat\u0131na mal olmadan uyu\u015fturucu, doland\u0131r\u0131c\u0131l\u0131k ve \u00e7etele\u015fme \u00e7ukurunu el birli\u011fiyle kapatal\u0131m.&#8221;<\/div>\n","protected":false},"excerpt":{"rendered":"<p>Milletvekili Ali Bozan: Gen\u00e7leri uyu\u015fturucu ve doland\u0131r\u0131c\u0131l\u0131k \u00e7ukurundan kurtaral\u0131m! Milletvekili Bozan&#8217;dan Mersin&#8217;deki gen\u00e7ler i\u00e7in kent dinamiklerine \u00e7a\u011fr\u0131 DEM Parti Mersin Milletvekili Av. Ali Bozan, Mersin&#8217;deki gen\u00e7lerin uyu\u015fturucu, doland\u0131r\u0131c\u0131l\u0131k ve \u00e7etele\u015fme &hellip; <a href=\"https:\/\/akdenizolaygazetesi.com\/?p=35548\" class=\"more-link\">Devam\u0131n\u0131 Oku&#8230;<\/a><\/p>\n","protected":false},"author":2,"featured_media":35549,"comment_status":"open","ping_status":"open","sticky":false,"template":"","format":"standard","meta":[],"categories":[1,2,3],"tags":[],"_links":{"self":[{"href":"https:\/\/akdenizolaygazetesi.com\/index.php?rest_route=\/wp\/v2\/posts\/35548"}],"collection":[{"href":"https:\/\/akdenizolaygazetesi.com\/index.php?rest_route=\/wp\/v2\/posts"}],"about":[{"href":"https:\/\/akdenizolaygazetesi.com\/index.php?rest_route=\/wp\/v2\/types\/post"}],"author":[{"embeddable":true,"href":"https:\/\/akdenizolaygazetesi.com\/index.php?rest_route=\/wp\/v2\/users\/2"}],"replies":[{"embeddable":true,"href":"https:\/\/akdenizolaygazetesi.com\/index.php?rest_route=%2Fwp%2Fv2%2Fcomments&post=35548"}],"version-history":[{"count":1,"href":"https:\/\/akdenizolaygazetesi.com\/index.php?rest_route=\/wp\/v2\/posts\/35548\/revisions"}],"predecessor-version":[{"id":35550,"href":"https:\/\/akdenizolaygazetesi.com\/index.php?rest_route=\/wp\/v2\/posts\/35548\/revisions\/35550"}],"wp:featuredmedia":[{"embeddable":true,"href":"https:\/\/akdenizolaygazetesi.com\/index.php?rest_route=\/wp\/v2\/media\/35549"}],"wp:attachment":[{"href":"https:\/\/akdenizolaygazetesi.com\/index.php?rest_route=%2Fwp%2Fv2%2Fmedia&parent=35548"}],"wp:term":[{"taxonomy":"category","embeddable":true,"href":"https:\/\/akdenizolaygazetesi.com\/index.php?rest_route=%2Fwp%2Fv2%2Fcategories&post=35548"},{"taxonomy":"post_tag","embeddable":true,"href":"https:\/\/akdenizolaygazetesi.com\/index.php?rest_route=%2Fwp%2Fv2%2Ftags&post=35548"}],"curies":[{"name":"wp","href":"https:\/\/api.w.org\/{rel}","templated":true}]}}