{"id":35767,"date":"2025-07-18T15:06:06","date_gmt":"2025-07-18T12:06:06","guid":{"rendered":"http:\/\/akdenizolaygazetesi.com\/?p=35767"},"modified":"2025-07-18T15:06:06","modified_gmt":"2025-07-18T12:06:06","slug":"chpli-gulcan-kis-bu-yasa-tam-bir-doga-talanidir-gecit-vermeyecegiz","status":"publish","type":"post","link":"https:\/\/akdenizolaygazetesi.com\/?p=35767","title":{"rendered":"CHP&#8217;li G\u00fclcan K\u0131\u015f: &#8220;Bu Yasa Tam Bir Do\u011fa Talan\u0131d\u0131r, Ge\u00e7it Vermeyece\u011fiz!&#8221;"},"content":{"rendered":"<ul type=\"disc\">\n<li>&#8220;Bu Yasa Halk\u0131n De\u011fil \u015eirketlerin Yasas\u0131d\u0131r!&#8221;<\/li>\n<li>&#8216;S\u00fcper \u0130zin&#8217; Yasas\u0131na Sert Tepki: &#8220;Bu Talan D\u00fczenine Ge\u00e7it Yok!&#8221;<\/li>\n<li>&#8220;Don Vurdu, Tar\u0131m Bitti, AKP H\u00e2l\u00e2 Talan Pe\u015finde!&#8221;<\/li>\n<\/ul>\n<p>CHP Mersin Milletvekili G\u00fclcan K\u0131\u015f, TBMM Genel Kurulu&#8217;nda g\u00f6r\u00fc\u015fmeleri s\u00fcren ve kamuoyunda &#8220;S\u00fcper \u0130zin&#8221; olarak bilinen maden yasas\u0131 teklifine sert s\u00f6zlerle tepki g\u00f6sterdi.<\/p>\n<p>G\u00fclcan K\u0131\u015f, konu\u015fmas\u0131nda teklifin yaln\u0131zca maden sahalar\u0131n\u0131 de\u011fil, T\u00fcrkiye&#8217;nin do\u011fal varl\u0131klar\u0131n\u0131 ve halk\u0131n ge\u00e7im kaynaklar\u0131n\u0131 tehdit etti\u011fini vurgulayarak, &#8220;Bu yasa tam anlam\u0131yla bir\u00a0<strong>do\u011fa talan\u0131 yasas\u0131d\u0131r.<\/strong>\u00a0Zeytinlikleri, ormanlar\u0131, meralar\u0131, tar\u0131m alanlar\u0131n\u0131, su kaynaklar\u0131n\u0131 &#8216;s\u00fcper izin&#8217; ad\u0131 alt\u0131nda \u015firketlerin \u00e7\u0131kar\u0131na a\u00e7maya \u00e7al\u0131\u015f\u0131yorsunuz&#8221; dedi.<\/p>\n<p>AKP iktidar\u0131n\u0131n kamu yarar\u0131 bahanesiyle\u00a0<strong>zeytin a\u011fa\u00e7lar\u0131n\u0131 s\u00f6kmeye, acele kamula\u015ft\u0131rma yoluyla k\u00f6yl\u00fcn\u00fcn topra\u011f\u0131n\u0131 elinden almaya<\/strong>\u00a0\u00e7al\u0131\u015ft\u0131\u011f\u0131n\u0131 belirten G\u00fclcan K\u0131\u015f, &#8220;\u00dcstelik ruhsat sahiplerinden al\u0131nacak \u00fccretlerle &#8216;rehabilitasyon&#8217; diyerek bu tahribat\u0131 me\u015frula\u015ft\u0131r\u0131yorsunuz&#8221; ifadelerini kulland\u0131.<\/p>\n<p>\u0130klim krizinin etkilerinin her ge\u00e7en g\u00fcn derinle\u015fti\u011fini, don felaketinin tar\u0131m\u0131 vurdu\u011funu ve \u00e7ift\u00e7inin peri\u015fan durumda oldu\u011funu hat\u0131rlatan CHP&#8217;li G\u00fclcan K\u0131\u015f, &#8220;Halk \u00fcretim derdinde, siz h\u00e2l\u00e2 do\u011fay\u0131 yok etmenin pe\u015findesiniz. Zeytin s\u00f6kerek, suyu kirleterek kalk\u0131nma olmaz. Bu a\u00e7g\u00f6zl\u00fcl\u00fck \u00fclkeye fayda de\u011fil, felaket getirir&#8221; diye konu\u015ftu.<\/p>\n<p>CHP Mersin Milletvekili G\u00fclcan K\u0131\u015f s\u00f6zlerini, &#8220;Cumhuriyet Halk Partisi olarak bizler bu talan d\u00fczenine ge\u00e7it vermeyece\u011fiz.\u00a0<strong>Halk i\u00e7in, do\u011fa i\u00e7in, gelecek i\u00e7in bu yasaya #Hay\u0131r diyoruz<\/strong>&#8221; ifadeleriyle tamamlad\u0131.<\/p>\n","protected":false},"excerpt":{"rendered":"<p>&#8220;Bu Yasa Halk\u0131n De\u011fil \u015eirketlerin Yasas\u0131d\u0131r!&#8221; &#8216;S\u00fcper \u0130zin&#8217; Yasas\u0131na Sert Tepki: &#8220;Bu Talan D\u00fczenine Ge\u00e7it Yok!&#8221; &#8220;Don Vurdu, Tar\u0131m Bitti, AKP H\u00e2l\u00e2 Talan Pe\u015finde!&#8221; CHP Mersin Milletvekili G\u00fclcan K\u0131\u015f, TBMM &hellip; <a href=\"https:\/\/akdenizolaygazetesi.com\/?p=35767\" class=\"more-link\">Devam\u0131n\u0131 Oku&#8230;<\/a><\/p>\n","protected":false},"author":2,"featured_media":35768,"comment_status":"open","ping_status":"open","sticky":false,"template":"","format":"standard","meta":[],"categories":[1,2,3],"tags":[],"_links":{"self":[{"href":"https:\/\/akdenizolaygazetesi.com\/index.php?rest_route=\/wp\/v2\/posts\/35767"}],"collection":[{"href":"https:\/\/akdenizolaygazetesi.com\/index.php?rest_route=\/wp\/v2\/posts"}],"about":[{"href":"https:\/\/akdenizolaygazetesi.com\/index.php?rest_route=\/wp\/v2\/types\/post"}],"author":[{"embeddable":true,"href":"https:\/\/akdenizolaygazetesi.com\/index.php?rest_route=\/wp\/v2\/users\/2"}],"replies":[{"embeddable":true,"href":"https:\/\/akdenizolaygazetesi.com\/index.php?rest_route=%2Fwp%2Fv2%2Fcomments&post=35767"}],"version-history":[{"count":1,"href":"https:\/\/akdenizolaygazetesi.com\/index.php?rest_route=\/wp\/v2\/posts\/35767\/revisions"}],"predecessor-version":[{"id":35769,"href":"https:\/\/akdenizolaygazetesi.com\/index.php?rest_route=\/wp\/v2\/posts\/35767\/revisions\/35769"}],"wp:featuredmedia":[{"embeddable":true,"href":"https:\/\/akdenizolaygazetesi.com\/index.php?rest_route=\/wp\/v2\/media\/35768"}],"wp:attachment":[{"href":"https:\/\/akdenizolaygazetesi.com\/index.php?rest_route=%2Fwp%2Fv2%2Fmedia&parent=35767"}],"wp:term":[{"taxonomy":"category","embeddable":true,"href":"https:\/\/akdenizolaygazetesi.com\/index.php?rest_route=%2Fwp%2Fv2%2Fcategories&post=35767"},{"taxonomy":"post_tag","embeddable":true,"href":"https:\/\/akdenizolaygazetesi.com\/index.php?rest_route=%2Fwp%2Fv2%2Ftags&post=35767"}],"curies":[{"name":"wp","href":"https:\/\/api.w.org\/{rel}","templated":true}]}}