{"id":35845,"date":"2025-07-28T14:47:51","date_gmt":"2025-07-28T11:47:51","guid":{"rendered":"http:\/\/akdenizolaygazetesi.com\/?p=35845"},"modified":"2025-07-28T14:47:51","modified_gmt":"2025-07-28T11:47:51","slug":"bakan-yardimcimizdan-yangin-ekiplerine-destek","status":"publish","type":"post","link":"https:\/\/akdenizolaygazetesi.com\/?p=35845","title":{"rendered":"Bakan Yard\u0131mc\u0131m\u0131zdan Yang\u0131n Ekiplerine Destek"},"content":{"rendered":"<p>Mersin Orman B\u00f6lge M\u00fcd\u00fcrl\u00fc\u011f\u00fcm\u00fcze ba\u011fl\u0131 Silifke Orman \u0130\u015fletme M\u00fcd\u00fcrl\u00fc\u011f\u00fc sorumluluk alan\u0131nda bulunan \u00c7ad\u0131rl\u0131 Kocap\u0131nar Mevkii&#8217;nde 26.07.2025 tarihinde \u00e7\u0131kan orman yang\u0131n\u0131, ekiplerimizin h\u0131zl\u0131 ve etkin m\u00fcdahalesi ile kontrol alt\u0131na al\u0131nm\u0131\u015ft\u0131r.<\/p>\n<p>&nbsp;<\/p>\n<p>B\u00f6lge M\u00fcd\u00fcr\u00fcm\u00fcz Rifat Ata\u015f, Tar\u0131m ve Orman Bakan Yard\u0131mc\u0131m\u0131z Say\u0131n Prof. Dr. Ahmet G\u00fcmen ile birlikte, orman yang\u0131n\u0131 b\u00f6lgesindeki ekip arkada\u015flar\u0131m\u0131za ve vatanda\u015flara ge\u00e7mi\u015f olsun dileklerini ileterek, \u00e7al\u0131\u015fmalarda ba\u015far\u0131lar diledi.<\/p>\n<p>&nbsp;<\/p>\n<p>Orman yang\u0131n\u0131 s\u00f6nd\u00fcrme \u00e7al\u0131\u015fmalar\u0131nda ekiplerimizin yan\u0131m\u0131zda olan Tar\u0131m ve Orman Bakan Yard\u0131mc\u0131m\u0131z Say\u0131n Prof. Dr. Ahmet G\u00fcmen&#8217;e te\u015fekk\u00fcr ederek, ekip arkada\u015flar\u0131m\u0131za ve vatanda\u015flar\u0131m\u0131za ge\u00e7mi\u015f olsun dileklerimizi iletiyoruz.<\/p>\n<p>&nbsp;<\/p>\n<p>&nbsp;<\/p>\n","protected":false},"excerpt":{"rendered":"<p>Mersin Orman B\u00f6lge M\u00fcd\u00fcrl\u00fc\u011f\u00fcm\u00fcze ba\u011fl\u0131 Silifke Orman \u0130\u015fletme M\u00fcd\u00fcrl\u00fc\u011f\u00fc sorumluluk alan\u0131nda bulunan \u00c7ad\u0131rl\u0131 Kocap\u0131nar Mevkii&#8217;nde 26.07.2025 tarihinde \u00e7\u0131kan orman yang\u0131n\u0131, ekiplerimizin h\u0131zl\u0131 ve etkin m\u00fcdahalesi ile kontrol alt\u0131na al\u0131nm\u0131\u015ft\u0131r. &nbsp; &hellip; <a href=\"https:\/\/akdenizolaygazetesi.com\/?p=35845\" class=\"more-link\">Devam\u0131n\u0131 Oku&#8230;<\/a><\/p>\n","protected":false},"author":2,"featured_media":35846,"comment_status":"open","ping_status":"open","sticky":false,"template":"","format":"standard","meta":[],"categories":[1,2,3],"tags":[],"_links":{"self":[{"href":"https:\/\/akdenizolaygazetesi.com\/index.php?rest_route=\/wp\/v2\/posts\/35845"}],"collection":[{"href":"https:\/\/akdenizolaygazetesi.com\/index.php?rest_route=\/wp\/v2\/posts"}],"about":[{"href":"https:\/\/akdenizolaygazetesi.com\/index.php?rest_route=\/wp\/v2\/types\/post"}],"author":[{"embeddable":true,"href":"https:\/\/akdenizolaygazetesi.com\/index.php?rest_route=\/wp\/v2\/users\/2"}],"replies":[{"embeddable":true,"href":"https:\/\/akdenizolaygazetesi.com\/index.php?rest_route=%2Fwp%2Fv2%2Fcomments&post=35845"}],"version-history":[{"count":1,"href":"https:\/\/akdenizolaygazetesi.com\/index.php?rest_route=\/wp\/v2\/posts\/35845\/revisions"}],"predecessor-version":[{"id":35847,"href":"https:\/\/akdenizolaygazetesi.com\/index.php?rest_route=\/wp\/v2\/posts\/35845\/revisions\/35847"}],"wp:featuredmedia":[{"embeddable":true,"href":"https:\/\/akdenizolaygazetesi.com\/index.php?rest_route=\/wp\/v2\/media\/35846"}],"wp:attachment":[{"href":"https:\/\/akdenizolaygazetesi.com\/index.php?rest_route=%2Fwp%2Fv2%2Fmedia&parent=35845"}],"wp:term":[{"taxonomy":"category","embeddable":true,"href":"https:\/\/akdenizolaygazetesi.com\/index.php?rest_route=%2Fwp%2Fv2%2Fcategories&post=35845"},{"taxonomy":"post_tag","embeddable":true,"href":"https:\/\/akdenizolaygazetesi.com\/index.php?rest_route=%2Fwp%2Fv2%2Ftags&post=35845"}],"curies":[{"name":"wp","href":"https:\/\/api.w.org\/{rel}","templated":true}]}}