{"id":35911,"date":"2025-07-31T15:49:59","date_gmt":"2025-07-31T12:49:59","guid":{"rendered":"http:\/\/akdenizolaygazetesi.com\/?p=35911"},"modified":"2025-07-31T15:49:59","modified_gmt":"2025-07-31T12:49:59","slug":"mersinde-universiteliler-icin-cok-sey-var","status":"publish","type":"post","link":"https:\/\/akdenizolaygazetesi.com\/?p=35911","title":{"rendered":"&#8220;MERS\u0130N&#8217;DE \u00dcN\u0130VERS\u0130TEL\u0130LER \u0130\u00c7\u0130N \u00c7OK \u015eEY VAR&#8221;"},"content":{"rendered":"<p class=\"v1MsoNoSpacing\">T\u00fcrkiye Belediyeler Birli\u011fi Ba\u015fkan Vekili ve Mersin B\u00fcy\u00fck\u015fehir Belediye Ba\u015fkan\u0131 Vahap Se\u00e7er, 1 &#8211; 13 A\u011fustos tarihleri aras\u0131nda tercih yapacak olan \u00fcniversite adaylar\u0131n\u0131 Mersin&#8217;i tercih etmeye davet etti. Gen\u00e7lere seslenen Ba\u015fkan Se\u00e7er, Mersin&#8217;in \u00fcniversite \u00f6\u011frencileri i\u00e7in sundu\u011fu olanaklar\u0131 anlatarak, B\u00fcy\u00fck\u015fehir Belediyesi&#8217;nin projeleri ile Mersin&#8217;i\u00a0<b>&#8217;10 numara \u00f6\u011frenci kenti&#8217;<\/b>\u00a0haline getirdi\u011fini anlatt\u0131.<\/p>\n<p class=\"v1MsoNoSpacing\">\n<p class=\"v1MsoNoSpacing\">Gen\u00e7lerin y\u00fcksek \u00f6\u011fretim ya\u015famlar\u0131n\u0131 B\u00fcy\u00fck\u015fehir Belediyesi&#8217;nin projeleri ile Mersin&#8217;de daha rahat ve mutlu tamamlayacaklar\u0131n\u0131 vurgulayan Se\u00e7er,\u00a0<b>&#8220;Hayalini kurdu\u011funuz \u00fcniversite y\u0131llar\u0131 ba\u015fl\u0131yor. Bu hayali Mersin&#8217;de ger\u00e7ekle\u015ftirin, \u00e7\u00fcnk\u00fc Mersin&#8217;de \u00fcniversiteliler i\u00e7in \u00e7ok \u015fey var&#8221;\u00a0<\/b>diye konu\u015ftu. Mersin&#8217;de \u00f6\u011frencilere ucuz ula\u015f\u0131m, yurtlar, \u00f6\u011frenci konukevleri, \u00e7ama\u015f\u0131r kafe, \u00fccretsiz ev ta\u015f\u0131ma deste\u011fi ve \u015fehrin d\u00f6rt bir yan\u0131nda modern k\u00fct\u00fcphaneler gibi birbirinden \u00f6nemli ve g\u00fczel hizmetler sunuldu\u011funu belirten Se\u00e7er,\u00a0<b>&#8220;Mersin hepsinden \u00f6te; \u00f6zg\u00fcrce nefes al\u0131nan, gen\u00e7lerin de\u011fer g\u00f6rd\u00fc\u011f\u00fc bir \u015fehir&#8221;\u00a0<\/b>dedi.<\/p>\n<p class=\"v1MsoNoSpacing\">\n<p class=\"v1MsoNoSpacing\">K\u00fclt\u00fcr-sanat faaliyetlerine vurgu yapan Se\u00e7er, y\u0131l boyunca d\u00fczenlenen festivaller, \u015fenlikler ve konserlerle \u00f6\u011frencilerin aktif bir \u00fcniversite hayat\u0131 ge\u00e7irebilece\u011fini s\u00f6yledi. Mersin&#8217;in \u00f6zg\u00fcrl\u00fck\u00e7\u00fc yap\u0131s\u0131yla gen\u00e7lere de\u011fer veren bir \u015fehir oldu\u011funu belirten Se\u00e7er<b>, &#8220;\u00dcniversite tercihinizi, 2 devlet ve 2 vak\u0131f \u00fcniversitesiyle Mersin&#8217;den yana kullan\u0131n. Hadi gen\u00e7ler, hayallerinizi birlikte ger\u00e7ekle\u015ftirmek i\u00e7in sizleri Mersin&#8217;e bekliyoruz&#8221;<\/b>\u00a0dedi.<\/p>\n<p class=\"v1MsoNoSpacing\">T\u00fcrkiye Belediyeler Birli\u011fi (TBB) Ba\u015fkan Vekili ve Mersin B\u00fcy\u00fck\u015fehir Belediye Ba\u015fkan\u0131 Vahap Se\u00e7er, 1 &#8211; 13 A\u011fustos tarihleri aras\u0131nda tercih yapacak olan \u00fcniversite adaylar\u0131na y\u00f6nelik mesaj yay\u0131mlad\u0131. Gen\u00e7lere seslenen Ba\u015fkan Se\u00e7er, Mersin&#8217;in \u00fcniversite \u00f6\u011frencileri i\u00e7in sundu\u011fu olanaklar\u0131 anlatarak, tercihlerini bu \u015fehirden yana kullanmalar\u0131 \u00e7a\u011fr\u0131s\u0131nda bulundu.<\/p>\n<p class=\"v1MsoNoSpacing\">\n<p class=\"v1MsoNoSpacing\"><b>Ba\u015fkan Se\u00e7er: &#8220;Mersin&#8217;de \u00fcniversiteliler i\u00e7in \u00e7ok \u015fey var&#8221;<\/b><\/p>\n<p class=\"v1MsoNoSpacing\">Gen\u00e7lerin y\u00fcksek \u00f6\u011fretim ya\u015famlar\u0131n\u0131 Mersin&#8217;de B\u00fcy\u00fck\u015fehir Belediyesi&#8217;nin projeleri ile daha rahat ve mutlu tamamlayacaklar\u0131n\u0131 vurgulayan Se\u00e7er,\u00a0<b>&#8220;S\u0131nav stresi ve yo\u011fun tempoyla ge\u00e7en bir y\u0131l\u0131 geride b\u0131rakt\u0131n\u0131z. \u015eimdi yepyeni bir yol a\u00e7\u0131l\u0131yor, hayalini kurdu\u011funuz \u00fcniversite y\u0131llar\u0131 ba\u015fl\u0131yor. Bu hayali Mersin&#8217;de ger\u00e7ekle\u015ftirin. \u00c7\u00fcnk\u00fc Mersin&#8217;de \u00fcniversiteliler i\u00e7in \u00e7ok \u015fey var&#8221;<\/b>\u00a0diyerek, Mersin&#8217;in \u00f6\u011frenci dostu uygulamalar\u0131 ve ya\u015fam ko\u015fullar\u0131na dikkat \u00e7ekti.<\/p>\n<p class=\"v1MsoNoSpacing\">\n<p class=\"v1MsoNoSpacing\"><b>&#8220;Gen\u00e7lerin de\u011fer g\u00f6rd\u00fc\u011f\u00fc bir \u015fehir sizleri bekliyor&#8221;<\/b><\/p>\n<p class=\"v1MsoNoSpacing\">Mersin&#8217;in, do\u011fas\u0131 ve tarihiyle b\u00fcy\u00fck bir zenginli\u011fe sahip oldu\u011funu dile getiren Se\u00e7er, B\u00fcy\u00fck\u015fehir Belediyesi&#8217;nin \u00f6\u011frenciler i\u00e7in hayata ge\u00e7irdi\u011fi projelerden s\u00f6z etti. Se\u00e7er\u00a0<b>&#8220;Ucuz ula\u015f\u0131m, yurtlar ve \u00f6\u011frenci konukevleri, \u00e7ama\u015f\u0131r kafe, \u00fccretsiz ev ta\u015f\u0131ma, \u015fehrin her yerinde yeni nesil k\u00fct\u00fcphaneler, ucuz yemek, sahilde belediyemizin kafelerinde part-time i\u015f imk\u00e2n\u0131, festivaller, \u015fenlikler, konserler; y\u0131l\u0131n her d\u00f6nemi devam eden k\u00fclt\u00fcr-sanat faaliyetleri ve hepsinden \u00f6te; \u00f6zg\u00fcrce nefes al\u0131nan, gen\u00e7lerin de\u011fer g\u00f6rd\u00fc\u011f\u00fc bir \u015fehir sizleri bekliyor&#8221;<\/b>\u00a0ifadelerini kulland\u0131.<\/p>\n<p class=\"v1MsoNoSpacing\"><b>\u00a0<\/b><\/p>\n<p class=\"v1MsoNoSpacing\"><b>&#8220;Gen\u00e7ler, hayallerinizi birlikte ger\u00e7ekle\u015ftirmek i\u00e7in sizleri Mersin&#8217;e bekliyoruz&#8221;<\/b><\/p>\n<p class=\"v1MsoNoSpacing\">\u00c7\u0131km\u0131\u015f olduklar\u0131 yolculukta, \u00f6\u011frencilerin hayallerini birlikte ger\u00e7ekle\u015ftirmek \u00fczere \u00e7a\u011fr\u0131da bulunan Se\u00e7er,\u00a0<b>&#8220;\u00dcniversite tercihinizi, 2 devlet ve 2 vak\u0131f \u00fcniversitesiyle Mersin&#8217;den yana kullan\u0131n. Hadi gen\u00e7ler, hayallerinizi birlikte ger\u00e7ekle\u015ftirmek i\u00e7in sizleri Mersin&#8217;e bekliyoruz&#8221;<\/b>\u00a0dedi.<\/p>\n","protected":false},"excerpt":{"rendered":"<p>T\u00fcrkiye Belediyeler Birli\u011fi Ba\u015fkan Vekili ve Mersin B\u00fcy\u00fck\u015fehir Belediye Ba\u015fkan\u0131 Vahap Se\u00e7er, 1 &#8211; 13 A\u011fustos tarihleri aras\u0131nda tercih yapacak olan \u00fcniversite adaylar\u0131n\u0131 Mersin&#8217;i tercih etmeye davet etti. Gen\u00e7lere seslenen &hellip; <a href=\"https:\/\/akdenizolaygazetesi.com\/?p=35911\" class=\"more-link\">Devam\u0131n\u0131 Oku&#8230;<\/a><\/p>\n","protected":false},"author":2,"featured_media":35912,"comment_status":"open","ping_status":"open","sticky":false,"template":"","format":"standard","meta":[],"categories":[1,2,3],"tags":[],"_links":{"self":[{"href":"https:\/\/akdenizolaygazetesi.com\/index.php?rest_route=\/wp\/v2\/posts\/35911"}],"collection":[{"href":"https:\/\/akdenizolaygazetesi.com\/index.php?rest_route=\/wp\/v2\/posts"}],"about":[{"href":"https:\/\/akdenizolaygazetesi.com\/index.php?rest_route=\/wp\/v2\/types\/post"}],"author":[{"embeddable":true,"href":"https:\/\/akdenizolaygazetesi.com\/index.php?rest_route=\/wp\/v2\/users\/2"}],"replies":[{"embeddable":true,"href":"https:\/\/akdenizolaygazetesi.com\/index.php?rest_route=%2Fwp%2Fv2%2Fcomments&post=35911"}],"version-history":[{"count":1,"href":"https:\/\/akdenizolaygazetesi.com\/index.php?rest_route=\/wp\/v2\/posts\/35911\/revisions"}],"predecessor-version":[{"id":35913,"href":"https:\/\/akdenizolaygazetesi.com\/index.php?rest_route=\/wp\/v2\/posts\/35911\/revisions\/35913"}],"wp:featuredmedia":[{"embeddable":true,"href":"https:\/\/akdenizolaygazetesi.com\/index.php?rest_route=\/wp\/v2\/media\/35912"}],"wp:attachment":[{"href":"https:\/\/akdenizolaygazetesi.com\/index.php?rest_route=%2Fwp%2Fv2%2Fmedia&parent=35911"}],"wp:term":[{"taxonomy":"category","embeddable":true,"href":"https:\/\/akdenizolaygazetesi.com\/index.php?rest_route=%2Fwp%2Fv2%2Fcategories&post=35911"},{"taxonomy":"post_tag","embeddable":true,"href":"https:\/\/akdenizolaygazetesi.com\/index.php?rest_route=%2Fwp%2Fv2%2Ftags&post=35911"}],"curies":[{"name":"wp","href":"https:\/\/api.w.org\/{rel}","templated":true}]}}