{"id":35922,"date":"2025-08-01T15:18:54","date_gmt":"2025-08-01T12:18:54","guid":{"rendered":"http:\/\/akdenizolaygazetesi.com\/?p=35922"},"modified":"2025-08-01T15:18:54","modified_gmt":"2025-08-01T12:18:54","slug":"deva-partili-ekmen-12-yasindaki-eyup-canin-olumunun-takipcisiyim","status":"publish","type":"post","link":"https:\/\/akdenizolaygazetesi.com\/?p=35922","title":{"rendered":"DEVA Partili Ekmen: 12 ya\u015f\u0131ndaki Ey\u00fcp Can\u2019\u0131n \u00f6l\u00fcm\u00fcn\u00fcn takip\u00e7isiyim"},"content":{"rendered":"<p>Kamuoyuna yans\u0131yan 12 ya\u015f\u0131ndaki Ey\u00fcp Can\u2019\u0131n hayat\u0131n\u0131 kaybetti\u011fi olayla ilgili s\u00fcreci yak\u0131ndan takip etti\u011fini belirten Ekmen, \u201c12 ya\u015f\u0131ndaki bir \u00e7ocu\u011fun \u00f6l\u00fcm\u00fcnden bahsediyoruz, durumun ne kadar i\u00e7ler ac\u0131s\u0131 oldu\u011fu ortada. Dosya ile ilgilenen avukatlar ve Ey\u00fcp Can\u2019\u0131n babas\u0131 \u0130brahim Bey ile g\u00f6r\u00fc\u015ft\u00fcm. Taraf\u0131ma ula\u015fan bilgiye g\u00f6re; \u00e7ocuk, i\u015f yerine ziyarete gelen bir ba\u015fka yerin \u00e7al\u0131\u015fan\u0131 24 ya\u015f\u0131ndaki Necmettin isimli ustaba\u015f\u0131ndan ka\u00e7arken bir i\u015fhan\u0131na giriyor ve i\u015fhan\u0131n\u0131n ortas\u0131nda bulunan galeri bo\u015flu\u011fundan alt kata d\u00fc\u015f\u00fcyor. Olay yerinde kamera kayd\u0131 bulunmad\u0131\u011f\u0131 i\u00e7in d\u00fc\u015fmenin nas\u0131l ger\u00e7ekle\u015fti\u011fi net olarak tespit edilememi\u015ftir. \u015e\u00fcpheli, ifadesinde &#8216;i\u015fhan\u0131n\u0131n karanl\u0131k olmas\u0131 nedeniyle \u00e7ocu\u011fun d\u00fc\u015ft\u00fc\u011f\u00fcn\u00fc g\u00f6rmedi\u011fini&#8217; beyan etmi\u015ftir. \u0130lk adli rapora g\u00f6re Ey\u00fcp Can\u2019\u0131n v\u00fccudunda d\u00fc\u015fmeye ba\u011fl\u0131 k\u0131r\u0131klar tespit edilmi\u015ftir, ancak kesin \u00f6l\u00fcm sebebine ili\u015fkin Adli T\u0131p Kurumu\u2019ndan hen\u00fcz nihai rapor gelmemi\u015ftir. Baba \u0130brahim, \u00e7ocu\u011funun v\u00fccudunda \u00e7ok say\u0131da kesik g\u00f6rd\u00fc\u011f\u00fcn\u00fc de ifade etmi\u015ftir. S\u00fcreci yak\u0131ndan takip ediyorum\u201d dedi.<\/p>\n<p>&nbsp;<\/p>\n<p><strong>Ey\u00fcp Can\u2019\u0131n kayb\u0131 y\u00fcre\u011fimizi da\u011flad\u0131<\/strong><\/p>\n<p>Ekmen, \u201cSosyal medyada yer alan \u2018\u00e7ocu\u011fun b\u0131\u00e7aklanarak \u00f6ld\u00fcr\u00fcld\u00fc\u011f\u00fc\u2019 y\u00f6n\u00fcndeki iddialar, \u015fu an i\u00e7in resmi bulgularla do\u011frulanmam\u0131\u015f olup teyide muhta\u00e7t\u0131r. Hen\u00fcz \u00e7ok k\u00fc\u00e7\u00fck ya\u015fta, hayat\u0131n\u0131n daha ba\u015f\u0131nda olan Ey\u00fcp Can\u2019\u0131n kayb\u0131 hepimizin y\u00fcre\u011fini da\u011flad\u0131. Allah\u2019tan rahmet diliyorum, ac\u0131l\u0131 ailesine sab\u0131r ve ba\u015fsa\u011fl\u0131\u011f\u0131 temenni ediyorum\u201d dedi.<\/p>\n<p>&nbsp;<\/p>\n","protected":false},"excerpt":{"rendered":"<p>Kamuoyuna yans\u0131yan 12 ya\u015f\u0131ndaki Ey\u00fcp Can\u2019\u0131n hayat\u0131n\u0131 kaybetti\u011fi olayla ilgili s\u00fcreci yak\u0131ndan takip etti\u011fini belirten Ekmen, \u201c12 ya\u015f\u0131ndaki bir \u00e7ocu\u011fun \u00f6l\u00fcm\u00fcnden bahsediyoruz, durumun ne kadar i\u00e7ler ac\u0131s\u0131 oldu\u011fu ortada. Dosya &hellip; <a href=\"https:\/\/akdenizolaygazetesi.com\/?p=35922\" class=\"more-link\">Devam\u0131n\u0131 Oku&#8230;<\/a><\/p>\n","protected":false},"author":2,"featured_media":35481,"comment_status":"open","ping_status":"open","sticky":false,"template":"","format":"standard","meta":[],"categories":[1,2,3],"tags":[],"_links":{"self":[{"href":"https:\/\/akdenizolaygazetesi.com\/index.php?rest_route=\/wp\/v2\/posts\/35922"}],"collection":[{"href":"https:\/\/akdenizolaygazetesi.com\/index.php?rest_route=\/wp\/v2\/posts"}],"about":[{"href":"https:\/\/akdenizolaygazetesi.com\/index.php?rest_route=\/wp\/v2\/types\/post"}],"author":[{"embeddable":true,"href":"https:\/\/akdenizolaygazetesi.com\/index.php?rest_route=\/wp\/v2\/users\/2"}],"replies":[{"embeddable":true,"href":"https:\/\/akdenizolaygazetesi.com\/index.php?rest_route=%2Fwp%2Fv2%2Fcomments&post=35922"}],"version-history":[{"count":1,"href":"https:\/\/akdenizolaygazetesi.com\/index.php?rest_route=\/wp\/v2\/posts\/35922\/revisions"}],"predecessor-version":[{"id":35923,"href":"https:\/\/akdenizolaygazetesi.com\/index.php?rest_route=\/wp\/v2\/posts\/35922\/revisions\/35923"}],"wp:featuredmedia":[{"embeddable":true,"href":"https:\/\/akdenizolaygazetesi.com\/index.php?rest_route=\/wp\/v2\/media\/35481"}],"wp:attachment":[{"href":"https:\/\/akdenizolaygazetesi.com\/index.php?rest_route=%2Fwp%2Fv2%2Fmedia&parent=35922"}],"wp:term":[{"taxonomy":"category","embeddable":true,"href":"https:\/\/akdenizolaygazetesi.com\/index.php?rest_route=%2Fwp%2Fv2%2Fcategories&post=35922"},{"taxonomy":"post_tag","embeddable":true,"href":"https:\/\/akdenizolaygazetesi.com\/index.php?rest_route=%2Fwp%2Fv2%2Ftags&post=35922"}],"curies":[{"name":"wp","href":"https:\/\/api.w.org\/{rel}","templated":true}]}}