{"id":35964,"date":"2025-08-06T16:27:53","date_gmt":"2025-08-06T13:27:53","guid":{"rendered":"http:\/\/akdenizolaygazetesi.com\/?p=35964"},"modified":"2025-08-06T16:27:53","modified_gmt":"2025-08-06T13:27:53","slug":"mersin-ile-lazkiye-arasinda-isbirligi-protokolu-imzalandi","status":"publish","type":"post","link":"https:\/\/akdenizolaygazetesi.com\/?p=35964","title":{"rendered":"Mersin ile Lazkiye aras\u0131nda i\u015fbirli\u011fi protokol\u00fc imzaland\u0131"},"content":{"rendered":"<p>T\u00fcrkiye Odalar ve Borsalar Birli\u011fi\u2019nde d\u00fczenlenen T\u00fcrkiye \u2013 Suriye Yuvarlak Masa Toplant\u0131s\u0131\u2019nda Mersin Ticaret ve Sanayi Odas\u0131 ile Lazkiye Ticaret Odas\u0131 aras\u0131nda ticareti geli\u015ftirmeye y\u00f6nelik i\u015fbirli\u011fi protokol\u00fc imzaland\u0131. \u0130ki kent aras\u0131nda g\u00fc\u00e7l\u00fc tarihi ba\u011flar bulundu\u011funu hat\u0131rlatan MTSO Y\u00f6netim Kurulu Ba\u015fkan\u0131 Hakan Sefa \u00c7ak\u0131r, \u201cLazkiye ile yapt\u0131\u011f\u0131m\u0131z bu protokolle ticari yol haritam\u0131z daha da netle\u015fecektir\u201d de\u011ferlendirmesini yapt\u0131.<\/p>\n<p><img src=\"https:\/\/mtso.org.tr\/etiketIcerikResimler\/b8b7a627-8127-4b54-9162-ae103775a0fa.jpg\" alt=\"\" \/>Mersin Ticaret ve Sanayi Odas\u0131 (MTSO) Y\u00f6netim Kurulu Ba\u015fkan\u0131 Hakan Sefa \u00c7ak\u0131r, T\u00fcrkiye Odalar ve Borsalar Birli\u011fi (TOBB) Ba\u015fkan\u0131 M. Rifat Hisarc\u0131kl\u0131o\u011flu ev sahipli\u011finde, Ticaret Bakan\u0131 Prof. Dr. \u00d6mer Bolat ve Suriye Ekonomi ve Sanayi Bakan\u0131 Nidal e\u015f-\u015eaar\u2019\u0131n kat\u0131l\u0131m\u0131yla d\u00fczenlenen \u2018T\u00fcrkiye-Suriye Yuvarlak Masa Toplant\u0131s\u0131\u2019na kat\u0131ld\u0131. T\u00fcrkiye ve Suriye i\u015f d\u00fcnyas\u0131 temsilcilerinin haz\u0131r bulundu\u011fu toplant\u0131da iki \u00fclke ticari ili\u015fkilerinin geli\u015ftirilmesi, yat\u0131r\u0131mlar\u0131n art\u0131r\u0131lmas\u0131, Suriye\u2019nin yeniden in\u015fas\u0131 s\u00fcrecinde i\u015fbirli\u011finin g\u00fc\u00e7lendirilmesi konular\u0131n\u0131 ele al\u0131nd\u0131. Toplant\u0131 sonunda MTSO ile Lazkiye Ticaret Odas\u0131 aras\u0131nda i\u015fbirli\u011fi protokol\u00fc imzaland\u0131. \u0130mzay\u0131 Odalar ad\u0131na Y\u00f6netim Kurulu Ba\u015fkanlar\u0131 Hakan Sefa \u00c7ak\u0131r ile Anas Dip Joud att\u0131.<\/p>\n<p><strong>\u00c7ak\u0131r: \u201cSuriye ile Mersin\u2019in tarihi ba\u011f\u0131 var\u201d<\/strong><br \/>\n\u0130mza t\u00f6reni sonras\u0131 k\u0131sa bir de\u011ferlendirme yapan Ba\u015fkan \u00c7ak\u0131r \u015funlar\u0131 s\u00f6yledi:<br \/>\n\u201cSuriye ile Mersin aras\u0131nda ge\u00e7mi\u015fe uzanan g\u00fc\u00e7l\u00fc ekonomik ve sosyal ba\u011flar var. 2011 y\u0131l\u0131nda ba\u015flayan sorunlara kadar Suriye ile \u00f6nemli ortak projelerimiz vard\u0131. 2006-2010 y\u0131llar\u0131 aras\u0131nda Mersin \u2013 Lazkiye aras\u0131nda haftada iki g\u00fcn feribot seferleri yap\u0131l\u0131yordu. 2010\u2019da d\u00f6nemin bakanlar\u0131n\u0131n kat\u0131l\u0131m\u0131yla \u015eam\u2019da Mersin g\u00fcn\u00fc d\u00fczenlemi\u015f ve s\u0131k\u0131nt\u0131l\u0131 d\u00f6nemlerde dahi Mersin i\u015f d\u00fcnyas\u0131 olarak Suriye\u2019de var olmu\u015ftuk. Ba\u015flayan sorunlar sonras\u0131nda Mersin, Suriye\u2019den en \u00e7ok g\u00f6\u00e7 alan illerin ba\u015f\u0131nda geldi ve bu g\u00f6\u00e7\u00fc ge\u00e7mi\u015f tarihi deneyimiyle iyi y\u00f6netti. Suriye\u2019de yeni y\u00f6netim g\u00f6reve gelir gelmez i\u015f d\u00fcnyas\u0131 olarak ilk ziyaretlerini Mersin\u2019e d\u00fczenledi. Bu da Suriye\u2019nin kentimize g\u00f6sterdi\u011fi \u00f6nemin bir i\u015faretiydi. Mersin i\u015f d\u00fcnyas\u0131 olarak t\u00fcm s\u0131k\u0131nt\u0131lara ra\u011fmen Suriye\u2019de var olaca\u011f\u0131z, \u00fclkenin yeniden yap\u0131lanmas\u0131nda rol oynayaca\u011f\u0131z. Limanlar\u0131m\u0131z\u0131 karde\u015f liman yapaca\u011f\u0131z. Tar\u0131m, turizm, lojisti ve sanayide ortakl\u0131klar kurarak sadece Suriye pazar\u0131nda de\u011fil, Ortado\u011fu\u2019da da birlikte hareket edece\u011fiz. Burada i\u015f d\u00fcnyas\u0131 olarak proaktif bir yakla\u015f\u0131mla devletimizin de \u00f6n\u00fcn\u00fc a\u00e7aca\u011f\u0131z. Beklentimiz en k\u0131sa s\u00fcrede b\u00f6lgede hukuk ve yasalar\u0131n tesisiyle g\u00fcvenli\u011fin sa\u011flanmas\u0131, g\u00fcvenli bankac\u0131l\u0131k sisteminin kurulmas\u0131d\u0131r. Ya\u015fanan g\u00fcmr\u00fck sorunlar\u0131 var ancak TOBB heyetiyle birlikte yapt\u0131\u011f\u0131m\u0131z son Suriye ziyaretinde T\u00fcrkiye\u2019ye mutlaka pozitif ayr\u0131mc\u0131l\u0131k yap\u0131laca\u011f\u0131 s\u00f6z\u00fc verildi. Bakanl\u0131\u011f\u0131m\u0131z\u0131n da takip\u00e7isi olaca\u011f\u0131n\u0131 d\u00fc\u015f\u00fcn\u00fcyoruz. Lazkiye ile yapt\u0131\u011f\u0131m\u0131z bu i\u015fbirli\u011fi protokol\u00fcyle Mersin \u2013 Suriye aras\u0131ndaki ili\u015fkilerin yol haritas\u0131 daha da netle\u015fecektir.<\/p>\n<p><strong>Hisarc\u0131kl\u0131o\u011flu: \u201cT\u00fcrkiye\u2019nin OSB deneyimini Suriye\u2019ye ta\u015f\u0131mak istiyoruz\u201d<\/strong><br \/>\nKar\u015f\u0131l\u0131kl\u0131 ticaret ve yat\u0131r\u0131mlar\u0131n g\u00fc\u00e7lendirilmesi hedefiyle d\u00fczenlenen toplant\u0131da TOBB Ba\u015fkan\u0131 Hisarc\u0131kl\u0131o\u011flu, \u2018Suriye&#8217;nin ekonomik kalk\u0131nmas\u0131nda \u00f6zel sekt\u00f6r\u00fc geli\u015ftirmenin anahtar rol\u00fc oldu\u011funa inan\u0131yoruz. Bizim T\u00fcrkiye deneyimimiz, \u00f6zel sekt\u00f6r\u00fcn geli\u015fimi i\u00e7in g\u00fc\u00e7l\u00fc bir oda sistemini gerektiriyor. Suriye&#8217;deki oda sisteminin yeniden in\u015fas\u0131 veya geli\u015ftirilmesi \u00e7abalar\u0131na destek vermeye haz\u0131r\u0131z\u201d dedi. T\u00fcrkiye\u2019nin OSB deneyimini Suriye\u2019ye ta\u015f\u0131mak istediklerine i\u015faret eden Hisarc\u0131kl\u0131o\u011flu, T\u00fcrkiye\u2019nin OSB modeli sayesinde bir sanayi \u00fclkesi oldu\u011funu s\u00f6yledi. Yak\u0131n zamanda artacak ticaretle Cilveg\u00f6z\u00fc S\u0131n\u0131r Kap\u0131s\u0131\u2019n\u0131n k\u0131sa s\u00fcrede yetersiz kalaca\u011f\u0131na inand\u0131\u011f\u0131na da de\u011finen Hisarc\u0131kl\u0131o\u011flu, \u201cMutlaka yeni s\u0131n\u0131r kap\u0131lar\u0131n\u0131 g\u00fcndemimize almam\u0131z gerekir\u201d dedi.<\/p>\n<p><strong>Bolat: \u201cTIR\u2019lar\u0131m\u0131z s\u0131n\u0131r kap\u0131lar\u0131nda aktarmal\u0131 ta\u015f\u0131ma yapmayacak\u201d<\/strong><br \/>\nTicaret Bakan\u0131 \u00d6mer Bolat ise Suriye ile s\u0131n\u0131r ge\u00e7i\u015flerini kolayla\u015ft\u0131ran, ticareti h\u0131zland\u0131ran ve g\u00fcvenli\u011fi art\u0131ran modernizasyon ad\u0131mlar\u0131n\u0131 att\u0131klar\u0131n\u0131 ve bu \u00fclkeye a\u00e7\u0131lan g\u00fcmr\u00fck kap\u0131lar\u0131n\u0131 iyile\u015ftireceklerini belirterek, &#8220;Art\u0131k, t\u0131rlar\u0131m\u0131z Suriye s\u0131n\u0131r\u0131nda aktarmal\u0131 ta\u015f\u0131ma veya dorse de\u011fi\u015fimi yapmayacak. \u00d6n\u00fcm\u00fczdeki d\u00f6nemde Halep, g\u00fc\u00e7l\u00fc bir lojistik \u00fcs olacak. Suriye&#8217;nin ula\u015f\u0131m koridorlar\u0131 yeniden aktif hale gelecek.&#8221; dedi. T\u00fcrk firmalar\u0131n\u0131n Suriye\u2019nin yeniden imar projelerini \u00fcstlenmeye haz\u0131r oldu\u011funu kaydeden Bolat, iki \u00fclke aras\u0131nda &#8220;Kapsaml\u0131 Ekonomik Ortakl\u0131k Anla\u015fmas\u0131&#8221; tesis etmeye y\u00f6nelik m\u00fczakerelere ba\u015flamaya haz\u0131r olduklar\u0131n\u0131 vurgulad\u0131.<\/p>\n<p><strong>\u015eaar: T\u00fcrk ekonomisi ve i\u015f insanlar\u0131na g\u00fcveniyoruz\u201d<\/strong><br \/>\nToplant\u0131da s\u00f6z alan \u015eaar ise T\u00fcrkiye\u2019yi bir \u00f6rnek olarak g\u00f6rd\u00fcklerini belirtip, &#8220;Hi\u00e7bir devlet, T\u00fcrkiye ve Suriye&#8217;nin birbirleri i\u00e7in yapt\u0131klar\u0131ndan fazlas\u0131n\u0131 yapamayacakt\u0131r. Biz \u00f6n\u00fcm\u00fczdeki ku\u015faklar i\u00e7in bunu ger\u00e7ekle\u015ftirmeliyiz. Her \u015feyde ortakl\u0131k sa\u011flanmal\u0131. K\u00fclt\u00fcrel, sosyal, ekonomik, sanayi ve \u00fcretim alanlar\u0131na kadar uzanmal\u0131y\u0131z. T\u00fcrkiye&#8217;nin tecr\u00fcbesi bizim i\u00e7in mucize diye nitelendirdi\u011fimiz bir tecr\u00fcbedir&#8221; dedi. K\u00fc\u00e7\u00fck ve orta \u00f6l\u00e7ekli \u015firketlerden ba\u015flay\u0131p b\u00fcy\u00fck projelere ge\u00e7eceklerini anlatan \u015eaar, &#8220;Biz T\u00fcrk ekonomisine ve T\u00fcrk i\u015f insanlar\u0131na g\u00fcveniyoruz. \u00d6zellikle de yat\u0131r\u0131m alan\u0131ndaki tecr\u00fcbelerine g\u00fcveniyoruz&#8221; ifadelerini kulland\u0131.<\/p>\n","protected":false},"excerpt":{"rendered":"<p>T\u00fcrkiye Odalar ve Borsalar Birli\u011fi\u2019nde d\u00fczenlenen T\u00fcrkiye \u2013 Suriye Yuvarlak Masa Toplant\u0131s\u0131\u2019nda Mersin Ticaret ve Sanayi Odas\u0131 ile Lazkiye Ticaret Odas\u0131 aras\u0131nda ticareti geli\u015ftirmeye y\u00f6nelik i\u015fbirli\u011fi protokol\u00fc imzaland\u0131. \u0130ki kent &hellip; <a href=\"https:\/\/akdenizolaygazetesi.com\/?p=35964\" class=\"more-link\">Devam\u0131n\u0131 Oku&#8230;<\/a><\/p>\n","protected":false},"author":2,"featured_media":35965,"comment_status":"open","ping_status":"open","sticky":false,"template":"","format":"standard","meta":[],"categories":[1,2,3],"tags":[],"_links":{"self":[{"href":"https:\/\/akdenizolaygazetesi.com\/index.php?rest_route=\/wp\/v2\/posts\/35964"}],"collection":[{"href":"https:\/\/akdenizolaygazetesi.com\/index.php?rest_route=\/wp\/v2\/posts"}],"about":[{"href":"https:\/\/akdenizolaygazetesi.com\/index.php?rest_route=\/wp\/v2\/types\/post"}],"author":[{"embeddable":true,"href":"https:\/\/akdenizolaygazetesi.com\/index.php?rest_route=\/wp\/v2\/users\/2"}],"replies":[{"embeddable":true,"href":"https:\/\/akdenizolaygazetesi.com\/index.php?rest_route=%2Fwp%2Fv2%2Fcomments&post=35964"}],"version-history":[{"count":1,"href":"https:\/\/akdenizolaygazetesi.com\/index.php?rest_route=\/wp\/v2\/posts\/35964\/revisions"}],"predecessor-version":[{"id":35966,"href":"https:\/\/akdenizolaygazetesi.com\/index.php?rest_route=\/wp\/v2\/posts\/35964\/revisions\/35966"}],"wp:featuredmedia":[{"embeddable":true,"href":"https:\/\/akdenizolaygazetesi.com\/index.php?rest_route=\/wp\/v2\/media\/35965"}],"wp:attachment":[{"href":"https:\/\/akdenizolaygazetesi.com\/index.php?rest_route=%2Fwp%2Fv2%2Fmedia&parent=35964"}],"wp:term":[{"taxonomy":"category","embeddable":true,"href":"https:\/\/akdenizolaygazetesi.com\/index.php?rest_route=%2Fwp%2Fv2%2Fcategories&post=35964"},{"taxonomy":"post_tag","embeddable":true,"href":"https:\/\/akdenizolaygazetesi.com\/index.php?rest_route=%2Fwp%2Fv2%2Ftags&post=35964"}],"curies":[{"name":"wp","href":"https:\/\/api.w.org\/{rel}","templated":true}]}}